{"id":1458,"date":"2021-05-07T07:20:04","date_gmt":"2021-05-07T05:20:04","guid":{"rendered":"http:\/\/www.infokuryr.cz\/n\/?p=1458"},"modified":"2021-05-07T07:20:04","modified_gmt":"2021-05-07T05:20:04","slug":"zadost-o-poskytnuti-informaci-dle-zakona-c-106-1999-sb","status":"publish","type":"post","link":"https:\/\/www.infokuryr.cz\/n\/2021\/05\/07\/zadost-o-poskytnuti-informaci-dle-zakona-c-106-1999-sb\/","title":{"rendered":"\u017d\u00e1dost o poskytnut\u00ed informac\u00ed dle z\u00e1kona \u010d. 106\/1999 Sb."},"content":{"rendered":"<div id=\"fb-root\"><\/div>\n<p><strong>K ruk\u00e1m MUDr. Milana Kubka,\u00a0prezidenta \u010cLK.<\/strong><\/p>\n<p>V\u00e1\u017een\u00fd pane prezidente \u010cLK,<\/p>\n<p>t\u00edmto V\u00e1s \u017e\u00e1d\u00e1m o neprodlen\u00e9 poskytnut\u00ed informac\u00ed na z\u00e1klad\u011b pr\u00e1va vyj\u00e1d\u0159en\u00e9ho z\u00e1konem \u010d. 106\/1999 Sb., tedy Z\u00e1konem o svobodn\u00e9m p\u0159\u00edstupu k informac\u00edm &#8211; konkr\u00e9tn\u011b\u00a0\u00a7 2 Povinnost poskytovat informace,\u00a0odstavec\u00a0(1)\u00a0Povinn\u00fdmi subjekty, kter\u00e9 maj\u00ed podle tohoto z\u00e1kona povinnost poskytovat informace vztahuj\u00edc\u00ed se k jejich p\u016fsobnosti, jsou st\u00e1tn\u00ed org\u00e1ny, \u00fazemn\u00ed samospr\u00e1vn\u00e9 celky a jejich org\u00e1ny a ve\u0159ejn\u00e9 instituce.<\/p>\n<p><strong>M\u00e1m celkem 5 dotaz\u016f, na kter\u00e9 \u017e\u00e1d\u00e1m odpov\u011bdi:<\/strong><\/p>\n<p>1) \u017d\u00e1d\u00e1m o p\u0159edlo\u017een\u00ed v\u011bdeck\u00e9 studie prokazuj\u00edc\u00ed izolaci a purifikaci viru SARS-CoV-2 z lidsk\u00e9 bytosti.<\/p>\n<p>2) \u017d\u00e1d\u00e1m o p\u0159edlo\u017een\u00ed ov\u011b\u0159en\u00fdch v\u011bdeck\u00fdch d\u016fkaz\u016f prokazuj\u00edc\u00edch, \u017ee onemocn\u011bn\u00ed COVID-19 je zp\u016fsobeno virem SARS-CoV-2.<\/p>\n<p>3) \u017d\u00e1d\u00e1m o p\u0159edlo\u017een\u00ed d\u016fkazu, \u017ee antigenn\u00ed a PCR testy pou\u017e\u00edvan\u00e9 na \u00fazem\u00ed \u010cR, prokazateln\u011b a jednozna\u010dn\u011b detekuj\u00ed p\u0159\u00edtomnost &#8222;\u017eiv\u00e9ho&#8220; viru v t\u011ble testovan\u00e9ho subjektu. Jinak jsou omezen\u00ed na lidsk\u00fdch pr\u00e1vech voln\u00e9ho pohybu poru\u0161en\u00edm Norimbersk\u00fdch z\u00e1kon\u016f a tud\u00ed\u017e z\u00e1va\u017en\u00fdm zlo\u010dinem proti lidskosti.<\/p>\n<p>4) \u017d\u00e1d\u00e1m o p\u0159edlo\u017een\u00ed v\u011bdeck\u00e9 studie jednozna\u010dn\u011b prokazuj\u00edc\u00ed metody p\u0159enosu onemocn\u011bn\u00ed COVID-19<\/p>\n<p>5) \u017d\u00e1d\u00e1m o p\u0159edlo\u017een\u00ed v\u011bdeck\u00e9 studie jednozna\u010dn\u011b prokazuj\u00edc\u00ed asymptomatick\u00fd p\u0159enos viru SARS-CoV-2 = d\u016fkaz n\u00e1kazy od zdrav\u00e9ho \u010dlov\u011bka, kter\u00fd m\u00e1 pozitivn\u00ed PCR test.<\/p>\n<p>Odpov\u011bdi pln\u011b posta\u010d\u00ed elektronicky &#8211; odpov\u011bd\u00ed na tento mail. V p\u0159\u00edpad\u011b rozs\u00e1hlej\u0161\u00edch p\u0159\u00edloh, pros\u00edm o sd\u00edlen\u00ed odkazu na sta\u017een\u00ed po\u017eadovan\u00fdch dokument\u016f.<\/p>\n<p>S p\u0159\u00e1telsk\u00fdm pozdravem,<\/p>\n<p>Daniel Albrecht<\/p>\n<p>&nbsp;<\/p>\n<p>&nbsp;<\/p>\n","protected":false},"excerpt":{"rendered":"<p>K ruk\u00e1m MUDr. Milana Kubka,\u00a0prezidenta \u010cLK. V\u00e1\u017een\u00fd pane prezidente \u010cLK, t\u00edmto V\u00e1s \u017e\u00e1d\u00e1m o neprodlen\u00e9&#8230;<\/p>\n","protected":false},"author":2,"featured_media":1459,"comment_status":"closed","ping_status":"closed","sticky":false,"template":"","format":"standard","meta":[],"categories":[6],"tags":[23,219,48,46,21],"_links":{"self":[{"href":"https:\/\/www.infokuryr.cz\/n\/wp-json\/wp\/v2\/posts\/1458"}],"collection":[{"href":"https:\/\/www.infokuryr.cz\/n\/wp-json\/wp\/v2\/posts"}],"about":[{"href":"https:\/\/www.infokuryr.cz\/n\/wp-json\/wp\/v2\/types\/post"}],"author":[{"embeddable":true,"href":"https:\/\/www.infokuryr.cz\/n\/wp-json\/wp\/v2\/users\/2"}],"replies":[{"embeddable":true,"href":"https:\/\/www.infokuryr.cz\/n\/wp-json\/wp\/v2\/comments?post=1458"}],"version-history":[{"count":0,"href":"https:\/\/www.infokuryr.cz\/n\/wp-json\/wp\/v2\/posts\/1458\/revisions"}],"wp:featuredmedia":[{"embeddable":true,"href":"https:\/\/www.infokuryr.cz\/n\/wp-json\/wp\/v2\/media\/1459"}],"wp:attachment":[{"href":"https:\/\/www.infokuryr.cz\/n\/wp-json\/wp\/v2\/media?parent=1458"}],"wp:term":[{"taxonomy":"category","embeddable":true,"href":"https:\/\/www.infokuryr.cz\/n\/wp-json\/wp\/v2\/categories?post=1458"},{"taxonomy":"post_tag","embeddable":true,"href":"https:\/\/www.infokuryr.cz\/n\/wp-json\/wp\/v2\/tags?post=1458"}],"curies":[{"name":"wp","href":"https:\/\/api.w.org\/{rel}","templated":true}]}}