{"id":14566,"date":"2022-09-04T06:38:47","date_gmt":"2022-09-04T04:38:47","guid":{"rendered":"http:\/\/www.infokuryr.cz\/n\/?p=14566"},"modified":"2022-09-04T06:38:47","modified_gmt":"2022-09-04T04:38:47","slug":"protesty-v-praze-se-100-000-ucastniky-bereme-nasi-zemi-zpet","status":"publish","type":"post","link":"https:\/\/www.infokuryr.cz\/n\/2022\/09\/04\/protesty-v-praze-se-100-000-ucastniky-bereme-nasi-zemi-zpet\/","title":{"rendered":"Protesty v Praze se 100 000 \u00fa\u010dastn\u00edky: &#8222;Bereme na\u0161i zemi zp\u011bt!&#8220;"},"content":{"rendered":"<div id=\"fb-root\"><\/div>\n<div class=\"ArticleView-summary\"><\/div>\n<p>Demonstranti na V\u00e1clavsk\u00e9m n\u00e1m\u011bst\u00ed v Praze vyzvali vl\u00e1du k demisi.\u00a0Protesty podpo\u0159ila inflace, ceny energi\u00ed a obavy z hroz\u00edc\u00ed deindustrializace. \u010cesk\u00fd premi\u00e9r Fiala vid\u00ed jen rusk\u00e9 dezinformace.<\/p>\n<p>Na velk\u00e9m shrom\u00e1\u017ed\u011bn\u00ed na pra\u017esk\u00e9m V\u00e1clavsk\u00e9m n\u00e1m\u011bst\u00ed v\u00edce ne\u017e 70 000 \u00fa\u010dastn\u00edk\u016f podle ofici\u00e1ln\u00edch \u00fadaj\u016f, ale 100 000 podle organiz\u00e1tor\u016f vyzvalo k demisi vl\u00e1dy. Demonstrace se konala pouh\u00fd den <a href=\"https:\/\/www.finanzen.net\/nachricht\/aktien\/regierung-im-eu-vorsitzland-tschechien-uebersteht-misstrauensvotum-11681263\">pot\u00e9<\/a> , co v \u010desk\u00e9m parlamentu neusp\u011bl n\u00e1vrh na vysloven\u00ed ned\u016fv\u011bry vl\u00e1d\u011b premi\u00e9ra Petra Fialy.<\/p>\n<p>Nejv\u011bt\u0161\u00ed opozi\u010dn\u00ed strana ANO se neozvala.\u00a0Za shrom\u00e1\u017ed\u011bn\u00edm st\u00e1la aliance\u00a0<a href=\"https:\/\/deutsch.radio.cz\/gegner-der-regierung-demonstrierten-prag-8760481\">od<\/a>\u00a0konzervativc\u016f po komunistickou stranu .\u00a0Hlavn\u00edm spou\u0161t\u011b\u010dem protest\u016f bude pravd\u011bpodobn\u011b ekonomick\u00e1 situace v zemi.\u00a0V \u010cesk\u00e9 republice\u00a0<a href=\"https:\/\/www.vorwaerts.de\/artikel\/inflation-tschechien-viel-frust-regierung\">je<\/a>\u00a0inflace 17,2 procenta.\u00a0Inflaci netahaj\u00ed jen ceny energi\u00ed, ale v\u00fdrazn\u011b vzrostly i ceny potravin.<\/p>\n<p>\u010cesk\u00e1 republika m\u00e1 ve srovn\u00e1n\u00ed se sousedn\u00edmi zem\u011bmi st\u00e1le pom\u011brn\u011b velk\u00fd pr\u016fmysl, jako jsou \u0160kodovky, kter\u00e9 dnes pat\u0159\u00ed do koncernu Volkswagen, a chemick\u00fd pr\u016fmysl.\u00a0Existence tohoto odv\u011btv\u00ed je stejn\u011b jako v N\u011bmecku ohro\u017eena nedostatkem energie.\u00a0Pokud se nav\u00edc zem\u011b, kter\u00e1 nem\u00e1 spojen\u00ed s mo\u0159em, obejde bez ropy a plynu z Ruska, bude v dod\u00e1vk\u00e1ch energie zcela z\u00e1visl\u00e1 na dobr\u00e9 v\u016fli sv\u00fdch soused\u016f.\u00a0\u010cesk\u00e1 republika s 11 miliony obyvatel nav\u00edc p\u0159ijala 400 000 uprchl\u00edk\u016f z Ukrajiny.<\/p>\n<p>Vl\u00e1da v Praze pln\u011b podporuje sm\u011b\u0159ov\u00e1n\u00ed EU.\u00a0Je to vid\u011bt i na\u00a0<a href=\"https:\/\/www.seznamzpravy.cz\/clanek\/domaci-politika-je-nejvyssi-cas-demonstranti-se-sjizdeji-na-protest-proti-vlade-213178\">reakci<\/a>\u00a0\u010desk\u00e9ho premi\u00e9ra na protesty.\u00a0&#8222;Je jasn\u00e9, \u017ee se na na\u0161em \u00fazem\u00ed opakovan\u011b objevuj\u00ed rusk\u00e9 propagandistick\u00e9 a dezinforma\u010dn\u00ed kampan\u011b a n\u011bkte\u0159\u00ed jim prost\u011b podlehnou,&#8220; \u0159ekl Fiala.\u00a0Ministr vnitra V\u00edt Raku\u0161an za protestem nevid\u011bl zvy\u0161uj\u00edc\u00ed se materi\u00e1ln\u00ed nouzi, ale sp\u00ed\u0161e Putina.\u00a0&#8222;Rozd\u011blen\u00ed spole\u010dnosti je jedn\u00edm z c\u00edl\u016f hybridn\u00ed v\u00e1lky, se kterou se pot\u00fdk\u00e1me. Nem\u016f\u017eeme to dopustit. Proto pracujeme na \u0159e\u0161en\u00edch, kter\u00e1 zm\u00edrn\u00ed obavy lid\u00ed z budoucnosti. Ale tato \u0159e\u0161en\u00ed nejsou le\u017eet bl\u00ed\u017ee k Putinovu Rusku, nesouhlas\u00edm s \u0159e\u010dn\u00edky.&#8220;<\/p>\n<p>Podle organiz\u00e1tor\u016f by ka\u017ed\u00e1 \u010desk\u00e1 dom\u00e1cnost m\u011bla m\u00edt n\u00e1rok na t\u0159i megawatthodiny elekt\u0159iny zdarma.\u00a0Nav\u00edc jedn\u00edm z po\u017eadavk\u016f aliance bylo, aby jej\u00ed z\u00e1stupci byli opr\u00e1vn\u011bni uzav\u00edrat smlouvy o dod\u00e1vk\u00e1ch energi\u00ed.<\/p>\n<p>&#8222;Bereme si na\u0161i zemi zp\u011bt,&#8220; \u0159ekli na za\u010d\u00e1tku shrom\u00e1\u017ed\u011bn\u00ed, kter\u00e9 trvalo t\u0159i a p\u016fl hodiny.\u00a0V\u00fdzva k shrom\u00e1\u017ed\u011bn\u00ed byla tak\u00e9 o vojensk\u00e9 neutralit\u011b a ztr\u00e1t\u011b suverenity nadn\u00e1rodn\u00edch struktur.\u00a0&#8222;\u010cesk\u00e1 republika se mus\u00ed osvobodit od p\u0159\u00edm\u00e9 politick\u00e9 pod\u0159\u00edzenosti EU, WHO a OSN,&#8220; stoj\u00ed ve v\u00fdzv\u011b.<\/p>\n<p>&#8222;Pokud vl\u00e1da nepod\u00e1 demisi do 25. z\u00e1\u0159\u00ed,&#8220;\u00a0<a href=\"https:\/\/zpravy.aktualne.cz\/domaci\/na-trihodinovy-protest-proti-vlade-prislo-podle-policie-asi\/r~f65448e62ba211eda3c0ac1f6b220ee8\/\">\u0159\u00edkaj\u00ed<\/a>\u00a0organiz\u00e1to\u0159i , &#8222;vyhl\u00e1s\u00edme v souladu s \u00fastavou \u010cR pr\u00e1vo protestovat na celost\u00e1tn\u00ed demonstraci a vyhl\u00e1s\u00edme opat\u0159en\u00ed k vynucen\u00ed demise. Ji\u017e jedn\u00e1me s obchodem odbory, firmy, zem\u011bd\u011blci, starostov\u00e9, dopravci a dal\u0161\u00ed organizace vyhl\u00e1sit st\u00e1vku,\u201c varovali.<\/p>\n<p><em>Foto: \u00a0AP \u00a9 Petr David Josek<\/em><\/p>\n<p><img decoding=\"async\" loading=\"lazy\" class=\"alignnone size-full wp-image-1185\" src=\"http:\/\/www.infokuryr.cz\/n\/wp-content\/uploads\/2021\/04\/kuryr-podpis.png\" alt=\"\" width=\"84\" height=\"24\" \/><\/p>\n<p>&nbsp;<\/p>\n","protected":false},"excerpt":{"rendered":"<p>Demonstranti na V\u00e1clavsk\u00e9m n\u00e1m\u011bst\u00ed v Praze vyzvali vl\u00e1du k demisi.\u00a0Protesty podpo\u0159ila inflace, ceny energi\u00ed a&#8230;<\/p>\n","protected":false},"author":2,"featured_media":14567,"comment_status":"closed","ping_status":"closed","sticky":false,"template":"","format":"standard","meta":[],"categories":[6],"tags":[371,234,95,99],"_links":{"self":[{"href":"https:\/\/www.infokuryr.cz\/n\/wp-json\/wp\/v2\/posts\/14566"}],"collection":[{"href":"https:\/\/www.infokuryr.cz\/n\/wp-json\/wp\/v2\/posts"}],"about":[{"href":"https:\/\/www.infokuryr.cz\/n\/wp-json\/wp\/v2\/types\/post"}],"author":[{"embeddable":true,"href":"https:\/\/www.infokuryr.cz\/n\/wp-json\/wp\/v2\/users\/2"}],"replies":[{"embeddable":true,"href":"https:\/\/www.infokuryr.cz\/n\/wp-json\/wp\/v2\/comments?post=14566"}],"version-history":[{"count":0,"href":"https:\/\/www.infokuryr.cz\/n\/wp-json\/wp\/v2\/posts\/14566\/revisions"}],"wp:featuredmedia":[{"embeddable":true,"href":"https:\/\/www.infokuryr.cz\/n\/wp-json\/wp\/v2\/media\/14567"}],"wp:attachment":[{"href":"https:\/\/www.infokuryr.cz\/n\/wp-json\/wp\/v2\/media?parent=14566"}],"wp:term":[{"taxonomy":"category","embeddable":true,"href":"https:\/\/www.infokuryr.cz\/n\/wp-json\/wp\/v2\/categories?post=14566"},{"taxonomy":"post_tag","embeddable":true,"href":"https:\/\/www.infokuryr.cz\/n\/wp-json\/wp\/v2\/tags?post=14566"}],"curies":[{"name":"wp","href":"https:\/\/api.w.org\/{rel}","templated":true}]}}