{"id":14560,"date":"2022-09-04T06:01:30","date_gmt":"2022-09-04T04:01:30","guid":{"rendered":"http:\/\/www.infokuryr.cz\/n\/?p=14560"},"modified":"2022-09-04T06:19:23","modified_gmt":"2022-09-04T04:19:23","slug":"plna-verze-projevu-vladimiry-vitove-v-praze-na-demonstraci-proti-vlade-dne-3-9-2022","status":"publish","type":"post","link":"https:\/\/www.infokuryr.cz\/n\/2022\/09\/04\/plna-verze-projevu-vladimiry-vitove-v-praze-na-demonstraci-proti-vlade-dne-3-9-2022\/","title":{"rendered":"Pln\u00e1 verze projevu Vladim\u00edry V\u00edtov\u00e9 v\u00a0Praze na demonstraci proti vl\u00e1d\u011b, dne 3.9.2022"},"content":{"rendered":"<div id=\"fb-root\"><\/div>\n<p><strong>V\u00e1\u017een\u00ed spoluob\u010dan\u00e9!<\/strong><\/p>\n<p><strong>Politick\u00e1 sc\u00e9na<\/strong> jak v na\u0161\u00ed zemi, tak i v Evrop\u011b ji\u017e nen\u00ed rozd\u011blena na konzervativce a liber\u00e1ly, na pravici a levici, ale na slouhy Bruselu a ty, kte\u0159\u00ed slou\u017eit odm\u00edtaj\u00ed. A to jsme my!!!!!<\/p>\n<p><strong>V\u00a0\u010dele EU<\/strong> a evropsk\u00fdch protost\u00e1t\u016f stoj\u00ed jen loutky nadn\u00e1rodn\u00edho kapit\u00e1lu. Z d\u0159\u00edv\u011bj\u0161\u00edch st\u00e1tn\u00edk\u016f se stali pouz\u00ed m\u00edstodr\u017e\u00edc\u00ed bruselsk\u00e9 centr\u00e1ly, Washingtonu nebo oboj\u00edho.<\/p>\n<p><strong>V\u011bt\u0161ina sou\u010dasn\u00fdch evropsk\u00fdch vl\u00e1d<\/strong> arogantn\u00edch lobbist\u016f a polovzd\u011blan\u00fdch v\u00e1le\u010dn\u00edk\u016f vede Evropu do katastrofy. Nen\u00ed to ale proto, \u017ee by skute\u010dn\u00ed hybatel\u00e9 evropsk\u00e9 politiky byli hloup\u00ed nebo bezradn\u00ed. Jsou jen zkorumpovan\u00ed, ale p\u0159esn\u011b v\u011bd\u00ed, co d\u011blaj\u00ed. Evrop\u0161t\u00ed a \u010de\u0161t\u00ed vl\u00e1dn\u00ed a parlamentn\u00ed \u010dinitel\u00e9 realizuj\u00ed sc\u00e9n\u00e1\u0159, kter\u00fd je sou\u010d\u00e1st\u00ed pl\u00e1nu EU na jej\u00ed deindustrializaci\u00a0 &#8211; deindustrializaci Evropy &#8211;\u00a0 jedn\u00e9 z energeticky nejefektivn\u011bj\u0161\u00edch pr\u016fmyslov\u00fdch koncentrac\u00ed na planet\u011b. Toto je Zelen\u00e1 agenda OSN 2030, jinak zn\u00e1m\u00e1 jako Velk\u00fd reset Klause Schwaba \u2013 kter\u00fd m\u00e1 v\u00a0pl\u00e1nu NEEXISTENCI soukrom\u00e9ho vlastnictv\u00ed, proto\u017ee v\u0161e maj\u00ed vlastnit nadn\u00e1rodn\u00ed korporace. A mana\u017ee\u0159i t\u011bchto korporac\u00ed maj\u00ed \u0159\u00eddit st\u00e1ty p\u0159\u00edmo, bez politick\u00fdch stran.<\/p>\n<p><strong>Trh EU<\/strong> s plynem je c\u00edlen\u011b deregulov\u00e1n. Ji\u017e p\u0159ed dvaceti lety za\u010dala EK, podporovan\u00e1 megabankami\u00a0 a velk\u00fdmi spekulativn\u00edmi hedgeov\u00e9 fondy, kl\u00e1st z\u00e1klady pro to, co bylo propagov\u00e1no jako \u201eliberalizace\u201c trhu EU se zemn\u00edm plynem. A nyn\u00ed to umo\u017e\u0148uje neregulovan\u00e9 obchodov\u00e1n\u00ed\u00a0 na voln\u00e9m trhu nam\u00edsto\u00a0 dlouhodob\u00fdch smluv.<\/p>\n<p><strong>Asi r. 2010<\/strong> za\u010dala EU prosazovat radik\u00e1ln\u00ed zm\u011bnu pravidel stanovov\u00e1n\u00ed cen zemn\u00edho plynu.\u00a0 Do t\u00e9 doby byla cena plynu stanovena v\u00a0 dlouhodob\u00fdch smlouv\u00e1ch na dod\u00e1vku plynovodem.<\/p>\n<p><strong>Co se t\u00fd\u010de ropy,<\/strong> tak hned po 2. sv\u011btov\u00e9 v\u00e1lce sedm anglo-americk\u00fdch ropn\u00fdch gigant\u016f vytvo\u0159ilo glob\u00e1ln\u00ed monopol na ceny ropy. Henry Kissinger b\u011bhem v 70. letech sd\u011blil: \u201eovl\u00e1dejte ropu a ovl\u00e1d\u00e1te cel\u00e9 n\u00e1rody\u201c. Od 80. let\u00a0 velk\u00e9 banky\u00a0 tvo\u0159\u00ed nov\u00fd trh s\u00a0tzv. \u201epap\u00edrovou ropou\u201c\u00a0 nebo obchodov\u00e1n\u00edm s futures a deriv\u00e1ty budouc\u00edch ropn\u00fdch barel\u016f. Jin\u00fdmi slovy \u2013 zaplat\u00ed se ihned \u2013 dod\u00e1 se a\u017e n\u011bkdy potom. V\u0161e ovl\u00e1d\u00e1 hrstka obrovsk\u00fdch bank v New Yorku a City of London.<\/p>\n<p><strong>A \u00fapln\u011b stejn\u011b<\/strong> se vytvo\u0159il globalizovan\u00fd trh s\u00a0tzv. \u201epap\u00edrov\u00fdm plynem\u201c. Tuto hru EU provozuj\u00ed velk\u00e9 banky, kter\u00e9 kontroluj\u00ed politiku v\u00a0Bruselu &#8211; a vytvo\u0159ily nov\u00fd nez\u00e1visl\u00fd cenov\u00fd syst\u00e9m paraleln\u00ed s dlouhodob\u00fdmi stabiln\u00edmi cenami rusk\u00e9ho plynovodu, kter\u00fd doposud nekontrolovali.<\/p>\n<p><strong>EK a jej\u00ed\u00a0 agenda<\/strong> Green Deal\u00a0 zcela z\u00e1m\u011brn\u011b vede odstran\u011bn\u00edm ropy, plynu a uheln\u00fdch paliv k explozivn\u00edmu n\u00e1r\u016fstu cen.<\/p>\n<p><strong>Loutky EU<\/strong> &#8211; kter\u00e9 jsou ozna\u010dov\u00e1ny za politiky &#8211;\u00a0 se n\u00e1m sna\u017e\u00ed skrze m\u00e9dia vsugerovat, \u017ee se klasick\u00e9 politick\u00e9 strany \u2013 kter\u00e9 reprezentovaly\u00a0 konzervatizmus nebo demokratick\u00fd socializmus p\u0159e\u017eily.<\/p>\n<p><strong>Klasick\u00e9 n\u00e1zvy<\/strong> jednotliv\u00fdch politick\u00fdch subjekt\u016f \/ stran, kter\u00e9 d\u0159\u00edve vyjad\u0159ovaly z\u00e1sadn\u00ed ideovou orientaci, vy\u0161ly z m\u00f3dy a v\u00edce m\u00e9n\u011b zmizely. A na jejich m\u00edsto nastoupily tzv. politick\u00e9 strany, kter\u00e9 v\u0161ak maj\u00ed v 90 %\u00a0 \u00fapln\u011b stejn\u00e9 programy a v\u0161echny jsou prounijn\u00ed anebo cht\u011bj\u00ed alespo\u0148 voln\u00fd pohyb osob, slu\u017eeb, zbo\u017e\u00ed a kapit\u00e1lu, co\u017e je ale podstata fungov\u00e1n\u00ed EU \u2013 tak\u017ee se jedn\u00e1 o naprost\u00fd protimluv.<\/p>\n<p><strong>Programy 90% politick\u00fdch stran<\/strong> se li\u0161\u00ed jen v\u00a0detailech, ale v\u0161echny cht\u011bj\u00ed udr\u017eet st\u00e1vaj\u00edc\u00ed liber\u00e1ln\u00ed a kapitalistick\u00fd syst\u00e9m.\u00a0 Ostatn\u011b tento jedin\u00fd model uspo\u0159\u00e1d\u00e1n\u00ed spole\u010dnosti a jej\u00ed ekonomiky mus\u00ed m\u00edt \u2013 na z\u00e1klad\u011b smlouvy \u2013 ka\u017ed\u00e1 zem\u011b, kter\u00e1 je \u010dlenem EU!<\/p>\n<p><strong>Proto v\u00e1m m\u00e9dia v\u017edy p\u0159edkl\u00e1daj\u00ed le\u017e<\/strong> \u010d. 1 nap\u0159\u00edklad ODS a le\u017e \u010d. 2 nap\u0159\u00edklad ANO \u2013 a tvrd\u00ed o nich, \u017ee jsou rozd\u00edln\u00e9. Ale nejsou! Skute\u010dnou opozici v\u00a0TV ani v\u00a0mnoh\u00fdch tzv. alternativn\u00edch m\u00e9di\u00edch v\u016fbec neuvid\u00edte. Skute\u010dn\u00e1 opozice je toti\u017e antisyst\u00e9mov\u00e1, a proto nen\u00ed ze strany m\u00e9di\u00ed a EU pra\u017e\u00e1dn\u00fd z\u00e1jem, aby n\u011bkdo v\u016fbec v\u011bd\u011bl, \u017ee takov\u00e9 politick\u00e9 strany existuj\u00ed! Proto jsou marginalizov\u00e1ny a zesm\u011b\u0161\u0148ov\u00e1ny!<\/p>\n<p><strong>Jedn\u00edm z \u00fast\u0159edn\u00edch po\u017eadavk\u016f<\/strong> Tom\u00e1\u0161e G. Masaryka na politick\u00e9 strany a ka\u017ed\u00e9ho jednotlivce byla nutnost autenticity. Napsal: \u201eA\u0165 jste \u010d\u00edmkoliv, bu\u010fte t\u00edm skute\u010dn\u011b a up\u0159\u00edmn\u011b.\u201c<\/p>\n<p><strong>Dne\u0161n\u00ed demonstrace<\/strong> d\u00e1v\u00e1 nad\u011bji na vzk\u0159\u00ed\u0161en\u00ed ideov\u011b-politick\u00e9ho sm\u011bru, kter\u00fd programov\u011b <strong>spoj\u00ed z\u00e1sadn\u00ed hodnoty zakladatel\u016f modern\u00edho \u010deskoslovensk\u00e9ho st\u00e1tu: respekt, tolerance, m\u00edr, suverenita, svoboda a l\u00e1ska k\u00a0vlasti<\/strong>!<\/p>\n<p><strong>Dnes nejde ji\u017e o probuzen\u00ed hrdosti<\/strong> <strong>a sebe\u00facty<\/strong>, ale o zachov\u00e1n\u00ed na\u0161\u00ed st\u00e1tn\u00ed a n\u00e1rodn\u00ed existence, kter\u00e1 je ohro\u017eena stejn\u011b jako b\u011bhem druh\u00e9 sv\u011btov\u00e9 v\u00e1lky. Prozat\u00edm &#8211; nikoliv fyzickou &#8211; ale kulturn\u00ed, soci\u00e1ln\u00ed, ekonomickou a energetickou likvidac\u00ed.<\/p>\n<p><strong>M\u011bli bychom okam\u017eit\u011b zvolit bulharskou cestu<\/strong>. V\u00a0Bulharsku \u2013 na z\u00e1klad\u011b velk\u00fdch ob\u010dansk\u00fdch nepokoj\u016f &#8211; padla v\u00a0\u010dervnu leto\u0161n\u00edho roku proevropsk\u00e1 a protirusk\u00e1 vl\u00e1da, kter\u00e1 odpojila Bulharsko od rusk\u00e9ho plynu. A na jej\u00ed m\u00edsto nastoupila vl\u00e1da protievropsk\u00e1 a prorusk\u00e1, kter\u00e1 byla jmenov\u00e1na bulharsk\u00fdm prezidentem.<\/p>\n<p>Nov\u00e1 bulharsk\u00e1 vl\u00e1da ozn\u00e1mila, \u017ee dod\u00e1vky rusk\u00e9ho plynu do Bulharska jsou nevyhnuteln\u00e9, a obvinila p\u0159edchoz\u00ed vl\u00e1du z \u00famysln\u00e9ho po\u0161kozov\u00e1n\u00ed dobr\u00fdch vztah\u016f s Ruskem, a po\u017e\u00e1dala Rusko o pomoc v boji proti energetick\u00e9 chudob\u011b v nadch\u00e1zej\u00edc\u00ed zim\u011b.<\/p>\n<p>Bulharsk\u00fd prezident tak\u00e9 novou vl\u00e1du za\u00fakoloval, aby zabr\u00e1nila jak\u00e9mukoliv zapojen\u00ed Bulharska do konfliktu na Ukrajin\u011b!<\/p>\n<p>Tato nov\u00e1 vl\u00e1da v\u00a0Bulharsku zachr\u00e1nila sv\u016fj st\u00e1t p\u0159ed zni\u010den\u00edm a lid p\u0159ed katastrofou.<\/p>\n<p>________________________________________________<\/p>\n<p><strong>Tak\u017ee zachr\u00e1nit vlastn\u00ed zemi je mo\u017en\u00e9<\/strong> a my MUS\u00cdME zachr\u00e1nit na\u0161i \u010ceskou republiku, proto\u017ee, kdy\u017e to neud\u011bl\u00e1me my \u2013 nikdo jin\u00fd to za n\u00e1s neud\u011bl\u00e1!<\/p>\n<p><strong>Nem\u00e1me \u201eza p\u011bt minut dvan\u00e1ct\u201c<\/strong> \u2013 dvan\u00e1ct\u00e1 pr\u00e1v\u011b v t\u011bchto m\u011bs\u00edc\u00edch a dnech bije! Pokud neud\u011bl\u00e1me to, co na\u0161i bulhar\u0161t\u00ed slovan\u0161t\u00ed brat\u0159i, jsme na cest\u011b k diktatu\u0159e Made in EU.<\/p>\n<p><strong>O\u017eiven\u00ed skute\u010dn\u00fdch hodnot<\/strong> konzervatizmu, soci\u00e1ln\u00ed spravedlnosti, m\u00edrov\u00e9ho \u00fasil\u00ed, politiky v\u0161ech azimut\u016f a svobody pot\u0159ebujeme v\u00edc ne\u017e kdy jindy. Tento krok by na\u0161emu n\u00e1rodu dal jedine\u010dnou historickou p\u0159\u00edle\u017eitost st\u00e1t se skute\u010dn\u00fdm subjektem budouc\u00ed evropsk\u00e9 historie mimo bruselsk\u00fd dikt\u00e1t a washingtonsk\u00fd dirigizmus.<\/p>\n<p><strong>\u201eBoj proti terorizmu\u201c<\/strong>, covidov\u00e1 \u201epandemie\u201c a ukrajinsk\u00e1 trag\u00e9die funguj\u00ed podle sc\u00e9n\u00e1\u0159e t\u011bch kruh\u016f, kter\u00e9 podlehly iluzi o sv\u00e9 vlastn\u00ed\u00a0 v\u0161emohoucnosti. Dne\u0161n\u00ed den ale d\u00e1v\u00e1 nad\u011bji, \u017ee se zm\u00fdlily.<\/p>\n<p><strong>Vladim\u00edra V\u00edtov\u00e1, Praha, ANS \/ Petr Schnur, Hannover, N\u011bmecko, \u010cesk\u00e9 m\u00edrov\u00e9 f\u00f3rum<\/strong><\/p>\n<p><img decoding=\"async\" loading=\"lazy\" class=\"alignnone size-medium wp-image-9908\" src=\"http:\/\/www.infokuryr.cz\/n\/wp-content\/uploads\/2022\/04\/ANS-300x169.png\" alt=\"\" width=\"300\" height=\"169\" srcset=\"https:\/\/www.infokuryr.cz\/n\/wp-content\/uploads\/2022\/04\/ANS-300x169.png 300w, https:\/\/www.infokuryr.cz\/n\/wp-content\/uploads\/2022\/04\/ANS-1024x576.png 1024w, https:\/\/www.infokuryr.cz\/n\/wp-content\/uploads\/2022\/04\/ANS-768x432.png 768w, https:\/\/www.infokuryr.cz\/n\/wp-content\/uploads\/2022\/04\/ANS.png 1180w\" sizes=\"(max-width: 300px) 100vw, 300px\" \/><\/p>\n<p>&nbsp;<\/p>\n<p>&nbsp;<\/p>\n","protected":false},"excerpt":{"rendered":"<p>V\u00e1\u017een\u00ed spoluob\u010dan\u00e9! Politick\u00e1 sc\u00e9na jak v na\u0161\u00ed zemi, tak i v Evrop\u011b ji\u017e nen\u00ed rozd\u011blena&#8230;<\/p>\n","protected":false},"author":2,"featured_media":14565,"comment_status":"closed","ping_status":"closed","sticky":false,"template":"","format":"standard","meta":[],"categories":[6],"tags":[243,234,710,3212],"_links":{"self":[{"href":"https:\/\/www.infokuryr.cz\/n\/wp-json\/wp\/v2\/posts\/14560"}],"collection":[{"href":"https:\/\/www.infokuryr.cz\/n\/wp-json\/wp\/v2\/posts"}],"about":[{"href":"https:\/\/www.infokuryr.cz\/n\/wp-json\/wp\/v2\/types\/post"}],"author":[{"embeddable":true,"href":"https:\/\/www.infokuryr.cz\/n\/wp-json\/wp\/v2\/users\/2"}],"replies":[{"embeddable":true,"href":"https:\/\/www.infokuryr.cz\/n\/wp-json\/wp\/v2\/comments?post=14560"}],"version-history":[{"count":1,"href":"https:\/\/www.infokuryr.cz\/n\/wp-json\/wp\/v2\/posts\/14560\/revisions"}],"predecessor-version":[{"id":14564,"href":"https:\/\/www.infokuryr.cz\/n\/wp-json\/wp\/v2\/posts\/14560\/revisions\/14564"}],"wp:featuredmedia":[{"embeddable":true,"href":"https:\/\/www.infokuryr.cz\/n\/wp-json\/wp\/v2\/media\/14565"}],"wp:attachment":[{"href":"https:\/\/www.infokuryr.cz\/n\/wp-json\/wp\/v2\/media?parent=14560"}],"wp:term":[{"taxonomy":"category","embeddable":true,"href":"https:\/\/www.infokuryr.cz\/n\/wp-json\/wp\/v2\/categories?post=14560"},{"taxonomy":"post_tag","embeddable":true,"href":"https:\/\/www.infokuryr.cz\/n\/wp-json\/wp\/v2\/tags?post=14560"}],"curies":[{"name":"wp","href":"https:\/\/api.w.org\/{rel}","templated":true}]}}