{"id":14543,"date":"2022-09-04T04:50:14","date_gmt":"2022-09-04T02:50:14","guid":{"rendered":"http:\/\/www.infokuryr.cz\/n\/?p=14543"},"modified":"2022-09-04T04:50:14","modified_gmt":"2022-09-04T02:50:14","slug":"muslimsti-fotbaliste-bayernu-mnichov-se-odmitli-fotit-na-reklamu-sponzorskeho-pivovaru-s-pivem","status":"publish","type":"post","link":"https:\/\/www.infokuryr.cz\/n\/2022\/09\/04\/muslimsti-fotbaliste-bayernu-mnichov-se-odmitli-fotit-na-reklamu-sponzorskeho-pivovaru-s-pivem\/","title":{"rendered":"Muslim\u0161t\u00ed fotbalist\u00e9 Bayernu Mnichov se odm\u00edtli fotit na reklamu sponzorsk\u00e9ho pivovaru s pivem"},"content":{"rendered":"<div id=\"fb-root\"><\/div>\n<p>Pomineme-li fakt, \u017ee evropsk\u00fd sport ji\u017e p\u0159\u00edli\u0161 evropsk\u00fdm nen\u00ed (snad vyjma sport\u016f zimn\u00edch), tak v r\u016fzn\u00fdch z\u00e1padoevropsk\u00fdch t\u00fdmech najdeme i st\u00e1le v\u00edc muslim\u016f. N\u011bkter\u00e9 t\u00fdmy ji\u017e jako \u00falitbu sv\u00fdm muslimsk\u00fdm koleg\u016fm po \u00fasp\u011b\u0161n\u00e9 v\u00fdh\u0159e v n\u011bjak\u00e9m \u0161ampion\u00e1tu p\u0159ipij\u00ed d\u011btsk\u00fdm nealkoholick\u00fdm \u201esektem\u201c, jinde se pod\u0159izuj\u00ed ramad\u00e1nu a b\u011bhem z\u00e1pasu\u00a0<a href=\"https:\/\/necenzurovanapravda.cz\/2022\/04\/nemecky-fotbalovy-svaz-povoluje-muslimum-kvuli-ramadanu-prestavky-behem-utkani\/\">p\u0159eru\u0161uj\u00ed hru<\/a>\u00a0i tehdy, kdy to pravidla hry nepovoluj\u00ed a jinde akceptuj\u00ed odm\u00edtnut\u00ed propagovat v\u00fdrobky sponzora.<\/p>\n<p>V tomto kontextu nech\u00e1pu, pro\u010d nepropaguj\u00ed nap\u0159\u00edklad nealkoholick\u00e9 pivo, kter\u00e9 je dnes v produkci drtiv\u00e9 v\u011bt\u0161iny pivovar\u016f. P\u0159\u00edpadn\u011b lze pivovaru navrhnout, aby p\u0159e\u0161el nap\u0159\u00edklad ke sponzorstv\u00ed hokejov\u00fdch t\u00fdm\u016f, kter\u00e9 zat\u00edm nejsou takto multikulturn\u00ed. S tempem, jak\u00fdm je N\u011bmecko islamizov\u00e1no, se m\u016f\u017ee st\u00e1t, \u017ee za p\u00e1r let nebude tu sklenici s pivem dr\u017eet ani jeden fotbalista\u2026.<\/p>\n<p><a href=\"https:\/\/www.fdesouche.com\/2022\/09\/03\/football-sadio-mane-et-noussair-mazraoui-joueurs-du-bayern-munich-refusent-de-poser-avec-une-biere-de-leur-sponsor-au-nom-de-leur-foi\/\">Jako ka\u017ed\u00fd rok<\/a>, na za\u010d\u00e1tku sez\u00f3ny, hr\u00e1\u010di Bayernu Mnichov p\u00f3zuj\u00ed pro ofici\u00e1ln\u00ed fotografii propaguj\u00edc\u00ed zna\u010dku Paulaner (n\u011bmeck\u00e9 pivo a pivovar), kter\u00e1 sponzoruje mnichovsk\u00fd klub. Tuto ned\u011bli do\u0161lo k propaga\u010dn\u00edmu fotografov\u00e1n\u00ed cel\u00e9ho t\u00fdmu, v\u010detn\u011b Sadio Man\u00e9ho a Noussaira Mazraouiho \u2013 tedy muslimsk\u00fdch hr\u00e1\u010d\u016f.<\/p>\n<p>Ale pro ofici\u00e1ln\u00ed fotografii, kdy bylo nutn\u00e9 dr\u017eet pivo, vy\u010dn\u00edvali pr\u00e1v\u011b tito dva hr\u00e1\u010di Bayernu \u2013 Maro\u010dan a Senegalec. Oba hr\u00e1\u010di, v\u011brn\u00ed sv\u00e9mu n\u00e1bo\u017eenstv\u00ed, se rozhodli, \u017ee toto pivo nebudou propagovat.<\/p>\n<p>Bayern Mnichov a jeho sponzor p\u0159\u00e1n\u00ed obou hr\u00e1\u010d\u016f respektovali.<\/p>\n<p>Ka\u017ed\u00fd rok, na za\u010d\u00e1tku sez\u00f3ny, hr\u00e1\u010di Bayernu Mnichov p\u00f3zuj\u00ed pro ofici\u00e1ln\u00ed fotografii propaguj\u00edc\u00ed zna\u010dku piva a n\u011bmeck\u00fd pivovar, kter\u00fd sponzoruje mnichovsk\u00fd klub.<\/p>\n<p>Mimochodem, nejsp\u00ed\u0161 jste si v\u0161imli, \u017ee n\u011bkte\u0159\u00ed \u010derno\u0161i dr\u017e\u00ed v ruce pivo. \u010c\u00e1st Afriky je samoz\u0159ejm\u011b st\u00e1le k\u0159es\u0165ansk\u00e1, i kdy\u017e nejde pr\u00e1v\u011b o tu \u010d\u00e1st, ze kter\u00e9 do Evropy p\u0159iplouvaj\u00ed obohacova\u010di na \u010dlunech p\u0159es St\u0159edozemn\u00ed mo\u0159e. Jde nap\u0159\u00edklad o ji\u017en\u00ed \u010d\u00e1st Nig\u00e9rie, Kongo, JAR, Ke\u0148u nebo Angolu, kde je dokonce isl\u00e1m zak\u00e1z\u00e1n z\u00e1konem.<\/p>\n<p><a href=\"https:\/\/necenzurovanapravda.cz\/2022\/09\/muslimsti-fotbaliste-bayernu-mnichov-se-odmitli-fotit-na-reklamu-sponzorskeho-pivovaru-s-pivem\/\">Slovanka<\/a><\/p>\n<p>&nbsp;<\/p>\n","protected":false},"excerpt":{"rendered":"<p>Pomineme-li fakt, \u017ee evropsk\u00fd sport ji\u017e p\u0159\u00edli\u0161 evropsk\u00fdm nen\u00ed (snad vyjma sport\u016f zimn\u00edch), tak v&#8230;<\/p>\n","protected":false},"author":2,"featured_media":14544,"comment_status":"closed","ping_status":"closed","sticky":false,"template":"","format":"standard","meta":[],"categories":[7],"tags":[3207,3031,1272,44,891],"_links":{"self":[{"href":"https:\/\/www.infokuryr.cz\/n\/wp-json\/wp\/v2\/posts\/14543"}],"collection":[{"href":"https:\/\/www.infokuryr.cz\/n\/wp-json\/wp\/v2\/posts"}],"about":[{"href":"https:\/\/www.infokuryr.cz\/n\/wp-json\/wp\/v2\/types\/post"}],"author":[{"embeddable":true,"href":"https:\/\/www.infokuryr.cz\/n\/wp-json\/wp\/v2\/users\/2"}],"replies":[{"embeddable":true,"href":"https:\/\/www.infokuryr.cz\/n\/wp-json\/wp\/v2\/comments?post=14543"}],"version-history":[{"count":0,"href":"https:\/\/www.infokuryr.cz\/n\/wp-json\/wp\/v2\/posts\/14543\/revisions"}],"wp:featuredmedia":[{"embeddable":true,"href":"https:\/\/www.infokuryr.cz\/n\/wp-json\/wp\/v2\/media\/14544"}],"wp:attachment":[{"href":"https:\/\/www.infokuryr.cz\/n\/wp-json\/wp\/v2\/media?parent=14543"}],"wp:term":[{"taxonomy":"category","embeddable":true,"href":"https:\/\/www.infokuryr.cz\/n\/wp-json\/wp\/v2\/categories?post=14543"},{"taxonomy":"post_tag","embeddable":true,"href":"https:\/\/www.infokuryr.cz\/n\/wp-json\/wp\/v2\/tags?post=14543"}],"curies":[{"name":"wp","href":"https:\/\/api.w.org\/{rel}","templated":true}]}}