{"id":1450,"date":"2021-05-07T06:43:31","date_gmt":"2021-05-07T04:43:31","guid":{"rendered":"http:\/\/www.infokuryr.cz\/n\/?p=1450"},"modified":"2021-05-07T06:43:31","modified_gmt":"2021-05-07T04:43:31","slug":"le-penova-vratim-statu-jeho-autoritu","status":"publish","type":"post","link":"https:\/\/www.infokuryr.cz\/n\/2021\/05\/07\/le-penova-vratim-statu-jeho-autoritu\/","title":{"rendered":"Le Penov\u00e1: &#8222;Vr\u00e1t\u00edm st\u00e1tu jeho autoritu!&#8220;"},"content":{"rendered":"<div id=\"fb-root\"><\/div>\n<p><strong>Po st\u0159ede\u010dn\u00edm zast\u0159elen\u00ed dal\u0161\u00edho policisty (imigrantsk\u00fdm) drogov\u00fdm dealerem v Avignonu, prohl\u00e1sila prezidentsk\u00e1 kandid\u00e1tka rezolutn\u011b pravicov\u00e9 strany N\u00e1rodn\u00ed semknut\u00ed, Marine le Penov\u00e1 na tiskovce v Bretani, \u017ee bude-li prezidentkou, vr\u00e1t\u00ed st\u00e1tu jeho autoritu. Kritizovala laxnost a diletantizmus st\u00e1vaj\u00edc\u00ed vl\u00e1dy prezidenta Macrona, kter\u00e1 Francii dovedla a\u017e tak daleko, \u017ee v zemi &#8222;nen\u00ed ji\u017e \u017e\u00e1dn\u00e9 m\u00edsto bezpe\u010dn\u00e9&#8220;.<\/strong><\/p>\n<p>&#8222;To, co se stalo v Avignonu, nem\u00e1 p\u016fvod jen v dealerstv\u00ed drog, ale i v masivn\u00ed imigraci. Abychom z\u00edskali zp\u011bt pod kontrolu\u00a0okrajov\u00e9 (imigrantsk\u00e9) \u010dtvrti je t\u0159eba zastavit imigraci a d\u00e1t k tomu tak\u00e9 prost\u0159edky policii a justici. A ten,\u00a0kdo za\u00fato\u010d\u00ed na policistu, by ji\u017e nem\u011bl vyj\u00edt z krimin\u00e1lu&#8220;, konstatovala Marine (Le Pen).<\/p>\n<p>A Marine Le Pen nemluv\u00ed do v\u011btru &#8211; s n\u00e1r\u016fstem imigrantsk\u00e9 zlo\u010dinnosti p\u0159ib\u00fdv\u00e1 frustrovan\u00fdch Francouz\u016f, a Le Penov\u00e1 m\u00e1 velmi slibn\u011b nakro\u010deno k volebn\u00edmu v\u00edt\u011bzstv\u00ed.<\/p>\n<p>Policist\u00e9 za sv\u00e9ho zast\u0159elen\u00e9ho kolegu pl\u00e1nuj\u00ed na 19. kv\u011btna protestn\u00ed manifestaci. Jejich kolega-policista v civilu byl ve st\u0159edu zapojen do protidrogov\u00e9 operace v Avignonu. Kdy\u017e cht\u011bl zkontrolovat v imigrantsk\u00e9 \u010dtvrti podez\u0159elou \u017eenu, p\u0159istoupil k n\u011bmu (imigrantsk\u00fd) drogov\u00fd dealer s ot\u00e1zkou: Co tu pohled\u00e1v\u00e1\u0161?! Jsem policista! Pr\u00e1sk! Pr\u00e1sk! Zasadil mu dealer na po\u010dk\u00e1n\u00ed \u00a0kulku do krku a do b\u0159icha a utekl. Policie jej st\u00e1le nem\u00e1.<\/p>\n<p><a href=\"https:\/\/www.7sur7.be\/monde\/marine-le-pen-veut-etre-la-presidente-du-retour-de-l-autorite-de-letat~a0e15b5b\/\">ZDROJ<\/a><\/p>\n<p>&nbsp;<\/p>\n","protected":false},"excerpt":{"rendered":"<p>Po st\u0159ede\u010dn\u00edm zast\u0159elen\u00ed dal\u0161\u00edho policisty (imigrantsk\u00fdm) drogov\u00fdm dealerem v Avignonu, prohl\u00e1sila prezidentsk\u00e1 kandid\u00e1tka rezolutn\u011b pravicov\u00e9&#8230;<\/p>\n","protected":false},"author":2,"featured_media":1451,"comment_status":"closed","ping_status":"closed","sticky":false,"template":"","format":"standard","meta":[],"categories":[7],"tags":[289,130,119,249],"_links":{"self":[{"href":"https:\/\/www.infokuryr.cz\/n\/wp-json\/wp\/v2\/posts\/1450"}],"collection":[{"href":"https:\/\/www.infokuryr.cz\/n\/wp-json\/wp\/v2\/posts"}],"about":[{"href":"https:\/\/www.infokuryr.cz\/n\/wp-json\/wp\/v2\/types\/post"}],"author":[{"embeddable":true,"href":"https:\/\/www.infokuryr.cz\/n\/wp-json\/wp\/v2\/users\/2"}],"replies":[{"embeddable":true,"href":"https:\/\/www.infokuryr.cz\/n\/wp-json\/wp\/v2\/comments?post=1450"}],"version-history":[{"count":0,"href":"https:\/\/www.infokuryr.cz\/n\/wp-json\/wp\/v2\/posts\/1450\/revisions"}],"wp:featuredmedia":[{"embeddable":true,"href":"https:\/\/www.infokuryr.cz\/n\/wp-json\/wp\/v2\/media\/1451"}],"wp:attachment":[{"href":"https:\/\/www.infokuryr.cz\/n\/wp-json\/wp\/v2\/media?parent=1450"}],"wp:term":[{"taxonomy":"category","embeddable":true,"href":"https:\/\/www.infokuryr.cz\/n\/wp-json\/wp\/v2\/categories?post=1450"},{"taxonomy":"post_tag","embeddable":true,"href":"https:\/\/www.infokuryr.cz\/n\/wp-json\/wp\/v2\/tags?post=1450"}],"curies":[{"name":"wp","href":"https:\/\/api.w.org\/{rel}","templated":true}]}}