{"id":1448,"date":"2021-05-07T06:33:48","date_gmt":"2021-05-07T04:33:48","guid":{"rendered":"http:\/\/www.infokuryr.cz\/n\/?p=1448"},"modified":"2021-05-07T06:33:48","modified_gmt":"2021-05-07T04:33:48","slug":"radku-kotene-zavaril-sis-to-sam","status":"publish","type":"post","link":"https:\/\/www.infokuryr.cz\/n\/2021\/05\/07\/radku-kotene-zavaril-sis-to-sam\/","title":{"rendered":"Radku Kotene, zava\u0159il sis to s\u00e1m"},"content":{"rendered":"<div id=\"fb-root\"><\/div>\n<p>Po dne\u0161ku u\u017e do budovy \u010cT ani nenahl\u00e9dne\u0161. V\u016fbec ses toti\u017e neosv\u011bd\u010dil. Odm\u00edtls nechat se v\u00e9st n\u00e1pov\u011bdmi zku\u0161en\u00e9ho ohybatele lidsk\u00fdch vyj\u00e1d\u0159en\u00ed moder\u00e1tora Tak\u00e1\u010de, ani v nejmen\u0161\u00edm jsi mu slabomysln\u011b nep\u0159itakal, nenechal ses chytnout do l\u00e9\u010dek, kter\u00e9 ti\u00a0 v pr\u016fb\u011bhu \u010dtvrte\u010dn\u00edho Interview \u010cT kladl, a nelekl ses ani a\u017e t\u00e9m\u011b\u0159 do krutosti ztvrdl\u00fdch rys\u016f jeho tv\u00e1\u0159e a prokur\u00e1torsky v\u00fdhr\u016f\u017en\u00e9ho t\u00f3nu jeho hlasu, kter\u00fdmi od tebe vy\u017eadoval: \u201eV\u011b\u0159\u00edte Vrb\u011btic\u00edm, nebo nev\u011b\u0159\u00edte? Odpov\u011bzte mi na tuto jedinou ot\u00e1zku!\u201c<\/p>\n<p>Zachoval jsi klid, kter\u00fd vych\u00e1zel z v\u011bdom\u00ed tv\u00e9 du\u0161evn\u00ed p\u0159evahy a z v\u011bdom\u00ed tv\u00e9 pravdy. Odpov\u011bd\u011bl jsi mu, \u017ee od toho, abys v\u011b\u0159il nebo nev\u011b\u0159il tady nejsi ani ty jako p\u0159edseda bezpe\u010dnostn\u00edho v\u00fdboru sn\u011bmovny, a nen\u00ed j\u00edm a ani j\u00edm nem\u016f\u017ee b\u00fdt prost\u00fd ob\u010dan, kter\u00fd m\u00e1 informac\u00ed je\u0161t\u011b m\u00e9n\u011b ne\u017e jich m\u00e1\u0161 ty.\u00a0 Ale \u017ee v\u0161ichni jsme tady od toho, abychom \u017e\u00e1dali bezpe\u010dnostn\u00ed org\u00e1ny tohoto st\u00e1tu, aby vy\u0161et\u0159ily, zda se zlo\u010din stal \u010di nestal, aby soudu byly p\u0159edlo\u017eeny nezpochybniteln\u00e9 d\u016fkazy o vin\u011b \u010di nevin\u011b podez\u0159el\u00fdch, a soud aby pak vynesl spravedliv\u00fd a objektivn\u00ed v\u00fdrok.. A\u00a0 \u017ee teprve pak \u017ee je slu\u0161n\u00e9 pt\u00e1t se s kohokoli z n\u00e1s, zda v\u011b\u0159\u00edme nebo nev\u011b\u0159\u00edme.<\/p>\n<p>Ale u n\u00e1s, \u0159ekl jsi, za\u010d\u00edn\u00e1 b\u00fdt norm\u00e1ln\u00ed \u0159v\u00e1t: Zbav\u00edme Rusko \u00fa\u010dasti na v\u00fdstavb\u011b dal\u0161\u00edho bloku\u00a0 elektr\u00e1rny v Dukovanech, nedovezeme z Ruska\u00a0 vakc\u00ednu Sputnik V, vyhost\u00edme tolik a tolik rusk\u00fdch diplomat\u016f hned, jak se v novin\u00e1ch objev\u00ed pouh\u00e9 obvin\u011bn\u00ed \u2013 bez d\u016fkaz\u016f. A k jeho d\u016fv\u011bryhodnosti a \u00fa\u0159edn\u00ed platnosti \u2013 dod\u00e1v\u00e1m u\u017e j\u00e1 jako autor tohoto \u010dl\u00e1nku \u2013 n\u00e1m bohat\u011b sta\u010d\u00ed , kdy\u017e se o tomto obvin\u011bn\u00ed, jak to t\u00e9\u017e ned\u00e1vno zazn\u011blo na \u010cT, kladn\u011b vyj\u00e1d\u0159\u00ed poslanec Pavel \u017d\u00e1\u010dek.<\/p>\n<p>Ale abych byl spravedliv\u00fd. D\u00e1v\u00e1m \u010cT kladn\u00fd bod za to, \u017ee si Radka Kotena do \u010cT pozvala, i kdy\u017e jist\u00e9 nebezpe\u010d\u00ed tu\u0161it musela.<\/p>\n<p>Lubom\u00edr Man<\/p>\n<p><img decoding=\"async\" loading=\"lazy\" class=\"alignnone  wp-image-860\" src=\"http:\/\/www.infokuryr.cz\/n\/wp-content\/uploads\/2021\/04\/lub_man.jpg\" alt=\"\" width=\"117\" height=\"164\" \/><\/p>\n","protected":false},"excerpt":{"rendered":"<p>Po dne\u0161ku u\u017e do budovy \u010cT ani nenahl\u00e9dne\u0161. V\u016fbec ses toti\u017e neosv\u011bd\u010dil. Odm\u00edtls nechat se&#8230;<\/p>\n","protected":false},"author":2,"featured_media":1449,"comment_status":"closed","ping_status":"closed","sticky":false,"template":"","format":"standard","meta":[],"categories":[6],"tags":[47,22,145],"_links":{"self":[{"href":"https:\/\/www.infokuryr.cz\/n\/wp-json\/wp\/v2\/posts\/1448"}],"collection":[{"href":"https:\/\/www.infokuryr.cz\/n\/wp-json\/wp\/v2\/posts"}],"about":[{"href":"https:\/\/www.infokuryr.cz\/n\/wp-json\/wp\/v2\/types\/post"}],"author":[{"embeddable":true,"href":"https:\/\/www.infokuryr.cz\/n\/wp-json\/wp\/v2\/users\/2"}],"replies":[{"embeddable":true,"href":"https:\/\/www.infokuryr.cz\/n\/wp-json\/wp\/v2\/comments?post=1448"}],"version-history":[{"count":0,"href":"https:\/\/www.infokuryr.cz\/n\/wp-json\/wp\/v2\/posts\/1448\/revisions"}],"wp:featuredmedia":[{"embeddable":true,"href":"https:\/\/www.infokuryr.cz\/n\/wp-json\/wp\/v2\/media\/1449"}],"wp:attachment":[{"href":"https:\/\/www.infokuryr.cz\/n\/wp-json\/wp\/v2\/media?parent=1448"}],"wp:term":[{"taxonomy":"category","embeddable":true,"href":"https:\/\/www.infokuryr.cz\/n\/wp-json\/wp\/v2\/categories?post=1448"},{"taxonomy":"post_tag","embeddable":true,"href":"https:\/\/www.infokuryr.cz\/n\/wp-json\/wp\/v2\/tags?post=1448"}],"curies":[{"name":"wp","href":"https:\/\/api.w.org\/{rel}","templated":true}]}}