{"id":1447,"date":"2021-05-07T06:26:05","date_gmt":"2021-05-07T04:26:05","guid":{"rendered":"http:\/\/www.infokuryr.cz\/n\/?p=1447"},"modified":"2021-05-07T06:26:05","modified_gmt":"2021-05-07T04:26:05","slug":"starsi-vydani-ruskych-novin-usvedcuji-hamacka-ze-mel-jet-prosit-volosina-o-dodavky-vakciny-sputnik-v","status":"publish","type":"post","link":"https:\/\/www.infokuryr.cz\/n\/2021\/05\/07\/starsi-vydani-ruskych-novin-usvedcuji-hamacka-ze-mel-jet-prosit-volosina-o-dodavky-vakciny-sputnik-v\/","title":{"rendered":"Star\u0161\u00ed vyd\u00e1n\u00ed rusk\u00fdch novin usv\u011bd\u010duj\u00ed Ham\u00e1\u010dka, \u017ee m\u011bl jet prosit Volo\u0161ina o dod\u00e1vky Vakc\u00edny Sputnik V"},"content":{"rendered":"<div id=\"fb-root\"><\/div>\n<p><strong>P\u0159edseda Rusk\u00e9 Dumy, doln\u00ed komory parlamentu Rusk\u00e9 federace, sedmapades\u00e1tilet\u00fd politik ze strany Jednotn\u00e9 Rusko Vja\u010deslav Volodin, d\u00e1vno p\u0159ed t\u00edm, ne\u017e bezpe\u010dnostn\u00ed slu\u017eby \u010cesk\u00e9 republiky \u201evyt\u00e1hly z\u00a0klobouku\u201c kauzu Vrb\u011btice, mluvil na rusk\u00e9m webu den\u00edku Izv\u011bstije, \u017ee \u010cesk\u00e1 republika ofici\u00e1ln\u011b po\u017e\u00e1dala o to, aby Rusk\u00e1 federace vypomohla \u010cR dod\u00e1vkou vakc\u00edny Sputnik V. <\/strong><\/p>\n<p>A proto\u017ee to, \u010cesk\u00e9 republice je\u0161t\u011b nikdo z\u00a0BIS \u010di jin\u00fdch zpravodajsk\u00fdch slu\u017eeb v\u00a0t\u00e9 dob\u011b nepokazil, vyslovil se Vja\u010deslav Volo\u0161in v\u00a0t\u00e9 dob\u011b zcela jasn\u011b: \u201e\u010cesk\u00e1 republika je bratrsk\u00e1 slovansk\u00e1 zem\u011b a je na\u0161\u00ed povinnost\u00ed j\u00ed pomoci. Do Moskvy p\u0159ilet\u00ed m\u00edstop\u0159edseda vl\u00e1dy a ministr vnitra.\u201c Jin\u00fdmi slovy, \u0161\u00e9f Rusk\u00e9 Dumy skute\u010dn\u011b potvrdil, \u017ee m\u011bl Jan Ham\u00e1\u010dek p\u0159ilet\u011bt do Moskvy a jednat o dod\u00e1vce vakc\u00edny Sputnik V\u00a0a Rusk\u00e1 federace se cht\u011bla chovat v\u016f\u010di \u010cR vst\u0159\u00edcn\u011b. Ostatn\u011b, v\u00a0t\u00e9 dob\u011b je\u0161t\u011b \u017e\u00e1dn\u00fd Koudelka \u010di Beroun (\u0161\u00e9fov\u00e9 \u010desk\u00fdch tajn\u00fdch slu\u017eeb) nepo\u0161kodili vz\u00e1jemn\u00e9 vztahy na des\u00edtky let dop\u0159edu.<\/p>\n<p>Vja\u010deslav Volodin byl tak\u00e9 jedn\u00edm z\u00a0prvn\u00edch politik\u016f, kter\u00fd odsoudil zpravodajsk\u00e9 hry v\u00a0\u010cR spojen\u00e9 s\u00a0kauzou Vrb\u011btice a doslova \u0159ekl: \u201eNetu\u0161il jsem, \u017ee \u010cesk\u00e1 republika je a\u017e takov\u00fdm otrokem Z\u00e1padu, \u017ee si je schopn\u00e1 vym\u00fd\u0161let takov\u00e9 nesmysly. Za\u0159adila se po bok takov\u00fdch nochsled\u016f Z\u00e1pad\u016f, jak\u00fdm je t\u0159eba Ukrajina \u010di pobaltsk\u00e9 st\u00e1ty.\u201c<\/p>\n<p>Faktem ale z\u016fst\u00e1v\u00e1, \u017ee je\u0161t\u011b p\u0159ed kauzou Vrb\u011btice v\u00a0Moskv\u011b skute\u010dn\u011b Jana Ham\u00e1\u010dka o\u010dek\u00e1vali a cht\u011bli b\u00fdt vst\u0159\u00edcn\u00ed. Ur\u010dit\u011b ne proto, \u017ee by se nechali vyd\u00edrat, ale proto\u017ee prost\u011b cht\u011bli pomoci, co\u017e je logick\u00e9, jeliko\u017e ne\u017e byly vztahy \u010cR \u2013 Rusko po\u0161kozeny, \u010cesk\u00e1 republika byla v\u00a0Moskv\u011b vn\u00edm\u00e1na celkem pozitivn\u011b i p\u0159es svoje \u010dlenstv\u00ed v\u00a0EU a v\u00a0NATO. Jako p\u0159\u00e1telsk\u00e1 slovansk\u00e1 zem\u011b, se kterou lze dob\u0159e obchodovat, v\u00a0n\u00ed\u017e \u017eije \u0159ada ob\u010dan\u016f Rusk\u00e9 federace a naopak v\u00a0Rusku podnik\u00e1 \u0159ada \u010desk\u00fdch firem. To v\u0161e je pry\u010d, nyn\u00ed na\u0161im ofici\u00e1ln\u00edm p\u0159edstavitel\u016fm v\u00a0Moskv\u011b nev\u011b\u0159\u00ed ani \u201eklika od dve\u0159\u00ed\u201c.<\/p>\n<p>Janu Ham\u00e1\u010dkovi je vy\u010d\u00edt\u00e1no, \u017ee se cht\u011bl v\u00a0Moskv\u011b setkat pr\u00e1v\u011b s\u00a0p\u0159edsedou Rusk\u00e9 Dumy Vja\u010deslavem Volodinem, kter\u00fd skute\u010dn\u011b figuruje na takzvan\u00e9m sank\u010dn\u00edm seznamu EU. Je to pravda! Ale d\u016fvod, pro\u010d tam pr\u00e1v\u011b Volodin, absolvent Rusk\u00e9 akademie st\u00e1tn\u00edch slu\u017eeb v\u00a0Petrohrad\u011b, byl za\u0159azen na tento seznam je skute\u010dn\u011b v\u00edce, ne\u017e nesmysln\u00fd. Podle Ukrajinsk\u00e9 tajn\u00e9 slu\u017eby, m\u011bl toti\u017e na\u0159\u00eddit \u00fatok rusk\u00e9ho dronu s\u00a0n\u00e1lo\u017e\u00ed v\u00a0oblasti Donbasu, kter\u00fd zabil p\u011btilet\u00e9ho ukrajinsk\u00e9ho chlapce. Dovedete si p\u0159edstavit, p\u0159i v\u0161\u00ed \u00fact\u011b k\u00a0lidsk\u00e9mu \u017eivotu, \u017ee by \u0161\u00e9f parlamentu takov\u00e9 velmoci, jakou Rusk\u00e1 federace bezesporu je, osobn\u011b na\u0159izoval \u00fatok dronu n\u011bkde na hranic\u00edch Ruska a Ukrajiny? Je to asi stejn\u00e1 zpravodajsk\u00e1 informace, jako ta, \u017ee po Vrb\u011btic\u00edch b\u011bhali ru\u0161t\u00ed agenti. Podstr\u010den\u00e1, nulov\u00e1 informace!<\/p>\n<p><strong>Star\u0161\u00ed vyd\u00e1n\u00ed rusk\u00fdch novin usv\u011bd\u010duj\u00ed Ham\u00e1\u010dka, \u017ee m\u011bl jet prosit Volo\u0161ina o dod\u00e1vky Vakc\u00edny Sputnik V. Stejn\u011b jako z\u00a0cel\u00e9 v\u011bci vypl\u00fdv\u00e1, \u017ee cel\u00fd obchod pokazily v\u00fdmysly \u010desk\u00fdch zpravodajsk\u00fdch slu\u017eeb o kauze Vrb\u011btice!<\/strong><\/p>\n<p><strong>V\u00e1clav Prok\u016fpek<\/strong><\/p>\n<p>&nbsp;<\/p>\n","protected":false},"excerpt":{"rendered":"<p>P\u0159edseda Rusk\u00e9 Dumy, doln\u00ed komory parlamentu Rusk\u00e9 federace, sedmapades\u00e1tilet\u00fd politik ze strany Jednotn\u00e9 Rusko Vja\u010deslav&#8230;<\/p>\n","protected":false},"author":2,"featured_media":631,"comment_status":"closed","ping_status":"closed","sticky":false,"template":"","format":"standard","meta":[],"categories":[6],"tags":[76,53,29,22,74],"_links":{"self":[{"href":"https:\/\/www.infokuryr.cz\/n\/wp-json\/wp\/v2\/posts\/1447"}],"collection":[{"href":"https:\/\/www.infokuryr.cz\/n\/wp-json\/wp\/v2\/posts"}],"about":[{"href":"https:\/\/www.infokuryr.cz\/n\/wp-json\/wp\/v2\/types\/post"}],"author":[{"embeddable":true,"href":"https:\/\/www.infokuryr.cz\/n\/wp-json\/wp\/v2\/users\/2"}],"replies":[{"embeddable":true,"href":"https:\/\/www.infokuryr.cz\/n\/wp-json\/wp\/v2\/comments?post=1447"}],"version-history":[{"count":0,"href":"https:\/\/www.infokuryr.cz\/n\/wp-json\/wp\/v2\/posts\/1447\/revisions"}],"wp:featuredmedia":[{"embeddable":true,"href":"https:\/\/www.infokuryr.cz\/n\/wp-json\/wp\/v2\/media\/631"}],"wp:attachment":[{"href":"https:\/\/www.infokuryr.cz\/n\/wp-json\/wp\/v2\/media?parent=1447"}],"wp:term":[{"taxonomy":"category","embeddable":true,"href":"https:\/\/www.infokuryr.cz\/n\/wp-json\/wp\/v2\/categories?post=1447"},{"taxonomy":"post_tag","embeddable":true,"href":"https:\/\/www.infokuryr.cz\/n\/wp-json\/wp\/v2\/tags?post=1447"}],"curies":[{"name":"wp","href":"https:\/\/api.w.org\/{rel}","templated":true}]}}