{"id":14454,"date":"2022-09-02T01:16:04","date_gmt":"2022-09-01T23:16:04","guid":{"rendered":"http:\/\/www.infokuryr.cz\/n\/?p=14454"},"modified":"2022-09-02T01:51:27","modified_gmt":"2022-09-01T23:51:27","slug":"texasky-guverner-poslal-prvni-autobus-s-ilegaly-lori-lightfootove-do-chicaga","status":"publish","type":"post","link":"https:\/\/www.infokuryr.cz\/n\/2022\/09\/02\/texasky-guverner-poslal-prvni-autobus-s-ilegaly-lori-lightfootove-do-chicaga\/","title":{"rendered":"Texask\u00fd guvern\u00e9r poslal prvn\u00ed autobus s ileg\u00e1ly Lori Lightfootov\u00e9 do Chicaga"},"content":{"rendered":"<div id=\"fb-root\"><\/div>\n<p>Jak ji\u017e v\u00edte, tak na z\u00e1klad\u011b nov\u00e9ho Bidenova z\u00e1kona nen\u00ed mo\u017en\u00e9 pos\u00edlat ileg\u00e1ly zp\u011bt od hranic, ale v\u0161ichni mus\u00ed b\u00fdt p\u0159ijati a mus\u00ed jim b\u00fdt umo\u017en\u011bno za\u017e\u00e1dat o azyl. Tedy jde o toto\u017en\u00fd syst\u00e9m, jak\u00fd funguje v EU.<\/p>\n<p>To siln\u011b p\u0159et\u011b\u017euje zejm\u00e9na Texas, kde velmi rychle vzrostla kriminalita. V reakci na Bidenovu politiku proto texask\u00fd guvern\u00e9r<a href=\"https:\/\/necenzurovanapravda.cz\/2022\/04\/usa-texasky-guverner-pronajal-900-autobusu-aby-odvezly-migranty-bidenovi-do-washingtonu\/\">\u00a0pos\u00edl\u00e1<\/a>\u00a0autobusy pln\u00e9 ileg\u00e1l\u016f\u00a0<a href=\"https:\/\/necenzurovanapravda.cz\/2022\/08\/texasky-guverner-nechal-i-pres-odpor-vlady-odvezt-jiz-4500-migrantu-do-washingtonu-a-new-yorku\/\">do Washingtonu a New Yorku<\/a>, tedy tam, kde vol\u00ed Demokraty, kte\u0159\u00ed syst\u00e9m otev\u0159en\u00fdch hranic zavedli.<\/p>\n<p>Nyn\u00ed poslal dal\u0161\u00ed autobus do Chicaga, kde vl\u00e1dne lesbick\u00e1 \u010dern\u00e1 starostka (viz titulek), samoz\u0159ejm\u011b tak\u00e9 velk\u00e1 zast\u00e1nkyn\u011b neust\u00e1le otev\u0159en\u00fdch hranic.<\/p>\n<p><a href=\"https:\/\/www.thegatewaypundit.com\/2022\/09\/texas-governor-abbott-sends-first-busload-illegal-migrants-lori-lightfoots-chicago\/\">Guvern\u00e9r<\/a>\u00a0Greg Abbott dnes ozn\u00e1mil p\u0159\u00edjezd prvn\u00ed skupiny migrant\u016f autobusem do Chicaga ve st\u00e1t\u011b Illinois z Texasu.\u00a0Migranti byli dnes ve\u010der vysazeni na Union Station.\u00a0Krom\u011b Washingtonu, DC a New York City bude nyn\u00ed Chicago dal\u0161\u00edm m\u00edstem kam budou jezdit autobusy v reakci guvern\u00e9ra na politiku otev\u0159en\u00fdch hranic prezidenta Bidena, kter\u00e1 zaplavuje pohrani\u010dn\u00ed komunity v Texasu.<\/p>\n<p>\u201eNe\u010dinnost prezidenta Bidena na na\u0161\u00ed ji\u017en\u00ed hranici nad\u00e1le ohro\u017euje \u017eivoty Texasan\u016f \u2013 a Ameri\u010dan\u016f \u2013 a zahlcuje na\u0161e komunity,\u201c \u0159ekl guvern\u00e9r Abbott.\u00a0\u201eAbychom i nad\u00e1le poskytovali tolik pot\u0159ebnou \u00falevu na\u0161im mal\u00fdm, p\u0159epln\u011bn\u00fdm pohrani\u010dn\u00edm m\u011bste\u010dk\u016fm, p\u0159ipoj\u00ed se Chicago k dal\u0161\u00edm \u00fato\u010di\u0161t\u00edm po Washingtonu, DC a New York City \u2013 jako dal\u0161\u00ed sp\u00e1dov\u00e9 m\u00edsto.\u00a0<strong>Starostka Lightfootov\u00e1 r\u00e1da propaguje odpov\u011bdnost sv\u00e9ho m\u011bsta p\u0159iv\u00edtat v\u0161echny bez ohledu na pr\u00e1vn\u00ed status, a t\u011b\u0161\u00edm se, a\u017e uvid\u00edm tuto odpov\u011bdnost v praxi, proto\u017ee tito migranti dost\u00e1vaj\u00ed zdroje z \u00fato\u010di\u0161t\u011b, kter\u00e9 je schopn\u00e9 se o n\u011b postarat.\u201c<\/strong><\/p>\n<section aria-label=\"Obsah\">V dubnu guvern\u00e9r Abbott\u00a0\u00a0na\u0159\u00eddil\u00a0\u00a0texask\u00e9 divizi krizov\u00e9ho \u0159\u00edzen\u00ed, aby pronaj\u00edmala autobusy pro p\u0159epravu migrant\u016f z Texasu do Washingtonu, DC. Za\u010d\u00e1tkem tohoto m\u011bs\u00edce guvern\u00e9r p\u0159idal New York City jako druh\u00e9 m\u00edsto vykl\u00e1dky.\u00a0Od za\u010d\u00e1tku t\u00e9to autobusov\u00e9 strategie na ja\u0159e byly do t\u011bchto \u00fato\u010di\u0161\u0165 p\u0159epraveny tis\u00edce migrant\u016f, co\u017e ulevilo pohrani\u010dn\u00edm komunit\u00e1m v Texasu. D\u00edky sv\u00e9 \u201euv\u00edtac\u00ed m\u011bstsk\u00e9 vyhl\u00e1\u0161ce\u201c nebude Chicago\u00a0 odep\u00edrat pomoc jednotlivc\u016fm na z\u00e1klad\u011b jejich imigra\u010dn\u00edho statusu. M\u011bsto tak\u00e9 nevy\u017eaduje, aby m\u00edstn\u00ed policie spolupracovala s feder\u00e1ln\u00edmi imigra\u010dn\u00edmi \u00fa\u0159ady.<\/p>\n<\/section>\n<section aria-label=\"Obsah\"><\/section>\n<section aria-label=\"Obsah\"><strong>Kancel\u00e1\u0159 chicagsk\u00e9 starostky Lori Lightfootov\u00e9 ozna\u010dila autobus za \u201erasistick\u00fd\u201c a sl\u00edbila pro ileg\u00e1ln\u00ed migranty p\u0159\u00edjemn\u00fd z\u00e1\u017eitek.<\/strong><\/section>\n<section aria-label=\"Obsah\"><\/section>\n<section aria-label=\"Obsah\">Tolik hork\u00e1 novinka z USA. Co kdyby se inspirovaly i evropsk\u00e9 hrani\u010dn\u00ed zem\u011b a vypravily podobn\u00e9 autobusy do Bruselu, odkud v\u00edta\u010dsk\u00e1 politika EU poch\u00e1z\u00ed? A aby toho nebylo na Brusel moc, \u010d\u00e1st by mohla b\u00fdt vysl\u00e1na do Berl\u00edna, nebo\u0165 v\u011bt\u0161ina pa\u0161er\u00e1ck\u00fdch neziskovek poch\u00e1z\u00ed pr\u00e1v\u011b z N\u011bmecka\u2026<\/p>\n<p><a href=\"https:\/\/necenzurovanapravda.cz\/2022\/09\/texasky-guverner-poslal-prvni-autobus-s-ilegaly-lori-lightfootove-do-chicaga\/\">Slovanka<\/a><\/p>\n<\/section>\n","protected":false},"excerpt":{"rendered":"<p>Jak ji\u017e v\u00edte, tak na z\u00e1klad\u011b nov\u00e9ho Bidenova z\u00e1kona nen\u00ed mo\u017en\u00e9 pos\u00edlat ileg\u00e1ly zp\u011bt od&#8230;<\/p>\n","protected":false},"author":2,"featured_media":14455,"comment_status":"closed","ping_status":"closed","sticky":false,"template":"","format":"standard","meta":[],"categories":[7],"tags":[72,119,37,609],"_links":{"self":[{"href":"https:\/\/www.infokuryr.cz\/n\/wp-json\/wp\/v2\/posts\/14454"}],"collection":[{"href":"https:\/\/www.infokuryr.cz\/n\/wp-json\/wp\/v2\/posts"}],"about":[{"href":"https:\/\/www.infokuryr.cz\/n\/wp-json\/wp\/v2\/types\/post"}],"author":[{"embeddable":true,"href":"https:\/\/www.infokuryr.cz\/n\/wp-json\/wp\/v2\/users\/2"}],"replies":[{"embeddable":true,"href":"https:\/\/www.infokuryr.cz\/n\/wp-json\/wp\/v2\/comments?post=14454"}],"version-history":[{"count":0,"href":"https:\/\/www.infokuryr.cz\/n\/wp-json\/wp\/v2\/posts\/14454\/revisions"}],"wp:featuredmedia":[{"embeddable":true,"href":"https:\/\/www.infokuryr.cz\/n\/wp-json\/wp\/v2\/media\/14455"}],"wp:attachment":[{"href":"https:\/\/www.infokuryr.cz\/n\/wp-json\/wp\/v2\/media?parent=14454"}],"wp:term":[{"taxonomy":"category","embeddable":true,"href":"https:\/\/www.infokuryr.cz\/n\/wp-json\/wp\/v2\/categories?post=14454"},{"taxonomy":"post_tag","embeddable":true,"href":"https:\/\/www.infokuryr.cz\/n\/wp-json\/wp\/v2\/tags?post=14454"}],"curies":[{"name":"wp","href":"https:\/\/api.w.org\/{rel}","templated":true}]}}