{"id":14427,"date":"2022-09-02T01:02:20","date_gmt":"2022-09-01T23:02:20","guid":{"rendered":"http:\/\/www.infokuryr.cz\/n\/?p=14427"},"modified":"2022-09-01T16:22:24","modified_gmt":"2022-09-01T14:22:24","slug":"jindrich-kulhavy-firmy-se-hrouti-nikdo-moc-nebojuje","status":"publish","type":"post","link":"https:\/\/www.infokuryr.cz\/n\/2022\/09\/02\/jindrich-kulhavy-firmy-se-hrouti-nikdo-moc-nebojuje\/","title":{"rendered":"Jind\u0159ich Kulhav\u00fd: Firmy se hrout\u00ed, nikdo moc nebojuje"},"content":{"rendered":"<div id=\"fb-root\"><\/div>\n<p><span class=\"anotation\">Je\u0161t\u011b neza\u010dal podzim a ochlazov\u00e1n\u00ed, nicm\u00e9n\u011b \u010desk\u00fd pr\u016fmysl u\u017e m\u00e1 prvn\u00ed odpadl\u00edky. Energeticky n\u00e1ro\u010dn\u00e9 firmy bij\u00ed na poplach. N\u011bkter\u00e9 maj\u00ed je\u0161t\u011b zafixovan\u00e9 ceny, ale to se m\u016f\u017ee brzy zm\u011bnit a vysok\u00e9 ceny energi\u00ed, p\u0159\u00edpadn\u011b nedostatek plynu pot\u0159ebn\u00e9ho pro jejich provoz, mohou v\u00fdrazn\u011b zah\u00fdbat s\u00a0jejich samotnou existenc\u00ed. Prvn\u00edm varovn\u00fdm prstem je ukon\u010den\u00ed zastaven\u00ed provozu proslul\u00e9 Madety, tak\u00e9 konec men\u0161\u00edch pek\u00e1ren.<\/span><\/p>\n<div id=\"pagetext\">\n<p>\u00a0 Po v\u00fdrazn\u00e9 pomoci st\u00e1tu vol\u00e1 \u0161irok\u00e9 spektrum firem z\u00e1visl\u00fdch na elektrick\u00e9 energii a plynu. Vl\u00e1da bylo extr\u00e9mn\u011b dlouho ne\u010dinn\u00e1 a nejv\u011bt\u0161\u00edm po\u010dinem \u010dlen\u016f P\u011btikoalice byla prudce inteligentn\u00ed doporu\u010den\u00ed p\u0159edsedkyn\u011b Sn\u011bmovny a Top09 Mark\u00e9ty Pekarov\u00e9 Adamov\u00e9 t\u00fdkaj\u00edc\u00ed se no\u0161en\u00ed tepl\u00e9ho oble\u010den\u00ed. Moment\u00e1ln\u011b je v\u0161ak nespokojenost \u010desk\u00fdch ob\u010dan\u016f varuj\u00edc\u00ed a politici samoz\u0159ejm\u011b zaregistrovali p\u0159\u00edpravu demonstrace pl\u00e1novan\u00e9 na 3.9.2022, co\u017e je p\u0159inutilo se um\u011ble vytvo\u0159en\u00e9 energetick\u00e9 krizi v\u011bnovat. Vym\u00fd\u0161len\u00ed plo\u0161n\u00fdch podpor je v\u0161ak naprostou cestou do pekla. M\u00edsto snahy vy\u0159e\u0161it nesmysln\u00fd v\u00fdvoz elekt\u0159iny a vyvinut\u00ed tlaku na zru\u0161en\u00ed naprosto kontraproduktivn\u00edch a ideologicky podpo\u0159en\u00fdch protirusk\u00fdch sankc\u00ed tak budou nad\u00e1le vykr\u00e1dat st\u00e1tn\u00ed pokladnu a rozd\u00e1vat n\u00e1mi draze zaplacen\u00e9 milodary. A kdy\u017e se nad t\u00edm zamysl\u00edte do d\u016fsledku, pomoc bude \u00fadajn\u011b m\u00ed\u0159it k\u00a0soci\u00e1ln\u011b slab\u0161\u00edm. Uv\u011bdom\u00edme li si, kdo do t\u00e9to skupiny dosud pat\u0159il, tedy byli to p\u0159edev\u0161\u00edm romsk\u00e9 rodiny a nov\u011b i ukrajin\u0161t\u00ed p\u0159ist\u011bhovalci, kte\u0159\u00ed jak\u00fdmsi nedopat\u0159en\u00edm tady z\u016fstali a pravideln\u011b je vid\u00edme v\u00a0m\u00edstech, kde se p\u0159id\u011bluj\u00ed soci\u00e1ln\u00ed d\u00e1vky. Tak\u017ee u nich prvn\u00edch o\u010dek\u00e1vejme p\u0159id\u011blov\u00e1n\u00ed ,,pomoci\u201c v\u00a0nouzi. To i p\u0159esto, \u017ee se v\u00a0n\u00ed objev\u00ed daleko v\u011bt\u0161\u00ed \u010d\u00e1st n\u00e1roda.<\/p>\n<p>Z\u00a0jednotlivc\u016f budou nejv\u00edce posti\u017eeni senio\u0159i a samo\u017eivitelky a jejich d\u011bti. D\u00e1le mlad\u00e9 rodiny, jejich\u017e \u010dast\u00e9 zat\u00ed\u017een\u00ed hypot\u00e9kami je smrt\u00edc\u00ed. A kdy\u017e je t\u0159eba nedoplacen\u00e9 domy nav\u00edc vyt\u00e1p\u011bt, co\u017e je v\u00a0na\u0161ich podm\u00ednk\u00e1ch vcelku logick\u00e9, nav\u00edc nakrmit hladov\u00e9 krky p\u0159edra\u017een\u00fdmi potravinami, hroz\u00ed mnoh\u00fdm rodinn\u00fdm rozpo\u010dt\u016fm kolaps. V\u00a0t\u00e9to situaci udivuje neza\u0159azen\u00ed v\u00fdrobc\u016f potravin a zem\u011bd\u011blc\u016f do bal\u00ed\u010dku nejohro\u017een\u011bj\u0161\u00edch firem. Samoz\u0159ejm\u011b je prioritn\u00ed n\u00e1rod nenechat hladov\u011bt. Mohli bychom nyn\u00ed \u0159\u00edct, \u017ee zastaven\u00ed provozu skl\u00e1ren \u010di automobilov\u00e9ho pr\u016fmyslu na n\u011bjakou dobu p\u0159e\u017eijeme, to by v\u0161ak bylo rouh\u00e1n\u00ed, proto\u017ee by o pr\u00e1ci p\u0159i\u0161li statis\u00edce lid\u00ed. Za t\u011bmi stoj\u00ed odbory, kter\u00e9 mohou vl\u00e1du zatla\u010dit do rohu. Tak\u017ee jde o za\u010darovan\u00fd kruh, ze kter\u00e9ho nejhor\u0161\u00ed cestou je za\u010d\u00edt p\u0159erozd\u011blovat spole\u010dn\u00e9 pen\u00edze. A proto\u017ee vl\u00e1da veden\u00e1 Petrem Fialou jinou nezn\u00e1, mus\u00ed p\u0159epustit m\u00edsto jin\u00e9, kter\u00e1 si s\u00a0dan\u00fdm probl\u00e9mem porad\u00ed.<\/p>\n<p>V\u010dera se minist\u0159i i s\u00a0p\u0159edsedou bavili otv\u00edr\u00e1n\u00edm zahrady u \u00da\u0159adu vl\u00e1dy ve Strakovce a \u0161lo jim to n\u00e1ramn\u011b. V\u00a0t\u00e9to dob\u011b je jak\u00fdkoliv \u00fasm\u011bv na tv\u00e1\u0159i n\u011bkter\u00e9ho z\u00a0nich v\u00fdsm\u011bchem n\u00e1rodu. A \u017ee se sm\u00e1li v\u0161ichni. Prahu tak\u00e9 k\u0159i\u017eovaly kolony houkaj\u00edc\u00edch policist\u016f doprov\u00e1zej\u00edc\u00edch ministry zahrani\u010d\u00ed\u00a0EU a UA, kte\u0159\u00ed se u n\u00e1s se\u0161li. A je pl\u00e1nov\u00e1no dal\u0161\u00ed setk\u00e1n\u00ed minim\u00e1ln\u011b na t\u00e9to \u00farovni\u00a0(dle na\u0161ich informac\u00ed na 9.9.2022). Hlavn\u00edm t\u00e9matem op\u011bt nebylo a nebude zru\u0161en\u00ed sankc\u00ed v\u016f\u010di Rusku, ale na po\u0159adu jedn\u00e1n\u00ed bylo nevyd\u00e1v\u00e1n\u00ed v\u00edz rusk\u00fdm ob\u010dan\u016fm a z\u00e1rove\u0148 se objevil n\u00e1vrh zru\u0161en\u00ed veta jednotliv\u00fdch st\u00e1t\u016f p\u0159i v\u011bt\u0161in\u011b bruselsk\u00fdch hlasov\u00e1n\u00ed, kter\u00fd se bude prob\u00edrat pr\u00e1v\u011b\u00a09.z\u00e1\u0159\u00ed. Co\u017e je nam\u00ed\u0159eno proti v\u0161em p\u0159\u00edpadn\u00fdm rebel\u016fm neochotn\u00fdm se pod\u0159izovat n\u011bkdy a\u017e \u00fachyln\u00fdm na\u0159\u00edzen\u00edm jdouc\u00edm z\u00a0Bruselu \u010di z\u00a0Evropsk\u00e9 komise. A jak v\u00edme, prvn\u00ed na \u0159ad\u011b jsou Ma\u010fa\u0159i, kter\u00fdm na z\u00e1da d\u00fdchaj\u00ed Pol\u00e1ci a nov\u011b i Bulha\u0159i.<\/p>\n<p>Pokud bude zru\u0161en\u00ed veta schv\u00e1leno, staneme se z\u00a0otrok\u016f s\u00a0minim\u00e1ln\u00edmi pr\u00e1vy otroky bez jak\u00fdchkoliv pr\u00e1v. N\u011bmecko se s\u00a0Franci\u00ed v\u017edy domluv\u00ed a ostatn\u00ed st\u00e1ty v\u010detn\u011b n\u00e1s budou moci zv\u00fd\u0161it tr\u00e9ninky v\u00a0\u0159i\u0165olezectv\u00ed, proto\u017ee jinak je syst\u00e9m EU sm\u00e1zne. Na druhou stranu to m\u016f\u017ee kone\u010dn\u011b znamenat odchod n\u011bkter\u00fdch dal\u0161\u00edch zem\u00ed z\u00a0tragick\u00e9ho svazku zvan\u00e9ho EU a t\u00edm i za\u010d\u00e1tek nov\u00fdch mo\u017enost\u00ed vr\u00e1tit se k\u00a0vlastn\u00ed svrchovanosti. Co\u017e je sp\u00ed\u0161e zbo\u017en\u00e9 p\u0159\u00e1n\u00ed, proto\u017ee spolumajitel\u00e9 obchodn\u00ed zna\u010dky EU nemaj\u00ed \u017e\u00e1dn\u00fd z\u00e1jem na tom o svou dojnou kr\u00e1vu p\u0159ij\u00edt. A je\u0161t\u011b mali\u010dkost. Po tzv. Sametov\u00e9 revoluci jsme byli sv\u011bdky slib\u016f, \u017ee papal\u00e1\u0161stv\u00ed n\u00e1mi poznan\u00e9 u komunist\u016f u\u017e neza\u017eijeme. Dne\u0161n\u00ed p\u0159esuny \u00fa\u010dastn\u00edk\u016f sletu ministr\u016f zahrani\u010d\u00ed EU a Ukrajiny pomoc\u00ed kolon veden\u00fdch a hl\u00eddan\u00fdch policisty bylo uk\u00e1zkou toho, \u017ee tu samozvan\u00e9 elity m\u00e1me se v\u0161\u00ed par\u00e1dou zp\u011bt a se v\u0161\u00ed jejich aroganc\u00ed.<\/p>\n<p>Pojem energetick\u00e1 krize rezonuje spole\u010dnost\u00ed velmi v\u00fdrazn\u011b, s\u00a0n\u00ed p\u0159ich\u00e1z\u00ed chudoba a hlad. Pomalu, potichu a nen\u00e1padn\u011b, ov\u0161em o to neodbytn\u011bji. Nespol\u00e9hejme na to, \u017ee to n\u011bjak dopadne, proto\u017ee to m\u016f\u017ee b\u00fdt fakt velk\u00e1 r\u00e1na, nav\u00edc dop\u0159edu p\u0159ipraven\u00e1. P\u0159e\u010dt\u011bte si n\u011bco od Klause Schwaba, abyste pochopili, jak na v\u00e1s nahl\u00ed\u017e\u00ed zakladatel Sv\u011btov\u00e9ho ekonomick\u00e9ho f\u00f3ra. Pro n\u011bj absolutn\u00ed v\u011bt\u0161ina z\u00a0n\u00e1s pat\u0159\u00ed do skupiny nepot\u0159ebn\u00fdch, otravn\u00fdch, a t\u00edm i p\u0159ebyte\u010dn\u00fdch lid\u00ed, kter\u00fdch je t\u0159eba se zbavit, nejl\u00e9pe \u010d\u00e1sti do roku 2030, zbytku do konce stolet\u00ed. V\u011b\u0159te tomu, \u017ee u\u017e na tom usilovn\u011b pracuj\u00ed, ostatn\u011b na tamn\u00edm p\u00f3diu se opakovan\u011b objevuj\u00ed Gates, Soros, za sv\u00e9 d\u011bti pova\u017euj\u00ed Trudeau, Johnsona, Leyenovou a plno dal\u0161\u00edch politik\u016f podepsan\u00fdch pod sou\u010dasnou situac\u00ed. Ano, dostavil se tam i Putin, jen\u017ee ten se jim utrhnul ze \u0159et\u011bzu. Na\u0161t\u011bst\u00ed. Maj\u00ed d\u016frazn\u00fd n\u00e1stroj v\u00a0podob\u011b Green Dealu, jeho\u017e existence je stejn\u011b um\u011bl\u00e1, jako jsou ceny energi\u00ed a potravin. Chcete li si tedy p\u0159ekazit jejich pl\u00e1ny s\u00a0depopulac\u00ed, Green Dealem a Velk\u00fdm resetem, mus\u00edte se za\u010d\u00edt aktivn\u011b br\u00e1nit. A kdy\u017e to nep\u016fjde v\u00a0klidu, co\u017e u\u017e je hrani\u010dn\u00ed, o\u010dek\u00e1vejte i lidsk\u00e9 ob\u011bti. Oni se na n\u00e1s dlouho p\u0159ipravuj\u00ed. My nesm\u00edme b\u00fdt nep\u0159ipraveni.<\/p>\n<\/div>\n<p><a href=\"https:\/\/www.inadhled.live\/zajimavosti\/firmy-se-hrouti-nikdo-moc-nebojuje\/\">Jind\u0159ich Kulhav\u00fd<\/a><\/p>\n<p>&nbsp;<\/p>\n","protected":false},"excerpt":{"rendered":"<p>Je\u0161t\u011b neza\u010dal podzim a ochlazov\u00e1n\u00ed, nicm\u00e9n\u011b \u010desk\u00fd pr\u016fmysl u\u017e m\u00e1 prvn\u00ed odpadl\u00edky. Energeticky n\u00e1ro\u010dn\u00e9 firmy&#8230;<\/p>\n","protected":false},"author":2,"featured_media":14428,"comment_status":"closed","ping_status":"closed","sticky":false,"template":"","format":"standard","meta":[],"categories":[6],"tags":[29,371,122],"_links":{"self":[{"href":"https:\/\/www.infokuryr.cz\/n\/wp-json\/wp\/v2\/posts\/14427"}],"collection":[{"href":"https:\/\/www.infokuryr.cz\/n\/wp-json\/wp\/v2\/posts"}],"about":[{"href":"https:\/\/www.infokuryr.cz\/n\/wp-json\/wp\/v2\/types\/post"}],"author":[{"embeddable":true,"href":"https:\/\/www.infokuryr.cz\/n\/wp-json\/wp\/v2\/users\/2"}],"replies":[{"embeddable":true,"href":"https:\/\/www.infokuryr.cz\/n\/wp-json\/wp\/v2\/comments?post=14427"}],"version-history":[{"count":1,"href":"https:\/\/www.infokuryr.cz\/n\/wp-json\/wp\/v2\/posts\/14427\/revisions"}],"predecessor-version":[{"id":14429,"href":"https:\/\/www.infokuryr.cz\/n\/wp-json\/wp\/v2\/posts\/14427\/revisions\/14429"}],"wp:featuredmedia":[{"embeddable":true,"href":"https:\/\/www.infokuryr.cz\/n\/wp-json\/wp\/v2\/media\/14428"}],"wp:attachment":[{"href":"https:\/\/www.infokuryr.cz\/n\/wp-json\/wp\/v2\/media?parent=14427"}],"wp:term":[{"taxonomy":"category","embeddable":true,"href":"https:\/\/www.infokuryr.cz\/n\/wp-json\/wp\/v2\/categories?post=14427"},{"taxonomy":"post_tag","embeddable":true,"href":"https:\/\/www.infokuryr.cz\/n\/wp-json\/wp\/v2\/tags?post=14427"}],"curies":[{"name":"wp","href":"https:\/\/api.w.org\/{rel}","templated":true}]}}