{"id":14426,"date":"2022-09-02T01:02:57","date_gmt":"2022-09-01T23:02:57","guid":{"rendered":"http:\/\/www.infokuryr.cz\/n\/?p=14426"},"modified":"2022-09-01T16:14:12","modified_gmt":"2022-09-01T14:14:12","slug":"jiri-paroubek-uplne-znemozneny-ministr-vnitra-rakusan","status":"publish","type":"post","link":"https:\/\/www.infokuryr.cz\/n\/2022\/09\/02\/jiri-paroubek-uplne-znemozneny-ministr-vnitra-rakusan\/","title":{"rendered":"Ji\u0159\u00ed Paroubek: \u00dapln\u011b znemo\u017en\u011bn\u00fd ministr vnitra Raku\u0161an"},"content":{"rendered":"<div id=\"fb-root\"><\/div>\n<p><strong>Kdy\u017e jsem n\u011bkdy p\u0159ed \u010dtrn\u00e1cti dny sed\u011bl v jednom z diskuzn\u00edch po\u0159ad\u016f CNN Prima News s Cyrilem Svobodou a p\u0159i\u0161la debata na \u0161\u00e9fa civiln\u00ed rozv\u011bdky Mlejnka, \u0159ekl jsem jednozna\u010dn\u011b, \u017ee celou v\u011bc pova\u017euji za vy\u0159\u00edzenou. \u017de \u0161\u00e9f jedn\u00e9 ze t\u0159\u00ed \u010desk\u00fdch rozv\u011bdek mus\u00ed b\u00fdt \u201e\u010dist\u00fd jako slovo bo\u017e\u00ed\u201c. A \u017ee by jej tedy ministr vnitra Raku\u0161an m\u011bl okam\u017eit\u011b odvolat a \u017ee d\u0159\u00edve \u010di pozd\u011bji to ud\u011blat mus\u00ed. Bylo to na sam\u00e9m za\u010d\u00e1tku t\u00e9to kauzy, kter\u00e1 se vyd\u011blila z kauzy Dozimetr a za\u010dala \u017e\u00edt vlastn\u00edm \u017eivotem.<\/strong><\/p>\n<p>\u017dijeme v zemi, kde policie r\u00e1da \u010dasto postupn\u011b vypou\u0161t\u00ed do ve\u0159ejn\u00e9ho prostoru v\u0161echny odposlechy, kter\u00e9 m\u00e1 k dispozici. A tak jsem nepochyboval, \u017ee pokud se Raku\u0161anem jmenovan\u00fd \u0161\u00e9f civiln\u00ed rozv\u011bdky Mlejnek po l\u00e9ta v\u00eddal \u010di st\u00fdkal s hlavou zlo\u010dineck\u00e9 skupiny, kter\u00e1 se us\u00eddlila na pra\u017esk\u00e9m magistr\u00e1tu v osob\u011b n\u00e1m\u011bstka prim\u00e1tora za STAN Hlubu\u010dka, \u017ee se \u010dasem z odposlech\u016f dozv\u00edme dal\u0161\u00ed nehezk\u00e9 v\u011bci. A ty dok\u00e1\u017e\u00ed mnohem u\u017e\u0161\u00ed a hlub\u0161\u00ed vazby mezi Mlejnkem a Redlem.<\/p>\n<p>Prost\u011b takov\u00e1 je logika t\u011bchto lump\u00e1ren. A policie, z\u0159ejm\u011b v z\u00e1jmu spravedlnosti, ale tak\u00e9 pro pobaven\u00ed \u0161irok\u00e9ho publika, pou\u0161t\u00ed tyto (\u010dasto pikantn\u00ed) informace s velk\u00fdm gustem d\u00e1l.<\/p>\n<p>Situace se politicky stala pro vl\u00e1du a zejm\u00e9na ministra Raku\u0161ana ne\u00fanosnou. Byla dokonce jedn\u00edm z hlavn\u00edch d\u016fvod\u016f, pro\u010d dnes bude vl\u00e1da \u010delit hlasov\u00e1n\u00ed o d\u016fv\u011b\u0159e, o n\u011b\u017e po\u017e\u00e1dala opozice.<\/p>\n<p>Ministr Raku\u0161an infantiln\u011b trval dlouh\u00e9 t\u00fddny na udr\u017een\u00ed mu\u017ee, kter\u00e9ho ne\u0161lo ve ve\u0159ejn\u00e9 funkci obh\u00e1jit a udr\u017eet. Ztrapnil sebe, svou stranu (pokud to u STAN je je\u0161t\u011b mo\u017en\u00e9), kterou vede i celou vl\u00e1du. A domn\u00edv\u00e1m se, \u017ee STAN zasadil posledn\u00ed r\u00e1nu z milosti p\u0159ed volbami do zastupitelstev obc\u00ed a do Sen\u00e1tu, kter\u00e9 se konaj\u00ed za necel\u00e9 \u010dty\u0159i t\u00fddny.<\/p>\n<p>Kdyby Raku\u0161an zas\u00e1hl tehdy, kdy\u017e jsem mu to p\u0159\u00e1telsky ve sv\u00e9m \u010dl\u00e1nku radil, i s odvol\u00e1n\u00edm na d\u00e1vn\u00e9 p\u0159\u00e1telsk\u00e9 styky mezi mnou a jeho otcem, n\u011bkdej\u0161\u00edm m\u00edstop\u0159edsedou Sen\u00e1tu za \u010cSSD, tak by si svou pozici v \u010dele ministerstva sp\u00ed\u0161e upevnil. Te\u010f je tomu naopak.<\/p>\n<p>Dnes jsme se z m\u00e9di\u00ed dozv\u011bd\u011bli, \u017ee hlavn\u00ed politick\u00e1 figura kauzy Dozimetr, Petr Hlubu\u010dek, d\u0159\u00edve n\u00e1m\u011bstek prim\u00e1tora za STAN, byla propu\u0161t\u011bna z vazby na vysokou kauci. Hlubu\u010dek sta\u010dil ve\u0161ker\u00fd sv\u016fj majetek &#8222;v\u010das&#8220; p\u0159ev\u00e9st na sv\u00e9ho p\u0159\u00edtele, s n\u00edm\u017e \u017eije. Pro zaj\u00edmavost, nemovitosti od Hlubu\u010dka z\u00edskal jeho p\u0159\u00edtel Karv\u00e1nek a\u017e 15. \u010dervna a \u010d\u00e1st t\u011bchto nemovitost\u00ed t\u00e9m\u011b\u0159 za 15 milion\u016f korun prodal.<\/p>\n<p>A tak m\u00e1 policie podle denn\u00edho tisku zaji\u0161t\u011bn pouze Redl\u016fv konspira\u010dn\u00ed byt v centru Prahy, kde se sch\u00e1zeli obvin\u011bn\u00ed \u010dlenov\u00e9 zlo\u010dineck\u00e9 skupiny a kde tu a tam tak\u00e9 organizovali pro sv\u00e9 povyra\u017een\u00ed sexu\u00e1ln\u00ed orgie. Chlapci se zkr\u00e1tka bavili, jak se d\u00e1.<\/p>\n<p>Nemohu se zbavit dojmu, \u017ee \u010desk\u00e1 justice m\u011b\u0159\u00ed rozd\u00edln\u00fdm metrem, p\u0159i \u010dinech, kter\u00e9 jsou kvalifikov\u00e1ny podle obdobn\u00fdch paragraf\u016f. David Rath byl dr\u017een ve vazb\u011b zhruba jeden a p\u016fl roku v koluzn\u00ed vazb\u011b, pr\u00fd aby nemohl ovlivnit vy\u0161et\u0159ov\u00e1n\u00ed. Hlubu\u010dek a n\u011bkte\u0159\u00ed dal\u0161\u00ed v\u00fdte\u010dn\u00edci byli propu\u0161t\u011bni z vazby ji\u017e po dvou p\u016fl m\u011bs\u00edc\u00edch. Policie z\u0159ejm\u011b m\u00e1 dostatek d\u016fkaz\u016f v t\u00e9to rozv\u011btven\u00e9 kauze a nen\u00ed tud\u00ed\u017e pr\u00fd nebezpe\u010d\u00ed, \u017ee by do\u0161lo k ovliv\u0148ov\u00e1n\u00ed sv\u011bdk\u016f, nato\u017e pak k jejich spol\u010den\u00ed. Je to opravdu velmi podivn\u00e9&#8230; Zkr\u00e1tka ministr Raku\u0161an by m\u011bl odej\u00edt z ministerstva vnitra.<\/p>\n<p>Zat\u00edm kauza, vzhledem k tomu, \u017ee \u0159ada obvin\u011bn\u00fdch p\u0159ijala statut spolupracuj\u00edc\u00edho obvin\u011bn\u00e9ho, sp\u011bje k tomu, \u017ee jedin\u00fd, kdo skon\u010d\u00ed v osidlech spravedlnosti, bude nesv\u00e9pr\u00e1vn\u00fd Redl. A byla by obrovsk\u00e1 legrace, kdyby v\u0161ichni spolupracuj\u00edc\u00ed obvin\u011bn\u00ed vyv\u00e1zli s podm\u00edn\u011bn\u00fdmi tresty a Redl, jako nep\u0159\u00ed\u010detn\u00fd (i kdy\u017e to, co zorganizoval, sv\u011bd\u010d\u00ed sp\u00ed\u0161e o tom, \u017ee m\u00e1 v\u0161ech p\u011bt pohromad\u011b) a tud\u00ed\u017e neodsouditeln\u00fd. To by byl z\u00e1v\u011br\u2026<\/p>\n<p>Nicm\u00e9n\u011b soud se pot\u00e1hne rok mo\u017en\u00e1 dva anebo t\u0159i a m\u00e1 nepochybn\u011b potenci\u00e1l politicky zni\u010dit STAN. Tedy stranu, je\u017e vystupovala p\u0159ed volbami do sn\u011bmovny se s\u017e\u00edravou kritikou A. Babi\u0161e, jako jedin\u00e1 spravedliv\u00e1. Kauza m\u016f\u017ee v\u00fdznamn\u011b po\u0161kodit v\u0161echny dal\u0161\u00ed vl\u00e1dn\u00ed strany. Ostatn\u011b tak, jak odposlechy nyn\u00ed uk\u00e1zaly na Mlejnka, \u017ee se na \u010dachrov\u00e1n\u00ed se zak\u00e1zkami podle v\u0161eho pod\u00edlel, mohou uk\u00e1zat je\u0161t\u011b na politiky z jin\u00fdch vl\u00e1dn\u00edch stran. Ti si na\u0161t\u011bst\u00ed d\u00e1vali z\u00e1le\u017eet na tom, aby do holportu p\u0159i sv\u00fdch lump\u00e1rn\u00e1ch nep\u0159izvali reprezentanty politick\u00e9 opozice \u2013 tedy hnut\u00ed ANO a SPD. Zapla\u0165 p\u00e1nb\u016fh pro opozici.<\/p>\n<p><a href=\"http:\/\/vasevec.parlamentnilisty.cz\/domaci-politika\/uplne-znemozneny-ministr-vnitra-rakusan\">Ji\u0159\u00ed Paroubek<\/a><\/p>\n<p><img decoding=\"async\" loading=\"lazy\" class=\"alignnone size-medium wp-image-2342\" src=\"http:\/\/www.infokuryr.cz\/n\/wp-content\/uploads\/2021\/06\/paroubek-300x208.jpg\" alt=\"\" width=\"300\" height=\"208\" srcset=\"https:\/\/www.infokuryr.cz\/n\/wp-content\/uploads\/2021\/06\/paroubek-300x208.jpg 300w, https:\/\/www.infokuryr.cz\/n\/wp-content\/uploads\/2021\/06\/paroubek.jpg 318w\" sizes=\"(max-width: 300px) 100vw, 300px\" \/><\/p>\n<p>&nbsp;<\/p>\n","protected":false},"excerpt":{"rendered":"<p>Kdy\u017e jsem n\u011bkdy p\u0159ed \u010dtrn\u00e1cti dny sed\u011bl v jednom z diskuzn\u00edch po\u0159ad\u016f CNN Prima News&#8230;<\/p>\n","protected":false},"author":2,"featured_media":10057,"comment_status":"closed","ping_status":"closed","sticky":false,"template":"","format":"standard","meta":[],"categories":[6],"tags":[29,122,1032,3096],"_links":{"self":[{"href":"https:\/\/www.infokuryr.cz\/n\/wp-json\/wp\/v2\/posts\/14426"}],"collection":[{"href":"https:\/\/www.infokuryr.cz\/n\/wp-json\/wp\/v2\/posts"}],"about":[{"href":"https:\/\/www.infokuryr.cz\/n\/wp-json\/wp\/v2\/types\/post"}],"author":[{"embeddable":true,"href":"https:\/\/www.infokuryr.cz\/n\/wp-json\/wp\/v2\/users\/2"}],"replies":[{"embeddable":true,"href":"https:\/\/www.infokuryr.cz\/n\/wp-json\/wp\/v2\/comments?post=14426"}],"version-history":[{"count":0,"href":"https:\/\/www.infokuryr.cz\/n\/wp-json\/wp\/v2\/posts\/14426\/revisions"}],"wp:featuredmedia":[{"embeddable":true,"href":"https:\/\/www.infokuryr.cz\/n\/wp-json\/wp\/v2\/media\/10057"}],"wp:attachment":[{"href":"https:\/\/www.infokuryr.cz\/n\/wp-json\/wp\/v2\/media?parent=14426"}],"wp:term":[{"taxonomy":"category","embeddable":true,"href":"https:\/\/www.infokuryr.cz\/n\/wp-json\/wp\/v2\/categories?post=14426"},{"taxonomy":"post_tag","embeddable":true,"href":"https:\/\/www.infokuryr.cz\/n\/wp-json\/wp\/v2\/tags?post=14426"}],"curies":[{"name":"wp","href":"https:\/\/api.w.org\/{rel}","templated":true}]}}