{"id":1441,"date":"2021-05-07T06:08:14","date_gmt":"2021-05-07T04:08:14","guid":{"rendered":"http:\/\/www.infokuryr.cz\/n\/?p=1441"},"modified":"2021-05-07T06:08:14","modified_gmt":"2021-05-07T04:08:14","slug":"pri-prestrelce-v-metru-v-rio-de-janeiru-bylo-zabito-25-lidi","status":"publish","type":"post","link":"https:\/\/www.infokuryr.cz\/n\/2021\/05\/07\/pri-prestrelce-v-metru-v-rio-de-janeiru-bylo-zabito-25-lidi\/","title":{"rendered":"P\u0159i p\u0159est\u0159elce v metru v Rio de Janeiru bylo zabito 25 lid\u00ed"},"content":{"rendered":"<div id=\"fb-root\"><\/div>\n<p><strong>P\u0159i p\u0159est\u0159elce v metru v Rio de Janeiru zahynul jeden policista a 24 podez\u0159el\u00fdch. Dva lid\u00e9 cestuj\u00edc\u00ed ve vlaku a dva policist\u00e9 byli zran\u011bni, uv\u00e1d\u00ed port\u00e1l G1.<\/strong><\/p>\n<p>\u201eP\u0159i z\u00e1sahu civiln\u00ed policie proti neleg\u00e1ln\u00edmu obchodov\u00e1n\u00ed s drogami zahynulo ve \u010dtvrtek brzy r\u00e1no v severn\u00ed z\u00f3n\u011b Rio de Janeira celkem 24 lid\u00ed,&#8220; uv\u00e1d\u00ed se ve zpr\u00e1v\u011b.<\/p>\n<p>Video, kter\u00e9 \u00fadajn\u011b zachycuje n\u00e1sledky st\u0159elby, bylo sd\u00edleno online.<\/p>\n<p>Na z\u00e1b\u011brech jsou zachyceny prvn\u00ed minuty po st\u0159elb\u011b a ve vagonu metra jsou vid\u011bt zran\u011bn\u00e9 osoby. Mnoho cestuj\u00edc\u00edch sed\u00ed na podlaze a sna\u017e\u00ed se uniknout kulk\u00e1m.<\/p>\n<p>Dal\u0161\u00ed z\u00e1b\u011bry ukazuj\u00ed zran\u011bn\u00e9 a dal\u0161\u00ed cestuj\u00edc\u00ed ve vlaku, v n\u011bm\u017e do\u0161lo ke st\u0159elb\u011b. Vlak zastavil na stanici, lid\u00e9 vy\u0161li na n\u00e1stupi\u0161t\u011b.<\/p>\n<p>Gang zapojen\u00fd do vra\u017ed, loupe\u017e\u00ed a \u00fanos\u016f vlak\u016f podle policie p\u0159il\u00e1kal d\u011bti a ml\u00e1de\u017e.\u00a0Informuje\u00a0o tom port\u00e1l Globo.<\/p>\n<p>Podle informac\u00ed uveden\u00fdch v m\u00e9di\u00edch policista Andr\u00e9 Frias zem\u0159el na n\u00e1sledky poran\u011bn\u00ed hlavy. Zran\u011bni byli tak\u00e9 dva cestuj\u00edc\u00ed vlaku metra a dva policist\u00e9.<\/p>\n<p>Jak ji\u017e bylo uvedeno,\u00a0<strong>po\u010det ob\u011bt\u00ed<\/strong>\u00a0p\u0159i t\u00e9to speci\u00e1ln\u00ed operaci je od roku 2016, kdy se za\u010daly v\u00e9st statistiky, rekordn\u00ed.<\/p>\n<p>P\u0159ipome\u0148me, \u017ee v \u010dervnu 2020 bylo ozn\u00e1meno, \u017ee b\u011bhem st\u0159elby na ve\u010d\u00edrku v Rio de Janeiru zem\u0159elo p\u011bt lid\u00ed.<\/p>\n<p><a href=\"https:\/\/cz.sputniknews.com\/20210506\/pri-prestrelce-v-metru-v-rio-de-janeiru-bylo-zabito-23-lidi-14393981.html\">ZDROJ<\/a><\/p>\n<p>&nbsp;<\/p>\n","protected":false},"excerpt":{"rendered":"<p>P\u0159i p\u0159est\u0159elce v metru v Rio de Janeiru zahynul jeden policista a 24 podez\u0159el\u00fdch. Dva&#8230;<\/p>\n","protected":false},"author":2,"featured_media":1442,"comment_status":"closed","ping_status":"closed","sticky":false,"template":"","format":"standard","meta":[],"categories":[7],"tags":[288,36],"_links":{"self":[{"href":"https:\/\/www.infokuryr.cz\/n\/wp-json\/wp\/v2\/posts\/1441"}],"collection":[{"href":"https:\/\/www.infokuryr.cz\/n\/wp-json\/wp\/v2\/posts"}],"about":[{"href":"https:\/\/www.infokuryr.cz\/n\/wp-json\/wp\/v2\/types\/post"}],"author":[{"embeddable":true,"href":"https:\/\/www.infokuryr.cz\/n\/wp-json\/wp\/v2\/users\/2"}],"replies":[{"embeddable":true,"href":"https:\/\/www.infokuryr.cz\/n\/wp-json\/wp\/v2\/comments?post=1441"}],"version-history":[{"count":0,"href":"https:\/\/www.infokuryr.cz\/n\/wp-json\/wp\/v2\/posts\/1441\/revisions"}],"wp:featuredmedia":[{"embeddable":true,"href":"https:\/\/www.infokuryr.cz\/n\/wp-json\/wp\/v2\/media\/1442"}],"wp:attachment":[{"href":"https:\/\/www.infokuryr.cz\/n\/wp-json\/wp\/v2\/media?parent=1441"}],"wp:term":[{"taxonomy":"category","embeddable":true,"href":"https:\/\/www.infokuryr.cz\/n\/wp-json\/wp\/v2\/categories?post=1441"},{"taxonomy":"post_tag","embeddable":true,"href":"https:\/\/www.infokuryr.cz\/n\/wp-json\/wp\/v2\/tags?post=1441"}],"curies":[{"name":"wp","href":"https:\/\/api.w.org\/{rel}","templated":true}]}}