{"id":1439,"date":"2021-05-07T06:02:16","date_gmt":"2021-05-07T04:02:16","guid":{"rendered":"http:\/\/www.infokuryr.cz\/n\/?p=1439"},"modified":"2021-05-07T06:02:16","modified_gmt":"2021-05-07T04:02:16","slug":"angela-merkelova-zapamatovat-si-historii-je-navzdy-odpovednosti-nemecka","status":"publish","type":"post","link":"https:\/\/www.infokuryr.cz\/n\/2021\/05\/07\/angela-merkelova-zapamatovat-si-historii-je-navzdy-odpovednosti-nemecka\/","title":{"rendered":"Angela Merkelov\u00e1: Zapamatovat si historii je nav\u017edy odpov\u011bdnost\u00ed N\u011bmecka"},"content":{"rendered":"<div id=\"fb-root\"><\/div>\n<p><strong>N\u011bmeck\u00e1 kancl\u00e9\u0159ka Angela Merkelov\u00e1 ve st\u0159edu p\u0159ednesla projev na on-line ceremoni\u00e1lu 76. v\u00fdro\u010d\u00ed osvobozen\u00ed Nizozemska. Merkelov\u00e1 zd\u016fraznila, \u017ee zapamatov\u00e1n\u00ed si historie je nav\u017edy odpov\u011bdnost\u00ed N\u011bmecka, N\u011bmecko a Nizozemsko budou spolupracovat na boji proti antisemitismu, rasismu a jak\u00e9koli form\u011b xenofobie a budou spole\u010dn\u011b reagovat na v\u00fdzvy.<\/strong><\/p>\n<p>Dne 5. kv\u011btna je Den osvobozen\u00ed Nizozemska. V roce 1945 se Nizozemsko zbavilo nacistick\u00e9ho N\u011bmecka a dos\u00e1hlo svobody. Holandsk\u00e1 vl\u00e1da uspo\u0159\u00e1dala on-line pam\u011btn\u00ed ceremoni\u00e1l v Haagu a n\u011bmeck\u00e1 kancl\u00e9\u0159ka Angela Merkelov\u00e1 byla pozv\u00e1na, aby se ceremoni\u00e1lu z\u00fa\u010dastnila a p\u0159ednesla projev. Merkelov\u00e1 \u0159ekla, \u017ee jej\u00ed projev symbolizuje zvl\u00e1\u0161tn\u00ed p\u0159\u00e1telstv\u00ed mezi Nizozemskem a N\u011bmeckem. Zd\u016fraznila, \u017ee N\u011bmecko nikdy nezapomene nacistick\u00e9 trestn\u00e9 \u010dinnosti b\u011bhem druh\u00e9 sv\u011btov\u00e9 v\u00e1lky.<\/p>\n<p>Merkelov\u00e1 uvedla: \u201eNic nevypln\u00ed pr\u00e1zdnotu po zabit\u00ed, nic nenahrad\u00ed ztr\u00e1tu a neza\u017eene bolest p\u0159e\u017eiv\u0161\u00edch. Zlo\u010diny, kter\u00e9 byly sp\u00e1ch\u00e1ny, nezmiz\u00ed. Vzpom\u00ednka na historii je nav\u017edy odpov\u011bdnost N\u011bmecka.\u201c<\/p>\n<p>Merkelov\u00e1 p\u0159ipomn\u011bla, \u017ee Nizozemsko utrp\u011blo obrovsk\u00e9 \u0161kody b\u011bhem n\u011bmeck\u00e9 okupace v dob\u011b od roku 1940 do roku 1945. Pouze \u010dtvrtina \u017did\u016f \u017eij\u00edc\u00edch v Nizozemsku p\u0159e\u017eila, celkov\u00fd po\u010det ob\u011bt\u00ed p\u0159ekro\u010dil 200 tis\u00edc, a v\u00edce ne\u017e 600 tis\u00edc lid\u00ed bylo p\u0159epraveno do N\u011bmecka na nucen\u00e9 pr\u00e1ce. Proto byl den 5. kv\u011btna 1945 pro Nizozemsko dnem, kdy se zbavilo nadvl\u00e1dy nacistick\u00e9ho N\u011bmecka a z\u00edskalo svobodu. Merkelov\u00e1 \u0159ekla, \u017ee holand\u0161t\u00ed lid\u00e9 byli po mnoho let v\u017edy state\u010dn\u00ed a pevn\u011b br\u00e1nili sv\u00e9 ide\u00e1ly a v\u00edru.<\/p>\n<p>N\u011bmeck\u00e1 kancl\u00e9\u0159ka \u0159ekla: \u201eDne\u0161n\u00ed Nizozemsko je zem\u00ed proti \u00fatlaku a usiluje o sv\u011btov\u00fd m\u00edr a svobodu. M\u011bsto Haag je pr\u00e1vn\u00ed m\u011bsto, kde s\u00eddl\u00ed Mezin\u00e1rodn\u00ed soud a Mezin\u00e1rodn\u00ed trestn\u00ed soud a kde se kon\u00e1 leto\u0161n\u00ed ceremoni\u00e1l Dne osvobozen\u00ed Nizozemska.\u201c<\/p>\n<p>Merkelov\u00e1 pouk\u00e1zala na to, \u017ee po 76 letech je svoboda lid\u00ed op\u011bt omezena pandemi\u00ed nov\u00e9ho koronaviru. Podle jej\u00edho n\u00e1zoru racion\u00e1ln\u00ed opat\u0159en\u00ed na prevenci epidemie z\u00e1vis\u00ed na v\u010dasnosti p\u0159\u00edslu\u0161n\u00fdch ustanoven\u00ed a na druh\u00e9 stran\u011b je to neodd\u011bliteln\u00e9 od hrozby viru pro \u017eivot a zdrav\u00ed a lid\u00e9 jsou zodpov\u011bdn\u00ed za zv\u00e1\u017een\u00ed postoje k pochopen\u00ed \u201esvobody\u201c.<\/p>\n<p>Merkelov\u00e1 \u0159ekla: \u201e\u017d\u00e1dn\u00e1 zem\u011b nen\u00ed epidemi\u00ed u\u0161et\u0159ena. Za \u00fa\u010delem p\u0159ekon\u00e1n\u00ed krize a obnoven\u00ed svobodn\u00e9ho \u017eivota, bychom m\u011bli pos\u00edlit evropskou jednotu na z\u00e1klad\u011b porozum\u011bn\u00ed a jednoty.\u201c<\/p>\n<p>Merkelov\u00e1 uvedla \u0159adu teroristick\u00fdch \u00fatok\u016f zp\u016fsoben\u00fdch rasistick\u00fdm my\u0161len\u00edm v N\u011bmecku v posledn\u00edch dvou letech jako p\u0159\u00edklad a vyzvala Nizozemsko, aby nad\u00e1le spolupracovalo s N\u011bmeckem v boji proti rasov\u00e9 diskriminaci a zlo\u010din\u016fm z nen\u00e1visti.<\/p>\n<p><img decoding=\"async\" loading=\"lazy\" class=\"alignnone size-full wp-image-1185\" src=\"http:\/\/www.infokuryr.cz\/n\/wp-content\/uploads\/2021\/04\/kuryr-podpis.png\" alt=\"\" width=\"84\" height=\"24\" \/><\/p>\n<p>&nbsp;<\/p>\n","protected":false},"excerpt":{"rendered":"<p>N\u011bmeck\u00e1 kancl\u00e9\u0159ka Angela Merkelov\u00e1 ve st\u0159edu p\u0159ednesla projev na on-line ceremoni\u00e1lu 76. v\u00fdro\u010d\u00ed osvobozen\u00ed Nizozemska&#8230;.<\/p>\n","protected":false},"author":2,"featured_media":1440,"comment_status":"closed","ping_status":"closed","sticky":false,"template":"","format":"standard","meta":[],"categories":[7],"tags":[287,84,230,40],"_links":{"self":[{"href":"https:\/\/www.infokuryr.cz\/n\/wp-json\/wp\/v2\/posts\/1439"}],"collection":[{"href":"https:\/\/www.infokuryr.cz\/n\/wp-json\/wp\/v2\/posts"}],"about":[{"href":"https:\/\/www.infokuryr.cz\/n\/wp-json\/wp\/v2\/types\/post"}],"author":[{"embeddable":true,"href":"https:\/\/www.infokuryr.cz\/n\/wp-json\/wp\/v2\/users\/2"}],"replies":[{"embeddable":true,"href":"https:\/\/www.infokuryr.cz\/n\/wp-json\/wp\/v2\/comments?post=1439"}],"version-history":[{"count":0,"href":"https:\/\/www.infokuryr.cz\/n\/wp-json\/wp\/v2\/posts\/1439\/revisions"}],"wp:featuredmedia":[{"embeddable":true,"href":"https:\/\/www.infokuryr.cz\/n\/wp-json\/wp\/v2\/media\/1440"}],"wp:attachment":[{"href":"https:\/\/www.infokuryr.cz\/n\/wp-json\/wp\/v2\/media?parent=1439"}],"wp:term":[{"taxonomy":"category","embeddable":true,"href":"https:\/\/www.infokuryr.cz\/n\/wp-json\/wp\/v2\/categories?post=1439"},{"taxonomy":"post_tag","embeddable":true,"href":"https:\/\/www.infokuryr.cz\/n\/wp-json\/wp\/v2\/tags?post=1439"}],"curies":[{"name":"wp","href":"https:\/\/api.w.org\/{rel}","templated":true}]}}