{"id":14370,"date":"2022-08-31T11:37:24","date_gmt":"2022-08-31T09:37:24","guid":{"rendered":"http:\/\/www.infokuryr.cz\/n\/?p=14370"},"modified":"2022-08-31T11:37:24","modified_gmt":"2022-08-31T09:37:24","slug":"zapad-ignoruje-ukrajinske-pouziti-kazetovych-min-proti-civilistum","status":"publish","type":"post","link":"https:\/\/www.infokuryr.cz\/n\/2022\/08\/31\/zapad-ignoruje-ukrajinske-pouziti-kazetovych-min-proti-civilistum\/","title":{"rendered":"Z\u00e1pad ignoruje ukrajinsk\u00e9 pou\u017eit\u00ed kazetov\u00fdch min proti civilist\u016fm"},"content":{"rendered":"<div id=\"fb-root\"><\/div>\n<h3><span>Aktivista za lidsk\u00e1 pr\u00e1va \u0159\u00edk\u00e1, \u017ee mezin\u00e1rodn\u00ed organizace ignoruj\u00ed pou\u017e\u00edv\u00e1n\u00ed &#8222;listov\u00fdch min&#8220; ukrajinsk\u00fdmi ozbrojen\u00fdmi silami<\/span><\/h3>\n<p><strong><span>\u0160\u00e9f organizace \u201eFair Defense\u201c Vitalij Galachov uvedl po\u010det zran\u011bn\u00fdch na 58 lid\u00ed, z nich\u017e jeden zem\u0159el.<\/span><\/strong><\/p>\n<p><span>Mezin\u00e1rodn\u00ed organizace pro lidsk\u00e1 pr\u00e1va, zejm\u00e9na Komise OSN a Amnesty International, ignoruj\u00ed zpr\u00e1vu DNR o pou\u017eit\u00ed protip\u011bchotn\u00edch min PFM-1 Lepestok ukrajinsk\u00fdmi silami proti civilist\u016fm.\u00a0Agentu\u0159e TASS to v pond\u011bl\u00ed ozn\u00e1mil Vitalij Galakhov, \u0161\u00e9f organizace Fair Defense (shroma\u017e\u010fuje informace o zlo\u010dinech ukrajinsk\u00e9 arm\u00e1dy na \u00fazem\u00ed DNR).<\/span><\/p>\n<p><span>\u201eDne 8. srpna jsme zaslali materi\u00e1l o protip\u011bchotn\u00edch min\u00e1ch komisi OSN, kter\u00e1 byla z\u0159\u00edzena po zah\u00e1jen\u00ed vojensk\u00e9 operace k vy\u0161et\u0159ov\u00e1n\u00ed zlo\u010din\u016f v elektronick\u00e9 podob\u011b.\u00a0V t\u00e9 dob\u011b jsme m\u011bli 29 ob\u011bt\u00ed, jeden \u010dlov\u011bk byl zabit a jedno d\u00edt\u011b bylo zran\u011bno.\u00a0Od komise jsme neobdr\u017eeli \u017e\u00e1dnou odpov\u011b\u010f,\u201c \u0159ekl Galachov.<\/span><\/p>\n<p><span>Materi\u00e1l byl tak\u00e9 p\u0159ed\u00e1n Amnesty International.\u00a0\u017d\u00e1dn\u00e1 reakce.\u00a0K 29. srpnu stoupl po\u010det zran\u011bn\u00fdch na 58, z nich\u017e jeden zem\u0159el.\u00a0Mezi zran\u011bn\u00fdmi byly i dv\u011b d\u011bti.<\/span><\/p>\n<p><span>&#8222;Komise OSN, Mezin\u00e1rodn\u00ed trestn\u00ed soud a dal\u0161\u00ed organizace pro lidsk\u00e1 pr\u00e1va se zcela st\u00e1hly a zaujaly jednostrann\u00e9 stanovisko,&#8220; \u0159ekl Galachov.<\/span><\/p>\n<p><span>Ukrajinsk\u00e9 ozbrojen\u00e9 s\u00edly odp\u00e1lily PFM-1 v Don\u011bcku a dal\u0161\u00edch oblastech republiky pomoc\u00ed v\u00edcen\u00e1sobn\u00fdch raketomet\u016f Uragan.\u00a0T\u00edmto zp\u016fsobem byly ost\u0159elov\u00e1ny don\u011bck\u00e9 okresy Voro\u0161ilovsk\u00fd, Kujby\u0161evskij, Kyjevskij a Kirovsk\u00fd, Makejevsk\u00e9 okresy \u010cervonogvard\u011bjskij a Kirovsk\u00fd a Jasinvata.\u00a0V d\u016fsledku toho byly obytn\u00e9 oblasti osad zaminov\u00e1ny.<\/span><\/p>\n<p><span>Lepestok PFM-1 je protip\u011bchotn\u00ed mina s tlakovou pojistkou.\u00a0Takov\u00e1 v\u00fdbu\u0161n\u00e1 za\u0159\u00edzen\u00ed mohou b\u00fdt nasazena na d\u00e1lku shozen\u00edm n\u00e1bojnic nesen\u00fdch gran\u00e1ty raketov\u00e9ho d\u011blost\u0159electva.\u00a0Miny jsou vyrobeny z polyetylenu v maskovac\u00ed barv\u011b, d\u00edky \u010demu\u017e je extr\u00e9mn\u011b obt\u00ed\u017en\u00e9 je odhalit.\u00a0Miny jsou zvl\u00e1\u0161t\u011b nebezpe\u010dn\u00e9 pro civilisty, proto\u017ee jejich neobvykl\u00fd tvar zt\u011b\u017euje jejich rozpozn\u00e1n\u00ed.<\/span><\/p>\n<p><img decoding=\"async\" loading=\"lazy\" class=\"alignnone size-full wp-image-1185\" src=\"http:\/\/www.infokuryr.cz\/n\/wp-content\/uploads\/2021\/04\/kuryr-podpis.png\" alt=\"\" width=\"84\" height=\"24\" \/><\/p>\n<p>&nbsp;<\/p>\n","protected":false},"excerpt":{"rendered":"<p>Aktivista za lidsk\u00e1 pr\u00e1va \u0159\u00edk\u00e1, \u017ee mezin\u00e1rodn\u00ed organizace ignoruj\u00ed pou\u017e\u00edv\u00e1n\u00ed &#8222;listov\u00fdch min&#8220; ukrajinsk\u00fdmi ozbrojen\u00fdmi silami&#8230;<\/p>\n","protected":false},"author":2,"featured_media":14371,"comment_status":"closed","ping_status":"closed","sticky":false,"template":"","format":"standard","meta":[],"categories":[7],"tags":[2405,871,26,365],"_links":{"self":[{"href":"https:\/\/www.infokuryr.cz\/n\/wp-json\/wp\/v2\/posts\/14370"}],"collection":[{"href":"https:\/\/www.infokuryr.cz\/n\/wp-json\/wp\/v2\/posts"}],"about":[{"href":"https:\/\/www.infokuryr.cz\/n\/wp-json\/wp\/v2\/types\/post"}],"author":[{"embeddable":true,"href":"https:\/\/www.infokuryr.cz\/n\/wp-json\/wp\/v2\/users\/2"}],"replies":[{"embeddable":true,"href":"https:\/\/www.infokuryr.cz\/n\/wp-json\/wp\/v2\/comments?post=14370"}],"version-history":[{"count":0,"href":"https:\/\/www.infokuryr.cz\/n\/wp-json\/wp\/v2\/posts\/14370\/revisions"}],"wp:featuredmedia":[{"embeddable":true,"href":"https:\/\/www.infokuryr.cz\/n\/wp-json\/wp\/v2\/media\/14371"}],"wp:attachment":[{"href":"https:\/\/www.infokuryr.cz\/n\/wp-json\/wp\/v2\/media?parent=14370"}],"wp:term":[{"taxonomy":"category","embeddable":true,"href":"https:\/\/www.infokuryr.cz\/n\/wp-json\/wp\/v2\/categories?post=14370"},{"taxonomy":"post_tag","embeddable":true,"href":"https:\/\/www.infokuryr.cz\/n\/wp-json\/wp\/v2\/tags?post=14370"}],"curies":[{"name":"wp","href":"https:\/\/api.w.org\/{rel}","templated":true}]}}