{"id":14364,"date":"2022-08-31T11:03:10","date_gmt":"2022-08-31T09:03:10","guid":{"rendered":"http:\/\/www.infokuryr.cz\/n\/?p=14364"},"modified":"2022-08-31T18:10:17","modified_gmt":"2022-08-31T16:10:17","slug":"muz-ktery-zmenil-beh-dejin-michail-gorbacov-zemrel-ve-veku-91-let","status":"publish","type":"post","link":"https:\/\/www.infokuryr.cz\/n\/2022\/08\/31\/muz-ktery-zmenil-beh-dejin-michail-gorbacov-zemrel-ve-veku-91-let\/","title":{"rendered":"&#8222;Mu\u017e, kter\u00fd zm\u011bnil b\u011bh d\u011bjin&#8220; &#8211; Michail Gorba\u010dov zem\u0159el ve v\u011bku 91 let"},"content":{"rendered":"<div id=\"fb-root\"><\/div>\n<div class=\"article-intro\">\n<p><strong>Posledn\u00ed v\u016fdce Sov\u011btsk\u00e9ho svazu Michail Gorba\u010dov zem\u0159el ve v\u011bku 91 let v Moskv\u011b po l\u00e9\u010db\u011b v \u00dast\u0159edn\u00ed klinick\u00e9 nemocnici, uvedla CBS News s odvol\u00e1n\u00edm na rusk\u00e1 st\u00e1tn\u00ed m\u00e9dia.\u00a0Jak poznamen\u00e1vaj\u00ed noviny, posledn\u00edmu sov\u011btsk\u00e9mu v\u016fdci se poda\u0159ilo zm\u011bnit b\u011bh d\u011bjin, ale ve sv\u00e9 zemi z\u016fstal nepochopen\u00fd.<\/strong><\/p>\n<\/div>\n<div class=\"article-body\">\n<p>Podle CBS News s odkazem na rusk\u00e1 st\u00e1tn\u00ed m\u00e9dia zem\u0159el ve v\u011bku 91 let posledn\u00ed v\u016fdce Sov\u011btsk\u00e9ho svazu Michail Gorba\u010dov.\u00a0Podle webov\u00e9 str\u00e1nky kan\u00e1lu nebyla p\u0159\u00ed\u010dina jeho smrti zve\u0159ejn\u011bna, ale d\u0159\u00edve bylo ozn\u00e1meno, \u017ee byl l\u00e9\u010den v \u00dast\u0159edn\u00ed klinick\u00e9 nemocnici v Moskv\u011b.<\/p>\n<p>Gorba\u010dov slou\u017eil jako gener\u00e1ln\u00ed tajemn\u00edk Komunistick\u00e9 strany Sov\u011btsk\u00e9ho svazu od roku 1985 do roku 1991.\u00a0B\u011bhem sv\u00e9ho funk\u010dn\u00edho obdob\u00ed vedl proces deeskalace studen\u00e9 v\u00e1lky,\u00a0<i>kter\u00fd \u201evyvrcholil rozpadem SSSR a p\u00e1dem Berl\u00ednsk\u00e9 zdi\u201c,<\/i>\u00a0p\u00ed\u0161e CBS News.<\/p>\n<p><i>\u201eNevypadal jako revolucion\u00e1\u0159 a nem\u011bl v \u00famyslu se j\u00edm st\u00e1t, ale Gorba\u010dov zm\u011bnil b\u011bh d\u011bjin,\u201c<\/i>\u00a0p\u00ed\u0161e se v \u010dl\u00e1nku.\u00a0P\u0159ed Gorba\u010dovem sov\u011bt\u0161t\u00ed v\u016fdci nikdy nevy\u0161li do ulic, nato\u017e aby se st\u00fdkali s davem.\u00a0<i>\u201eV roce 1985 ale nejmlad\u0161\u00ed gener\u00e1ln\u00ed tajemn\u00edk komunistick\u00e9 strany v historii odhodil star\u00e9 zvyky<\/i>\u00a0,\u201c p\u0159ipom\u00edn\u00e1 CBS News\u00a0<i>.\u00a0<\/i>Jeho politika glasnosti a perestrojky otev\u0159ela zemi.<\/p>\n<p><i>Gorba\u010dov\u016fv nesrovnateln\u00fd \u0161arm a styl na sv\u011btov\u00e9 sc\u00e9n\u011b signalizoval za\u010d\u00e1tek t\u00e1n\u00ed ve studen\u00e9 v\u00e1lce<\/i>\u00a0.\u00a0Kdy\u017e se Gorba\u010dov v roce 1987 ve Washingtonu setkal s americk\u00fdm prezidentem Ronaldem Reaganem, aby podepsal Smlouvu o jadern\u00fdch st\u0159el\u00e1ch st\u0159edn\u00edho doletu, bylo jasn\u00e9, \u017ee b\u00fdval\u00ed nep\u0159\u00e1tel\u00e9 na\u0161li spole\u010dnou \u0159e\u010d. V roce 1990 Gorba\u010dov z\u00edskal Nobelovu cenu m\u00edru.<\/p>\n<p><i>\u201eSv\u011bt ho miloval, ale sov\u011btsk\u00fd lid se odvr\u00e1til od sv\u00e9ho v\u016fdce,\u201c uv\u00e1d\u00ed<\/i>\u00a0autor \u010dl\u00e1nku.\u00a0Jeho ekonomick\u00e9 reformy nefungovaly.\u00a0Sov\u011bt\u0161t\u00ed ob\u010dan\u00e9\u00a0<i>\u201ebyli hladov\u00ed a st\u00e1le v\u00edce na\u0161tvan\u00ed,\u201c<\/i>\u00a0p\u0159ipom\u00edn\u00e1 publikace.<\/p>\n<p><i>\u201eHistorie bude soudit.\u00a0Mo\u017en\u00e1 je Gorba\u010dov jedn\u00edm z nejtragi\u010dt\u011bj\u0161\u00edch p\u0159\u00edklad\u016f toho, \u010demu se v historii \u0159\u00edkalo\u00a0 teorie\u00a0<\/i><em>\u201evelk\u00e9ho mu\u017ee\u201c\u00a0<\/em><i>\u00a0, kdy spr\u00e1vn\u00e1 osoba byla ve spr\u00e1vn\u00fd \u010das ve spr\u00e1vn\u00e9 pr\u00e1ci,\u201c<\/i>\u00a0cituje CBS News b\u00fdval\u00e9ho n\u00e1m\u011bstka ministra zahrani\u010d\u00ed Strobe Talbotta.<span id=\"span-copy\"><\/span><\/p>\n<p><img decoding=\"async\" loading=\"lazy\" class=\"alignnone size-full wp-image-1185\" src=\"http:\/\/www.infokuryr.cz\/n\/wp-content\/uploads\/2021\/04\/kuryr-podpis.png\" alt=\"\" width=\"84\" height=\"24\" \/><\/p>\n<p>&nbsp;<\/p>\n<\/div>\n","protected":false},"excerpt":{"rendered":"<p>Posledn\u00ed v\u016fdce Sov\u011btsk\u00e9ho svazu Michail Gorba\u010dov zem\u0159el ve v\u011bku 91 let v Moskv\u011b po l\u00e9\u010db\u011b&#8230;<\/p>\n","protected":false},"author":2,"featured_media":14366,"comment_status":"closed","ping_status":"closed","sticky":false,"template":"","format":"standard","meta":[],"categories":[7],"tags":[3182,246,474,232],"_links":{"self":[{"href":"https:\/\/www.infokuryr.cz\/n\/wp-json\/wp\/v2\/posts\/14364"}],"collection":[{"href":"https:\/\/www.infokuryr.cz\/n\/wp-json\/wp\/v2\/posts"}],"about":[{"href":"https:\/\/www.infokuryr.cz\/n\/wp-json\/wp\/v2\/types\/post"}],"author":[{"embeddable":true,"href":"https:\/\/www.infokuryr.cz\/n\/wp-json\/wp\/v2\/users\/2"}],"replies":[{"embeddable":true,"href":"https:\/\/www.infokuryr.cz\/n\/wp-json\/wp\/v2\/comments?post=14364"}],"version-history":[{"count":1,"href":"https:\/\/www.infokuryr.cz\/n\/wp-json\/wp\/v2\/posts\/14364\/revisions"}],"predecessor-version":[{"id":14367,"href":"https:\/\/www.infokuryr.cz\/n\/wp-json\/wp\/v2\/posts\/14364\/revisions\/14367"}],"wp:featuredmedia":[{"embeddable":true,"href":"https:\/\/www.infokuryr.cz\/n\/wp-json\/wp\/v2\/media\/14366"}],"wp:attachment":[{"href":"https:\/\/www.infokuryr.cz\/n\/wp-json\/wp\/v2\/media?parent=14364"}],"wp:term":[{"taxonomy":"category","embeddable":true,"href":"https:\/\/www.infokuryr.cz\/n\/wp-json\/wp\/v2\/categories?post=14364"},{"taxonomy":"post_tag","embeddable":true,"href":"https:\/\/www.infokuryr.cz\/n\/wp-json\/wp\/v2\/tags?post=14364"}],"curies":[{"name":"wp","href":"https:\/\/api.w.org\/{rel}","templated":true}]}}