{"id":14352,"date":"2022-08-31T00:58:31","date_gmt":"2022-08-30T22:58:31","guid":{"rendered":"http:\/\/www.infokuryr.cz\/n\/?p=14352"},"modified":"2022-08-31T03:07:09","modified_gmt":"2022-08-31T01:07:09","slug":"dsz-za-prava-zvirat-je-nejsilnejsi-stranou-co-do-poctu-zen-ktere-se-prostrednictvim-ji-chteji-zapojit-do-komunalni-politiky","status":"publish","type":"post","link":"https:\/\/www.infokuryr.cz\/n\/2022\/08\/31\/dsz-za-prava-zvirat-je-nejsilnejsi-stranou-co-do-poctu-zen-ktere-se-prostrednictvim-ji-chteji-zapojit-do-komunalni-politiky\/","title":{"rendered":"DSZ &#8211; ZA PR\u00c1VA ZV\u00cd\u0158AT je nejsiln\u011bj\u0161\u00ed stranou co do po\u010dtu \u017een, kter\u00e9 se prost\u0159ednictv\u00edm j\u00ed cht\u011bj\u00ed zapojit do komun\u00e1ln\u00ed politiky"},"content":{"rendered":"<div id=\"fb-root\"><\/div>\n<p>Demokratick\u00e1 strana zelen\u00fdch &#8211; ZA PR\u00c1VA ZV\u00cd\u0158AT konstatuje, \u017ee m\u00e1 na v\u0161ech sv\u00fdch kandid\u00e1tn\u00edch listin\u00e1ch 60% \u017een a 40 % mu\u017e\u016f. V\u011bkov\u00fd pr\u016fm\u011br kandid\u00e1t\u016f \u010din\u00ed 50 let (u \u017een 50 let a mu\u017e\u016f 51 let).<\/p>\n<p>DSZ &#8211; ZA PR\u00c1VA ZV\u00cd\u0158AT je politickou stranou, kter\u00e1 zapojuje do politiky nejv\u00edce \u017een a to bez um\u011ble vytvo\u0159en\u00fdch tzv. kv\u00f3t. T\u011bchto kv\u00f3t n\u011bkter\u00e9 strany vyu\u017e\u00edvaj\u00ed, aby opticky vylep\u0161ily sv\u00e9 kandid\u00e1tky o \u017eeny, ani\u017e by se tyto kandid\u00e1tky aktivn\u011b zab\u00fdvaly politikou takov\u00e9 strany. K DSZ &#8211; ZA PR\u00c1VA ZV\u00cd\u0158AT se \u017eeny hl\u00e1s\u00ed i bez t\u011bchto kv\u00f3t, nebo\u0165 DSZ &#8211; ZA PR\u00c1VA ZV\u00cd\u0158AT vn\u00edmaj\u00ed jako modern\u00ed stranu, kter\u00e1 nab\u00edz\u00ed mo\u017enost ovlivnit d\u011bn\u00ed v tomto st\u00e1t\u011b, a jako stranu, j\u00ed\u017e nen\u00ed lhostejn\u00e9, jak se \u017eije nejen lidem, ale i zv\u00ed\u0159at\u016fm. Nav\u00edc se d\u016fsledn\u011b a d\u016frazn\u011b zasazuje tak\u00e9 za ochranu p\u0159\u00edrody, \u017eivotn\u00edho prost\u0159ed\u00ed, ovzdu\u0161\u00ed, podneb\u00ed, resp. klimatu, krajiny a kulturn\u00edho bohatstv\u00ed.<\/p>\n<p>DSZ &#8211; ZA PR\u00c1VA ZV\u00cd\u0158AT kandiduje v nadch\u00e1zej\u00edc\u00edch volb\u00e1ch se z\u00e1m\u011brem bojovat v m\u011bstsk\u00fdch a obecn\u00edch zastupitelstvech prioritn\u011b za ochranu zv\u00ed\u0159at a jejich pr\u00e1v. Ale sou\u010dasn\u011b i za ochranu p\u0159\u00edrody, \u017eivotn\u00edho prost\u0159ed\u00ed, ovzdu\u0161\u00ed, krajiny a kulturn\u00edho d\u011bdictv\u00ed.<\/p>\n<p>DSZ &#8211; ZA PR\u00c1VA ZV\u00cd\u0158AT slo\u017eila kandid\u00e1tn\u00ed listiny ze sv\u00fdch \u010dlen\u016f, p\u0159\u00edznivc\u016f a z dal\u0161\u00edch ochr\u00e1nc\u016f zv\u00ed\u0159at, kte\u0159\u00ed se dlouhodob\u011b a aktivn\u011b v\u011bnuj\u00ed ochran\u011b a z\u00e1chran\u011b zv\u00ed\u0159at nebo se pohybuj\u00ed v oblasti pomoci zv\u00ed\u0159at\u016fm.<\/p>\n<p>DSZ &#8211; ZA PR\u00c1VA ZV\u00cd\u0158AT sestavila a podala celkem 53 kandid\u00e1tn\u00edch listin pro podzimn\u00ed volby do zastupitelstev m\u011bst a obc\u00ed. Z toho do 35 m\u011bst (1 Hlavn\u00ed m\u011bsto Praha, 8 statut\u00e1rn\u00edch m\u011bst, 19 m\u011bst nad 10 000 obyvatel, 7 m\u011bst pod 10 000 obyvatel) 4 m\u011bstys\u016f a 14 obc\u00ed.<\/p>\n<p>Seznam\u00a0m\u00edst\u00a0kde\u00a0DSZ\u00a0&#8211;\u00a0ZA\u00a0PR\u00c1VA\u00a0ZV\u00cd\u0158AT\u00a0podala\u00a0sv\u00e9\u00a0kandid\u00e1tn\u00ed\u00a0listiny:<br \/>\nHlavn\u00ed m\u011bsto Praha, Brno, Ostrava, Plze\u0148, Hradec Kr\u00e1lov\u00e9, Most, Opava, Fr\u00fddek-M\u00edstek, Prost\u011bjov, T\u00e1bor, Cheb, Kol\u00edn, Trutnov, P\u00edsek, Krom\u011b\u0159\u00ed\u017e, Litom\u011b\u0159ice, Strakonice, Kop\u0159ivnice, Klatovy, M\u011bln\u00edk, Otrokovice, Ji\u010d\u00edn, Varnsdorf, Slan\u00fd, Rumburk, Doma\u017elice, Lan\u0161kroun, \u010c\u00e1slav, Dob\u0159any, T\u00fdnec nad S\u00e1zavou, Kdyn\u011b, Hol\u00fd\u0161ov, Nov\u00e1 Role, Ji\u0159\u00edkov, Kolinec, Klen\u010d\u00ed pod \u010cerchovem, Kolove\u010d, Z\u00e1sada, Chr\u00e1st, Trnov\u00e1, \u010cesk\u00e1 Kubice, N\u011bm\u010dice, Chodov, Stanovice, \u017derot\u00edn, Kostelec nad Vltavou, Milhostov, M\u00ed\u0159kov, Hlohov\u00e1, Nemanice, Pa\u0159ezov, D\u00edlce.<\/p>\n<p>DSZ &#8211; ZA PR\u00c1VA ZV\u00cd\u0158AT kandiduje ve v\u0161ech m\u011bstech a obc\u00edch jako sdru\u017een\u00ed politick\u00e9 strany Demokratick\u00e1 strana zelen\u00fdch &#8211; ZA PR\u00c1VA ZV\u00cd\u0158AT a nez\u00e1visl\u00fdch kandid\u00e1t\u016f, resp. DSZ &#8211; ZA PR\u00c1VA ZV\u00cd\u0158AT a NK. N\u011bkter\u00e9 kandid\u00e1tky maj\u00ed vlastn\u00ed n\u00e1zvy, kter\u00e9 p\u0159\u00edmo vyjad\u0159uj\u00ed hlavn\u00ed priority DSZ &#8211; ZA PR\u00c1VA ZV\u00cd\u0158AT i jejich kandid\u00e1t\u016f: ochrana zv\u00ed\u0159at a jejich pr\u00e1v, ochrana p\u0159\u00edrody a \u017eivotn\u00edho prost\u0159ed\u00ed.<\/p>\n<p>DSZ &#8211; ZA PR\u00c1VA ZV\u00cd\u0158AT si klade za c\u00edl prosadit d\u016fsledn\u011bj\u0161\u00ed ochranu zv\u00ed\u0159at, \u017eivo\u010dich\u016f, p\u0159\u00edrody, vody, ovzdu\u0161\u00ed, podneb\u00ed, \u017eivotn\u00edho prost\u0159ed\u00ed, ale t\u00e9\u017e v\u011bt\u0161\u00ed pr\u00e1va pro zv\u00ed\u0159ata, resp. jejich v\u011bt\u0161\u00ed pr\u00e1vn\u00ed ochranu.<\/p>\n<p>DSZ &#8211; ZA PR\u00c1VA ZV\u00cd\u0158AT vystupuje proti v\u0161em druh\u016fm t\u00fdr\u00e1n\u00ed zv\u00ed\u0159at \u010di krut\u00e9mu zach\u00e1zen\u00ed s nimi. Odsuzuje ka\u017edou \u010dinnost, kter\u00e1 zp\u016fsobuje utrpen\u00ed zv\u00ed\u0159at.<\/p>\n<p>DSZ &#8211; ZA PR\u00c1VA ZV\u00cd\u0158AT se zasazuje o d\u016fsledn\u011bj\u0161\u00ed ochranu zv\u00ed\u0159at, p\u0159\u00edsn\u011bj\u0161\u00ed tresty za t\u00fdr\u00e1n\u00ed a zlep\u0161en\u00ed podm\u00ednek chovu.<\/p>\n<p>DSZ &#8211; ZA PR\u00c1VA ZV\u00cd\u0158AT je dvac\u00e1tou registrovanou politickou stranou za pr\u00e1va zv\u00ed\u0159at ve sv\u011bt\u011b, resp. \u010cesk\u00e1 republika je dvac\u00e1tou zem\u00ed, ve kter\u00e9 existuje strana zam\u011b\u0159en\u00e1 prim\u00e1rn\u011b na obranu pr\u00e1v zv\u00ed\u0159at.<\/p>\n<p>NEP\u0158IHL\u00cd\u017dEJME\u00a0UTRPEN\u00cd,\u00a0ZV\u00cd\u0158E\u00a0NEN\u00cd\u00a0V\u011aC!<\/p>\n<p>MLUV\u00cdME ZA TY, KTE\u0158\u00cd SAMI NEMOHOU.<\/p>\n<p>\u0158V\u00a0DSZ\u00a0&#8211;\u00a0ZA\u00a0PR\u00c1VA\u00a0ZV\u00cd\u0158AT<br \/>\nV\u00a0Doma\u017elic\u00edch\u00a030.\u00a08.\u00a02022<\/p>\n<p>&nbsp;<\/p>\n","protected":false},"excerpt":{"rendered":"<p>Demokratick\u00e1 strana zelen\u00fdch &#8211; ZA PR\u00c1VA ZV\u00cd\u0158AT konstatuje, \u017ee m\u00e1 na v\u0161ech sv\u00fdch kandid\u00e1tn\u00edch listin\u00e1ch&#8230;<\/p>\n","protected":false},"author":2,"featured_media":14353,"comment_status":"closed","ping_status":"closed","sticky":false,"template":"","format":"standard","meta":[],"categories":[6],"tags":[645,122,811,27],"_links":{"self":[{"href":"https:\/\/www.infokuryr.cz\/n\/wp-json\/wp\/v2\/posts\/14352"}],"collection":[{"href":"https:\/\/www.infokuryr.cz\/n\/wp-json\/wp\/v2\/posts"}],"about":[{"href":"https:\/\/www.infokuryr.cz\/n\/wp-json\/wp\/v2\/types\/post"}],"author":[{"embeddable":true,"href":"https:\/\/www.infokuryr.cz\/n\/wp-json\/wp\/v2\/users\/2"}],"replies":[{"embeddable":true,"href":"https:\/\/www.infokuryr.cz\/n\/wp-json\/wp\/v2\/comments?post=14352"}],"version-history":[{"count":1,"href":"https:\/\/www.infokuryr.cz\/n\/wp-json\/wp\/v2\/posts\/14352\/revisions"}],"predecessor-version":[{"id":14354,"href":"https:\/\/www.infokuryr.cz\/n\/wp-json\/wp\/v2\/posts\/14352\/revisions\/14354"}],"wp:featuredmedia":[{"embeddable":true,"href":"https:\/\/www.infokuryr.cz\/n\/wp-json\/wp\/v2\/media\/14353"}],"wp:attachment":[{"href":"https:\/\/www.infokuryr.cz\/n\/wp-json\/wp\/v2\/media?parent=14352"}],"wp:term":[{"taxonomy":"category","embeddable":true,"href":"https:\/\/www.infokuryr.cz\/n\/wp-json\/wp\/v2\/categories?post=14352"},{"taxonomy":"post_tag","embeddable":true,"href":"https:\/\/www.infokuryr.cz\/n\/wp-json\/wp\/v2\/tags?post=14352"}],"curies":[{"name":"wp","href":"https:\/\/api.w.org\/{rel}","templated":true}]}}