{"id":1435,"date":"2021-05-07T05:35:49","date_gmt":"2021-05-07T03:35:49","guid":{"rendered":"http:\/\/www.infokuryr.cz\/n\/?p=1435"},"modified":"2021-05-07T05:35:49","modified_gmt":"2021-05-07T03:35:49","slug":"investicni-skupina-portiva-posilila-akvizici-na-poli-energetiky-k-obnovitelnym-zdrojum-poprve-pridala-take-vyrobu-tepla","status":"publish","type":"post","link":"https:\/\/www.infokuryr.cz\/n\/2021\/05\/07\/investicni-skupina-portiva-posilila-akvizici-na-poli-energetiky-k-obnovitelnym-zdrojum-poprve-pridala-take-vyrobu-tepla\/","title":{"rendered":"Investi\u010dn\u00ed skupina Portiva pos\u00edlila akvizic\u00ed na poli energetiky. K obnoviteln\u00fdm zdroj\u016fm poprv\u00e9 p\u0159idala tak\u00e9 v\u00fdrobu tepla"},"content":{"rendered":"<div id=\"fb-root\"><\/div>\n<p>&nbsp;<\/p>\n<ul>\n<li>PORTIVA ve spolupr\u00e1ci s partnerskou skupinou MICRONIX z\u00edskala 100% pod\u00edl ve spole\u010dnostech AHP3T a AHP Beta, je\u017e na Morav\u011b z\u00e1sobuj\u00ed teplem obyvatele, firmy a municipality ve \u010dty\u0159ech m\u011bstech o celkem 40 tis\u00edc\u00edch obyvatel.<\/li>\n<li>Sou\u010d\u00e1st\u00ed transakce jsou zdroje o souhrnn\u00e9m v\u00fdkonu 37 MWt. Ty ro\u010dn\u011b vyrob\u00ed a\u00a0dodaj\u00ed z\u00e1kazn\u00edk\u016fm p\u0159es 14 000 MWh elekt\u0159iny a 120 000 GJ tepla.<\/li>\n<li>Pro skupinu PORTIVA je energetika jedn\u00edm z kl\u00ed\u010dov\u00fdch pil\u00ed\u0159\u016f jej\u00edho podnik\u00e1n\u00ed. Novou akvizic\u00ed v\u0161ak v\u016fbec poprv\u00e9 roz\u0161\u00ed\u0159ila sv\u016fj z\u00e1b\u011br nad r\u00e1mec obnoviteln\u00fdch zdroj\u016f elektrick\u00e9 energie.<\/li>\n<\/ul>\n<p>\u010cesk\u00e1 investi\u010dn\u00ed skupina Portiva se po \u0161esti letech akvizi\u010dn\u011b vrac\u00ed do oblasti energetiky. Ke 14\u00a0v\u011btrn\u00fdm a fotovoltaick\u00fdm elektr\u00e1rn\u00e1m ve sv\u00e9m portfoliu nyn\u00ed p\u0159idala tepl\u00e1renskou skupinu AHP3T. Ta zahrnuje soubor kotelen, kogenera\u010dn\u00edch jednotek a p\u0159\u00edslu\u0161nou distribu\u010dn\u00ed infrastrukturu v celkem \u010dty\u0159ech moravsk\u00fdch m\u011bstech &#8211; \u0160ternberku, Uni\u010dov\u011b, Moravsk\u00e9 T\u0159ebov\u00e9 a B\u0159idli\u010dn\u00e9. Celkem tak z\u00e1sobuje teplem administrativn\u00ed budovy, pr\u016fmyslov\u00e9 podniky a dom\u00e1cnosti na \u00fazem\u00ed ob\u00fdvan\u00e9m t\u00e9m\u011b\u0159 40 tis\u00edci lid\u00ed. \u201cEnergetika od za\u010d\u00e1tku pat\u0159\u00ed mezi z\u00e1kladn\u00ed pil\u00ed\u0159e skupiny PORTIVA a jej\u00ed rozvoj v p\u0159\u00edhodn\u00fd \u010das jsme v\u017edy proklamovali. V minul\u00fdch letech jsme se sice zam\u011b\u0159ovali p\u0159edev\u0161\u00edm na diverzifikaci v oblastech nemovitost\u00ed a private equity, ale sou\u010dasn\u00e1 akvizice je pro n\u00e1s prvn\u00edm krokem k op\u011btovn\u00e9mu rozvoji na poli energetiky,\u201d uvedl <strong>v\u00fdkonn\u00fd \u0159editel investi\u010dn\u00ed skupiny PORTIVA Pavel Svore\u0148.<\/strong><\/p>\n<p>Transakci o bl\u00ed\u017ee neuveden\u00e9 hodnot\u011b PORTIVA uskute\u010dnila ve spolupr\u00e1ci s partnerskou skupinou MICRONIX, je\u017e v energetice rovn\u011b\u017e p\u016fsob\u00ed. Ob\u011bma skupin\u00e1m se vz\u00e1jemn\u00e1 spolupr\u00e1ce osv\u011bd\u010dila ji\u017e loni p\u0159i akvizici obchodn\u00edho domu Central Kladno. Na financov\u00e1n\u00ed n\u00e1kupu AHP3T se pod\u00edlely stejnou m\u011brou.<\/p>\n<p>Tepl\u00e1rensk\u00e1 skupina AHP3T v sou\u010dasnosti provozuje v\u00edce ne\u017e 20 kotelen, jejich\u017e sou\u010d\u00e1st\u00ed jsou kogenera\u010dn\u00ed jednotky, to v\u0161e o celkov\u00e9m v\u00fdkonu 37 MWt. V roce 2020 dodala z\u00e1kazn\u00edk\u016fm 120 000 GJ tepla. Krom\u011b toho zdroje AHP3T vyr\u00e1b\u011bj\u00ed tak\u00e9 elektrickou energii a dod\u00e1vaj\u00ed ji do distribu\u010dn\u00ed s\u00edt\u011b. \u201cJedn\u00e1 se o dlouhodob\u011b kvalitn\u00ed aktiva s \u0161irok\u00fdm portfoliem odb\u011bratel\u016f a\u00a0stabiln\u00edmi tr\u017ebami. D\u00edky tomu, \u017ee jde o regulovan\u00e9 odv\u011btv\u00ed, jsou finan\u010dn\u00ed toky dob\u0159e p\u0159edv\u00eddateln\u00e9 a stabilizovan\u00e9,\u201d uv\u00e1d\u00ed Svore\u0148 a dod\u00e1v\u00e1, \u017ee skupina do budoucna pl\u00e1nuje tepeln\u00e9 hospod\u00e1\u0159stv\u00ed AHP3T postupn\u011b modernizovat a rozv\u00edjet a dos\u00e1hnout tak mimo jin\u00e9 i\u00a0energetick\u00fdch \u00faspor.<\/p>\n<p>Pro zbytek roku 2021 m\u00e1 PORTIVA v pl\u00e1nu i dal\u0161\u00ed akvizice. Pokra\u010dovat hodl\u00e1 nap\u0159\u00edklad v\u00a0expanzi sv\u00e9ho portfolia komer\u010dn\u00edch nemovitost\u00ed. Roz\u0161i\u0159ovat bude i podnik\u00e1n\u00ed v oblasti poskytov\u00e1n\u00ed technologi\u00ed a softwaru pro automotive. Akvizic\u00ed spole\u010dnosti Cebia, kterou holding EAG ze skupiny PORTIVA ozn\u00e1mil letos v b\u0159eznu, se v\u0161ak podle Svoren\u011b vy\u010derpaly mo\u017enosti dal\u0161\u00edho r\u016fstu v tomto segmentu v \u010cesku. P\u0159\u00ed\u0161t\u00ed kroky EAG proto budou sm\u011b\u0159ovat do zahrani\u010d\u00ed, kde holding je\u0161t\u011b letos pl\u00e1nuje prvn\u00ed akvizice i organick\u00fd r\u016fst.<\/p>\n<p><strong>Investi\u010dn\u00ed skupina PORTIVA <\/strong>se orientuje na obnovitelnou energetiku, komer\u010dn\u00ed nemovitosti, digit\u00e1ln\u00ed a IT slu\u017eby v automotive a investi\u010dn\u00ed fondy. Nekonsolidovan\u00fd odhad aktiv pod spr\u00e1vou skupiny p\u0159es\u00e1hl k 31. 12. 2020 6,4 mld. K\u010d p\u0159i obratu p\u0159es 2,8 mld. korun a EBITDA 290 mil. K\u010d. V\u00edce na <a href=\"http:\/\/www.portiva.cz\">www.portiva.cz<\/a><\/p>\n<p>Michaela \u0160\u00e1malov\u00e1<\/p>\n<p>&nbsp;<\/p>\n","protected":false},"excerpt":{"rendered":"<p>&nbsp; PORTIVA ve spolupr\u00e1ci s partnerskou skupinou MICRONIX z\u00edskala 100% pod\u00edl ve spole\u010dnostech AHP3T a&#8230;<\/p>\n","protected":false},"author":2,"featured_media":1436,"comment_status":"closed","ping_status":"closed","sticky":false,"template":"","format":"standard","meta":[],"categories":[6],"tags":[67,59,285,90],"_links":{"self":[{"href":"https:\/\/www.infokuryr.cz\/n\/wp-json\/wp\/v2\/posts\/1435"}],"collection":[{"href":"https:\/\/www.infokuryr.cz\/n\/wp-json\/wp\/v2\/posts"}],"about":[{"href":"https:\/\/www.infokuryr.cz\/n\/wp-json\/wp\/v2\/types\/post"}],"author":[{"embeddable":true,"href":"https:\/\/www.infokuryr.cz\/n\/wp-json\/wp\/v2\/users\/2"}],"replies":[{"embeddable":true,"href":"https:\/\/www.infokuryr.cz\/n\/wp-json\/wp\/v2\/comments?post=1435"}],"version-history":[{"count":0,"href":"https:\/\/www.infokuryr.cz\/n\/wp-json\/wp\/v2\/posts\/1435\/revisions"}],"wp:featuredmedia":[{"embeddable":true,"href":"https:\/\/www.infokuryr.cz\/n\/wp-json\/wp\/v2\/media\/1436"}],"wp:attachment":[{"href":"https:\/\/www.infokuryr.cz\/n\/wp-json\/wp\/v2\/media?parent=1435"}],"wp:term":[{"taxonomy":"category","embeddable":true,"href":"https:\/\/www.infokuryr.cz\/n\/wp-json\/wp\/v2\/categories?post=1435"},{"taxonomy":"post_tag","embeddable":true,"href":"https:\/\/www.infokuryr.cz\/n\/wp-json\/wp\/v2\/tags?post=1435"}],"curies":[{"name":"wp","href":"https:\/\/api.w.org\/{rel}","templated":true}]}}