{"id":1433,"date":"2021-05-07T05:25:30","date_gmt":"2021-05-07T03:25:30","guid":{"rendered":"http:\/\/www.infokuryr.cz\/n\/?p=1433"},"modified":"2021-05-07T05:25:40","modified_gmt":"2021-05-07T03:25:40","slug":"kolik-casu-budeme-mit-tentokrat","status":"publish","type":"post","link":"https:\/\/www.infokuryr.cz\/n\/2021\/05\/07\/kolik-casu-budeme-mit-tentokrat\/","title":{"rendered":"Kolik \u010dasu budeme m\u00edt tentokr\u00e1t?"},"content":{"rendered":"<div id=\"fb-root\"><\/div>\n<p>Pokud se nem\u00fdl\u00edme,\u00a0<a href=\"https:\/\/menafn.com\/1102036215\/Invitation-letter-by-president-Charles-Michel-to-the-members-of-the-European-Council&amp;source=30\" target=\"_blank\" rel=\"noopener\">z\u00edt\u0159ej\u0161\u00ed a\u00a0sobotn\u00ed neform\u00e1ln\u00ed jedn\u00e1n\u00ed<\/a>\u00a0vedouc\u00edch p\u0159edstavitel\u016f \u010dlensk\u00fdch zem\u00ed EU v\u00a0portugalsk\u00e9m Portu bude prvn\u00edm prezen\u010dn\u00edm setk\u00e1n\u00edm Evropsk\u00e9 rady\u00a0<a href=\"https:\/\/www.consilium.europa.eu\/en\/meetings\/european-council\/2020\/12\/10-11\/\" target=\"_blank\" rel=\"noopener\">od 10. do 11. prosince<\/a>.<\/p>\n<p>Kdy\u017e se premi\u00e9r Andrej Babi\u0161 vr\u00e1til z\u00a0on\u00e9 prosincov\u00e9 sch\u016fzky, \u0159ekl\u00a0<a href=\"https:\/\/www.novinky.cz\/domaci\/clanek\/babis-kscm-v-rozpoctu-neustoupim-40345063\" target=\"_blank\" rel=\"noopener\">Pr\u00e1vu<\/a>, \u017ee se na Rad\u011b mluvilo o\u00a0tom, \u017ee\u00a0<a href=\"http:\/\/www.fsfinalword.cz\/?page=archive&amp;day=2020-12-22\" target=\"_blank\" rel=\"noopener\">nejv\u011bt\u0161\u00ed koronavirov\u00e9 vlny se \u010dekaj\u00ed v\u00a0lednu a\u00a0\u00fanoru<\/a>. Prohl\u00e1sil to 11. prosince, t\u00fdden pot\u00e9, co bylo povoleno znovu otev\u0159\u00edt obchody a\u00a0restaurace. B\u011bhem prosince a\u00a0ledna se pak restrikce postupn\u011b zp\u0159\u00eds\u0148ovaly. Hranice s\u00a0N\u011bmeckem a\u00a0dal\u0161\u00edmi zem\u011bmi se uzav\u0159ely a\u00a0do zem\u011b vtrhla britsk\u00e1 mutace viru.<\/p>\n<p>Nyn\u00ed, kdy\u017e se restrikce op\u011bt uvol\u0148uj\u00ed, budou Babi\u0161 a\u00a0ostatn\u00ed evrop\u0161t\u00ed l\u00edd\u0159i jednat u\u00a0stolu o\u00a0tom, kdy p\u0159ijdou dal\u0161\u00ed vlny. A\u00a0to pr\u00e1v\u011b ve chv\u00edli, kdy indick\u00e1 mutace nahrazuje vytr\u00e1cej\u00edc\u00ed se britskou variantu. Co \u0159ekne Babi\u0161 m\u00e9di\u00edm p\u0159\u00ed\u0161t\u00ed t\u00fdden? \u017de nejv\u011bt\u0161\u00ed vlny koronaviru p\u0159ijdou v\u00a0\u010dervnu a\u00a0\u010dervenci?<\/p>\n<p><a href=\"http:\/\/www.fsfinalword.cz\/?page=archive&amp;day=2021-05-06&amp;utm_source=utm_source%3Dnewsletter&amp;utm_medium=utm_medium%3Demail&amp;utm_campaign=utm_campaign%3Dfinal_word_6.5.2021\">Erik Best<\/a><\/p>\n<p><img decoding=\"async\" loading=\"lazy\" class=\"alignnone wp-image-1179\" src=\"http:\/\/www.infokuryr.cz\/n\/wp-content\/uploads\/2021\/04\/erik-best.jpg\" alt=\"\" width=\"106\" height=\"119\" \/><\/p>\n","protected":false},"excerpt":{"rendered":"<p>Pokud se nem\u00fdl\u00edme,\u00a0z\u00edt\u0159ej\u0161\u00ed a\u00a0sobotn\u00ed neform\u00e1ln\u00ed jedn\u00e1n\u00ed\u00a0vedouc\u00edch p\u0159edstavitel\u016f \u010dlensk\u00fdch zem\u00ed EU v\u00a0portugalsk\u00e9m Portu bude prvn\u00edm prezen\u010dn\u00edm&#8230;<\/p>\n","protected":false},"author":2,"featured_media":1434,"comment_status":"closed","ping_status":"closed","sticky":false,"template":"","format":"standard","meta":[],"categories":[6],"tags":[126,23,219,48],"_links":{"self":[{"href":"https:\/\/www.infokuryr.cz\/n\/wp-json\/wp\/v2\/posts\/1433"}],"collection":[{"href":"https:\/\/www.infokuryr.cz\/n\/wp-json\/wp\/v2\/posts"}],"about":[{"href":"https:\/\/www.infokuryr.cz\/n\/wp-json\/wp\/v2\/types\/post"}],"author":[{"embeddable":true,"href":"https:\/\/www.infokuryr.cz\/n\/wp-json\/wp\/v2\/users\/2"}],"replies":[{"embeddable":true,"href":"https:\/\/www.infokuryr.cz\/n\/wp-json\/wp\/v2\/comments?post=1433"}],"version-history":[{"count":0,"href":"https:\/\/www.infokuryr.cz\/n\/wp-json\/wp\/v2\/posts\/1433\/revisions"}],"wp:featuredmedia":[{"embeddable":true,"href":"https:\/\/www.infokuryr.cz\/n\/wp-json\/wp\/v2\/media\/1434"}],"wp:attachment":[{"href":"https:\/\/www.infokuryr.cz\/n\/wp-json\/wp\/v2\/media?parent=1433"}],"wp:term":[{"taxonomy":"category","embeddable":true,"href":"https:\/\/www.infokuryr.cz\/n\/wp-json\/wp\/v2\/categories?post=1433"},{"taxonomy":"post_tag","embeddable":true,"href":"https:\/\/www.infokuryr.cz\/n\/wp-json\/wp\/v2\/tags?post=1433"}],"curies":[{"name":"wp","href":"https:\/\/api.w.org\/{rel}","templated":true}]}}