{"id":14319,"date":"2022-08-30T08:23:31","date_gmt":"2022-08-30T06:23:31","guid":{"rendered":"http:\/\/www.infokuryr.cz\/n\/?p=14319"},"modified":"2022-08-30T08:23:31","modified_gmt":"2022-08-30T06:23:31","slug":"jindrich-kulhavy-situace-se-vyhrocuje","status":"publish","type":"post","link":"https:\/\/www.infokuryr.cz\/n\/2022\/08\/30\/jindrich-kulhavy-situace-se-vyhrocuje\/","title":{"rendered":"Jind\u0159ich Kulhav\u00fd: Situace se vyhrocuje"},"content":{"rendered":"<div id=\"fb-root\"><\/div>\n<p><span class=\"anotation\">Kolem stoupaj\u00edc\u00edch cen elekt\u0159iny a plynu se rozt\u00e1\u010d\u00ed p\u011bkn\u00fd koloto\u010d a t\u011bm chyt\u0159ej\u0161\u00edm u\u017e za\u010d\u00edn\u00e1 doch\u00e1zet, co se a n\u011b s\u00a0bl\u00ed\u017e\u00edc\u00edm podzimem chyst\u00e1. P\u0159esto\u017ee k\u00a0raketov\u00e9mu zdra\u017eov\u00e1n\u00ed elekt\u0159iny nen\u00ed logick\u00fd d\u016fvod s\u00a0v\u00fdjimkou \u0161\u00edlenstv\u00ed N\u011bmc\u016f vyp\u00ednaj\u00edc\u00edch r\u016fzn\u011b sv\u00e9 elektr\u00e1rny, co\u017e by m\u011bl b\u00fdt jejich lok\u00e1ln\u00ed probl\u00e9m, a k\u0161eftov\u00e1n\u00ed s\u00a0emisn\u00edmi povolenkami, kdy jde o doslova smy\u0161len\u00fd a \u0161pinav\u00fd byznys spekulant\u016f dopadaj\u00edc\u00ed na kone\u010dn\u00e9 spot\u0159ebitele, nesmysln\u00e9 prosazov\u00e1n\u00ed Green Dealu m\u00e1 smrt\u00edc\u00ed n\u00e1sledky.<\/span><\/p>\n<div id=\"pagetext\">\n<p>\u00a0 Fiala st\u00e1le spol\u00e9h\u00e1 na dohodu v\u00a0r\u00e1mci EU. Moud\u0159\u00ed u\u017e p\u0159i\u0161li na to, \u017ee Evropsk\u00e1 unie vys\u00edl\u00e1 jedin\u00fd sign\u00e1l, kter\u00fdm jsou nesmysln\u00e9 sankce, a za\u010dali o plynu jednat sami za sebe. Jsou to Bulharsko a Ma\u010farsko. P\u0159edpokladem pro tento postup je diplomatick\u00e1 proz\u0159etelnost, kterou je neochota vyzbrojovat re\u017eim veden\u00fd americkou loutkou Zelensk\u00fdm. D\u00e1le je to zachov\u00e1n\u00ed jist\u00e9 emocion\u00e1ln\u00ed zdr\u017eenlivosti a schopnosti pochopit, \u017ee vyhn\u00e1n\u00ed rusk\u00fdch diplomat\u016f z\u00a0ambas\u00e1dy je kontraproduktivn\u00ed bu\u0161en\u00ed do vlastn\u00edch prsou a z\u00e1rove\u0148 utahov\u00e1n\u00edm smy\u010dky na obrazn\u00e9m krku cel\u00e9ho n\u00e1roda, zvl\u00e1\u0161t\u011b kdy\u017e jde o jedin\u00e9ho re\u00e1ln\u00e9ho dodavatele \u017eivotn\u011b d\u016fle\u017eit\u00fdch komodit. Ani jedna z\u00a0t\u011bchto vlastnost\u00ed nen\u00ed posledn\u00edm na\u0161im vl\u00e1d\u00e1m vlastn\u00ed. Za\u010dalo to Topol\u00e1nkem (ODS), za n\u011bho\u017e jsme se vzdali p\u0159\u00edm\u00e9ho kontraktu s\u00a0Gazpromem. Topol\u00e1nek ud\u011blal nesmysl\u016f mnohem v\u00edce a padnul d\u0159\u00edve, ne\u017e sta\u010dil nad\u011blat v\u00edce paseky. P\u0159esto je v\u00a0posledn\u00ed dob\u011b v\u00a0televizi \u010dast\u011bji ne\u017e p\u0159edseda t\u0159et\u00ed nejsiln\u011bj\u0161\u00ed strany v\u00a0Parlamentu \u010cR Okamura a rozd\u00e1v\u00e1 rady. Dal\u0161\u00ed vl\u00e1dy nem\u011bly dost rozumu, aby se k\u00a0spr\u00e1vn\u00e9mu \u0159e\u0161en\u00ed vr\u00e1tily. Babi\u0161ova excelovala v\u00a0kauze Vrb\u011btice, kde se ztrapnila i BIS a jej\u00ed \u0161\u00e9f Koudelka na\u0161ept\u00e1val jak premi\u00e9rovi, tak n\u011bjak p\u0159esv\u011bd\u010dil i str\u00e1daj\u00edc\u00edho prezidenta Zemana. Exces s\u00a0vylidn\u011bn\u00edm rusk\u00e9 ambas\u00e1dy a \u0161a\u0161k\u00e1rny ze strany pra\u017esk\u00e9ho magistr\u00e1tu v\u010detn\u011b odstran\u011bn\u00ed pam\u00e1tn\u00edku se sochou osvoboditele mar\u0161\u00e1la Kon\u011bva\u00a0u\u017e jen prohloubily vz\u00e1jemnou nevra\u017eivost probouzenou i v\u00a0\u0159ad\u011b na\u0161ich ob\u010dan\u016f.<\/p>\n<p>Jen\u017ee tomu nen\u00ed st\u00e1le konec. K\u00a0moci se u n\u00e1s dostali proeurounijn\u00ed \u0161\u00edlenci ochotn\u00ed pro svou vlastn\u00ed budoucnost zlikvidovat celou zemi, za kterou by m\u011bli bojovat jako lvi. Vid\u00edc\u00ed se v\u00a0dob\u0159e placen\u00fdch funkc\u00edch \u010di na postech zaji\u0161\u0165uj\u00edc\u00edch jim pohodov\u00fd zbytek \u017eivota, tr\u00e9nuj\u00ed \u0159i\u0165olezectv\u00ed a ignoruj\u00ed n\u00e1sledky. Nejsou ochotni pochopit devasta\u010dn\u00ed dopady Green Dealu a postavit se idiotismu bruselsk\u00fdch pan\u00e1k\u016f. Tot\u00e1ln\u00ed ztr\u00e1ta n\u00e1rodn\u00ed i osobn\u00ed hrdosti, zaslepenost a touha po nadstandartn\u00edm zbytku \u017eivota, ideologick\u00e9 poblouzn\u011bn\u00ed, to v\u0161e je skute\u010dn\u00fdm vin\u00edkem drah\u00fdch \u017eivotn\u011b podstatn\u00fdch komodit, pomineme li tedy v\u0161em zn\u00e1m\u00e9 depopula\u010dn\u00ed z\u00e1m\u011bry Klause Schwaba a jeho party kolem Sv\u011btov\u00e9ho ekonomick\u00e9ho f\u00f3ra. Nikoliv Putin. Ten naopak ukazuje, jak vypad\u00e1 n\u00e1rodn\u00ed hrdost, nasazen\u00ed v\u00a0boji za lep\u0161\u00ed budoucnost cel\u00e9 zem\u011b. Rusko je velmi specifick\u00e9, mnohem v\u00edce ne\u017e v\u011bt\u0161ina zem\u00ed schov\u00e1vaj\u00edc\u00edch se za pojem Z\u00e1pad. Jist\u011b, m\u00e1 obrovskou v\u00fdhodu v\u00a0mno\u017estv\u00ed z\u00e1sob nerostn\u00e9ho bohatstv\u00ed, na druhou stranu je\u00a0zem\u011b rozkl\u00e1daj\u00edc\u00ed se od ji\u017en\u00edch a\u017e po severn\u00ed mo\u0159e natolik velk\u00e1, \u017ee si lid\u00e9 v\u00a0n\u00ed\u00a0mus\u00ed zvykat na velmi slo\u017eit\u00e9 a n\u00e1ro\u010dn\u00e9 podneb\u00ed, mus\u00ed se nau\u010dit p\u0159izp\u016fsobovat ledas\u010demu.<\/p>\n<p>Rusov\u00e9 jsou pro Z\u00e1pad nepochopiteln\u00ed a na prvn\u00ed pohled zraniteln\u00ed, ve skute\u010dnosti se v\u00a0kritick\u00fdch okam\u017eic\u00edch semknou, zbav\u00ed se rozvrace\u010d\u016f, a i za cenu ztr\u00e1t se ubr\u00e1n\u00ed. Uk\u00e1zali to n\u011bkolikr\u00e1t a zvrat ve 2.sv\u011btov\u00e9 v\u00e1lce a cesta do Berl\u00edna zakon\u010den\u00e1 vyv\u011b\u0161en\u00edm sov\u011btsk\u00e9 vlajky na budov\u011b \u0158\u00ed\u0161sk\u00e9ho sn\u011bmu je toho d\u016fkazem. Tak\u00e9 to, jak je Rusk\u00e1 federace vn\u00edm\u00e1na Spojen\u00fdmi st\u00e1ty, tedy jako jedin\u00e1 skute\u010dn\u011b konkuren\u010dn\u00ed velmoc v\u00a0mnoha aspektech jsouc\u00ed v\u00a0jist\u00e9m p\u0159edstihu, je d\u016fkazem kvality sou\u010dasn\u00e9ho veden\u00ed st\u00e1tu. A vzhledem k\u00a0tomu, \u017ee jsme na Rusku skute\u010dn\u011b existen\u010dn\u011b z\u00e1visl\u00ed, a nejen my, je poslu\u0161nost \u010desk\u00fdch politik\u016f v\u016f\u010di Spojen\u00fdm st\u00e1t\u016fm sebevra\u017eedn\u00fdm po\u010dinem. Rozhodn\u011b m\u00e1me na v\u00edc, minim\u00e1ln\u011b na zachov\u00e1n\u00ed neutrality. Jen\u017ee to by vy\u017eadovalo dostate\u010dnou politickou inteligenci, zku\u0161enost a rozvahu, solidn\u00ed\u00a0ekonomick\u00e9 vzd\u011bl\u00e1n\u00ed, a p\u0159edev\u0161\u00edm aspo\u0148 pro za\u010d\u00e1tek schopnost myslet.<\/p>\n<p>Energetick\u00e1 krize u\u017e m\u00e1 p\u00e1r ob\u011bt\u00ed mezi podnikatelsk\u00fdmi subjekty, brzy se p\u0159idaj\u00ed z\u00e1stupci ekonomicky slab\u0161\u00ed vrstvy, vz\u00e1p\u011bt\u00ed st\u0159edn\u00ed, a nakonec to d\u00edky propadu ekonomiky m\u016f\u017ee potkat absolutn\u00ed v\u011bt\u0161inu \u010desk\u00fdch ob\u010dan\u016f. Je t\u0159eba si za\u010d\u00edt v\u0161\u00edmat ur\u010dit\u00fdch v\u011bc\u00ed. Kdekdo se bude sna\u017eit vyu\u017e\u00edt doby a n\u011bjak vyd\u011blat. Jin\u00ed budou krachovat a zav\u00edrat, nap\u0159\u00edklad n\u011bkter\u00e9 obchodn\u00ed \u0159et\u011bzce u\u017e maj\u00ed probl\u00e9my. A pozor, doch\u00e1z\u00ed k\u00a0zaj\u00edmav\u00e9mu \u00fakazu. Obchody l\u00e1kaj\u00ed z\u00e1kazn\u00edky na slevov\u00e9 akce, kter\u00e9 se po shl\u00e9dnut\u00ed \u00fa\u010dtu mohou kamsi ztratit. Proslul\u00fdm je v\u00a0tomto sm\u011bru Lidl na pra\u017esk\u00e9m Proseku. Ka\u017ed\u00fd v\u011bt\u0161\u00ed n\u00e1kup se pokladn\u00edm poda\u0159\u00ed p\u0159est\u0159elit a\u017e o 20%. P\u0159i pohodlnosti mnoh\u00fdch z\u00e1kazn\u00edk\u016f neochotn\u00fdch kontrolovat v\u00fdsledn\u00fd \u00fa\u010det se p\u0159i tomto syst\u00e9mu poda\u0159\u00ed person\u00e1lu nejen zam\u00e1znout p\u0159\u00edpadn\u00e9 manko, ale lecos i ,,u\u0161et\u0159it\u201c. Tato prodejna v\u0161ak nen\u00ed v\u00fdjimkou a bu\u010fte v\u00edce p\u0159i n\u00e1kupech podez\u0159\u00edvav\u00ed, mo\u017en\u00e1 zna\u010dn\u011b ochr\u00e1n\u00edte sv\u00e9 \u00faspory. Se zhor\u0161uj\u00edc\u00ed se ekonomickou situac\u00ed o\u010dek\u00e1vejme zm\u011bnu spole\u010densk\u00e9ho prost\u0159ed\u00ed, zvy\u0161uj\u00edc\u00ed se kriminalitu a rozkv\u011bt \u0161ed\u00e9 ekonomicky a v\u00fdm\u011bnn\u00e9ho obchodu. Podzim bude dost mo\u017en\u00e1 rozcest\u00edm, na kter\u00e9 se st\u00e1ty EU rozejdou. T\u0159eba ne \u00fapln\u011b, nicm\u00e9n\u011b n\u00e1zorov\u011b ano. Bulha\u0159i uk\u00e1zali, kudy cesta vede, Ma\u010fa\u0159i to nazna\u010duj\u00ed u\u017e d\u00e9le. My to s\u00a0touto neschopnou vl\u00e1dou nezvl\u00e1dneme, tak\u017ee je \u010das na rychlou zm\u011bnu. Je t\u0159eba se t\u00edm skute\u010dn\u011b zab\u00fdvat.<\/p>\n<\/div>\n<p><a href=\"https:\/\/www.inadhled.live\/uvaha-dne\/situace-se-vyhrocuje\/\">Jind\u0159ich Kulhav\u00fd<\/a><\/p>\n<p>&nbsp;<\/p>\n","protected":false},"excerpt":{"rendered":"<p>Kolem stoupaj\u00edc\u00edch cen elekt\u0159iny a plynu se rozt\u00e1\u010d\u00ed p\u011bkn\u00fd koloto\u010d a t\u011bm chyt\u0159ej\u0161\u00edm u\u017e za\u010d\u00edn\u00e1&#8230;<\/p>\n","protected":false},"author":2,"featured_media":14320,"comment_status":"closed","ping_status":"closed","sticky":false,"template":"","format":"standard","meta":[],"categories":[6],"tags":[76,285,41,1068],"_links":{"self":[{"href":"https:\/\/www.infokuryr.cz\/n\/wp-json\/wp\/v2\/posts\/14319"}],"collection":[{"href":"https:\/\/www.infokuryr.cz\/n\/wp-json\/wp\/v2\/posts"}],"about":[{"href":"https:\/\/www.infokuryr.cz\/n\/wp-json\/wp\/v2\/types\/post"}],"author":[{"embeddable":true,"href":"https:\/\/www.infokuryr.cz\/n\/wp-json\/wp\/v2\/users\/2"}],"replies":[{"embeddable":true,"href":"https:\/\/www.infokuryr.cz\/n\/wp-json\/wp\/v2\/comments?post=14319"}],"version-history":[{"count":0,"href":"https:\/\/www.infokuryr.cz\/n\/wp-json\/wp\/v2\/posts\/14319\/revisions"}],"wp:featuredmedia":[{"embeddable":true,"href":"https:\/\/www.infokuryr.cz\/n\/wp-json\/wp\/v2\/media\/14320"}],"wp:attachment":[{"href":"https:\/\/www.infokuryr.cz\/n\/wp-json\/wp\/v2\/media?parent=14319"}],"wp:term":[{"taxonomy":"category","embeddable":true,"href":"https:\/\/www.infokuryr.cz\/n\/wp-json\/wp\/v2\/categories?post=14319"},{"taxonomy":"post_tag","embeddable":true,"href":"https:\/\/www.infokuryr.cz\/n\/wp-json\/wp\/v2\/tags?post=14319"}],"curies":[{"name":"wp","href":"https:\/\/api.w.org\/{rel}","templated":true}]}}