{"id":1431,"date":"2021-05-06T17:04:03","date_gmt":"2021-05-06T15:04:03","guid":{"rendered":"http:\/\/www.infokuryr.cz\/n\/?p=1431"},"modified":"2021-05-06T17:04:03","modified_gmt":"2021-05-06T15:04:03","slug":"covid-a-chaos-v-ideologiich","status":"publish","type":"post","link":"https:\/\/www.infokuryr.cz\/n\/2021\/05\/06\/covid-a-chaos-v-ideologiich\/","title":{"rendered":"COVID A CHAOS V IDEOLOGI\u00cdCH"},"content":{"rendered":"<div id=\"fb-root\"><\/div>\n<p><strong>V\u0161imli jste si, \u017ee v\u00a0souvislosti s\u00a0vl\u00e1dn\u00edm Covid \u0161\u00edlenstv\u00edm nejsou v\u00a0ulic\u00edch vid\u011bt \u017e\u00e1dn\u00ed anarchist\u00e9? Jak je to mo\u017en\u00e9? A co d\u011blali na 1. m\u00e1je?<\/strong><span id=\"more-11929\"><\/span><\/p>\n<p>St\u00e1t pod briliantn\u00ed z\u00e1minkou ohro\u017een\u00ed ve\u0159ejn\u00e9ho zdrav\u00ed zav\u00e1d\u00ed v\u0161emo\u017en\u00e1 omezen\u00ed a jejich dodr\u017eov\u00e1n\u00ed vynucuje totalitn\u00edmi praktikami. Od koho jin\u00e9ho by se \u010dekalo, \u017ee bude v ulic\u00edch nejv\u00edc vid\u011bt a sly\u0161et? Od koho by se \u010dekalo, \u017ee bude kl\u00e1st nejv\u011bt\u0161\u00ed odpor proti t\u011bmto na\u0159\u00edzen\u00edm? Kdo se v\u017edy a v\u0161ude nejv\u00edc oh\u00e1n\u00ed totalitou a bojem za svobodu, proti syst\u00e9mu? Tak kde pak rud\u00ed(zelen\u00ed) jsou? Jeden cit\u00e1t z filmu \u201eJ\u00e1ra Cimrman le\u017e\u00edc\u00ed sp\u00edc\u00ed\u201c za v\u0161echny:\u00a0<em>\u201eCo d\u011blaj anarchisti?! Pro\u010d po n\u011bm n\u011bco nehod\u011bj?!!\u201c<\/em><\/p>\n<p>Doby, kdy anarchist\u00e9 p\u00e1chali atent\u00e1ty na jak\u00e9koliv st\u00e1tn\u00edky, p\u0159i jak\u00e9koliv p\u0159\u00edle\u017eitosti, pod jakoukoliv z\u00e1minkou omezov\u00e1n\u00ed svobody al\u00e1 19. stolet\u00ed, jsou patrn\u011b pry\u010d. Patrn\u011b sp\u00ed, do\u0161li jim k\u00e1d\u0159i nebo maj\u00ed chaos v ideologii.<\/p>\n<p>Sou\u010dasn\u00e1 doba je patn\u011b nejtotalitn\u011bj\u0161\u00ed od roku \u00b489, co\u017e je nav\u00edc podtr\u017eeno Covid kriz\u00ed. A reakce krajn\u00ed levice = \u00fadajn\u00fdch bojovn\u00edk\u016f za svobodu a proti jak\u00e9koliv form\u011b omezov\u00e1n\u00ed?<\/p>\n<p>Na str\u00e1nk\u00e1ch antify se mimo jin\u00e9ho hnoje m\u016f\u017eete do\u010d\u00edst n\u00e1sleduj\u00edc\u00ed:\u00a0<em>\u201eDnes v \u010cech\u00e1ch \u0159\u00e1d\u00ed koronavirov\u00e1 pandemie nejh\u016f\u0159 na sv\u011bt\u011b. P\u0159epln\u011bn\u00e9 nemocnice rozhoduj\u00ed, koho p\u0159ijmout, koho nechat zem\u0159\u00edt na utlumuj\u00edc\u00edch l\u00e9c\u00edch a komu poskytnout nedostatkov\u00e9 ventilace. A hyeny zase c\u00edt\u00ed maso od kosti\u201c<\/em><\/p>\n<p>P\u0159i prvom\u00e1jov\u00fdch demonstrac\u00edch v Praze byli po del\u0161\u00ed dob\u011b op\u011bt vid\u011bt anarchist\u00e9. Jejich stejnokroj\u016f, opi\u010d\u00edch pohyb\u016f a sk\u0159ek\u016f si ne\u0161lo nev\u0161imnout, i kdy\u017e jich bylo jako kdy\u017e plivne.<\/p>\n<p>https:\/\/www.afed.cz\/text\/7351\/prvni-maj-2021<\/p>\n<p>Rud\u00ed nap\u0159\u00edklad nav\u0161t\u00edvili demonstraci L. Voln\u00e9ho na St\u0159eleck\u00e9m ostrov\u011b, kde povykovali na zcela oby\u010dejn\u00e9 civilisty se smrt\u00ed v o\u010d\u00edch, a\u0165 si nasad\u00ed rou\u0161ku a ukazovali na n\u011b prost\u0159edn\u00ed\u010dky. Jedna soudru\u017eka z jejich \u0159ad na jednoho z \u00fa\u010dastn\u00edk\u016f zavolala:\u00a0<em>\u201edr\u017e\u2026<\/em>\u00a0(\u00fasta)\u00a0<em>a nasa\u010f si rou\u0161ky ty\u2026<\/em>(koso\u010dtverec). Na akci L. Voln\u00e9ho byli rovn\u011b\u017e p\u0159\u00edtomni \u0161piclov\u00e9 antify, kte\u0159\u00ed vzorn\u011b fotili \u201eextremistick\u00e9\u201c \u00fa\u010dastn\u00edky demonstrace \u2013 mlad\u00e9 sle\u010dny, star\u00e9 pan\u00ed, oby\u010dejn\u00e9 civilisty, rodiny s d\u011btmi. Rovn\u011b\u017e byli p\u0159\u00edtomni tajn\u00ed. Na n\u00e1v\u0161t\u011bvu demonstrac\u00ed \u201eextremist\u016f\u201c na Letn\u00e9 se v\u0161ak jaksi nezmohli.<\/p>\n<p>\u010cili anarcho-sc\u00e9na ne \u017ee proti sou\u010dasn\u00e9mu covid stavu bojuje, ona v n\u011bj v\u011b\u0159\u00ed a s n\u00edm sympatizuje!<\/p>\n<p>Z ofiko str\u00e1nek anarchist\u016f:\u00a0<em>\u201ePandemie nemoci covid-19 je\u0161t\u011b zdaleka nen\u00ed za n\u00e1mi. I kdy\u017e se setk\u00e1me venku, je t\u0159eba db\u00e1t na sv\u00e9 zdrav\u00ed a respektovat t\u00e9\u017e zdrav\u00ed sv\u00fdch kamar\u00e1d\u016f a kamar\u00e1dek a spolupod\u00edlet se na vytv\u00e1\u0159en\u00ed bezpe\u010dn\u00e9ho prostoru. Spol\u00e9h\u00e1me na zodpov\u011bdn\u00fd p\u0159\u00edstup ka\u017ed\u00e9ho, kter\u00fd by m\u011bl b\u00fdt samoz\u0159ejmost\u00ed.\u201c<\/em><\/p>\n<p>D\u016fvod, pro\u010d sou\u010dasn\u00e1 krajn\u011b levicov\u00e1 sc\u00e9na zauj\u00edm\u00e1 tento postoj, je prost\u00fd. Z principu \u010din\u00ed prav\u00fd opak toho, co dnes \u010dinn\u00ed tzv. krajn\u00ed pravice (ve skute\u010dnosti oby\u010dejn\u00ed\u00a0<strong>probuzen\u00ed<\/strong>\u00a0lid\u00e9, \u010dasto apoliti\u010dt\u00ed). Mezi t\u011bmito probuzen\u00fdmi se v\u0161ak nach\u00e1z\u00ed t\u00e9m\u011b\u0159 v\u0161echny vlasteneck\u00e9 strany, dle antify v\u0161ichni \u201efa\u0161ouni\u201c. \u010cili p\u0159\u00edklad, kdyby n\u00e1hodou vlasteneck\u00e1 sc\u00e9na najednou za\u010dala b\u00fdt proamerick\u00e1, anarchist\u00e9 budou automaticky (natruc) proru\u0161t\u00ed.<\/p>\n<p>Se\u010dteno, podtr\u017eeno:<\/p>\n<p>1) Vypad\u00e1 to, \u017ee sou\u010dasn\u00ed odp\u016frci covid teroru (tvo\u0159eni \u00fadajn\u011b \u201eextr\u00e9misty\u201c) jsou mnohem v\u011bt\u0161\u00ed anarchist\u00e9, ne\u017e ta rud\u00e1 ch\u00e1tra, kter\u00e9 totalita najednou nevad\u00ed<br \/>\n2) jak\u00e1koliv podoba krajn\u00ed levice zde nen\u00ed proto, aby bojovala za svobodu a proti omezov\u00e1n\u00ed, n\u00fdbr\u017e proto, aby V\u00e1m n\u00e1zorn\u011b uk\u00e1zala, jak hluboko m\u016f\u017ee klesnout \u010dlov\u011bk, ned\u00e1-li si pozor na temn\u00e9 s\u00edly. Na takov\u00e9, kter\u00e9 stoj\u00ed mimo jin\u00e9 za sou\u010dasnou Covid kriz\u00ed.<\/p>\n<p><em>-RM-<\/em><\/p>\n<p><em>ilustra\u010dn\u00ed foto: pixabay.com<\/em><\/p>\n<p><a href=\"https:\/\/narodnidemokracie.cz\/covid-a-chaos-v-ideologiich\/\">ZDROJ<\/a><\/p>\n<p>&nbsp;<\/p>\n","protected":false},"excerpt":{"rendered":"<p>V\u0161imli jste si, \u017ee v\u00a0souvislosti s\u00a0vl\u00e1dn\u00edm Covid \u0161\u00edlenstv\u00edm nejsou v\u00a0ulic\u00edch vid\u011bt \u017e\u00e1dn\u00ed anarchist\u00e9? Jak je&#8230;<\/p>\n","protected":false},"author":2,"featured_media":1432,"comment_status":"closed","ping_status":"closed","sticky":false,"template":"","format":"standard","meta":[],"categories":[6],"tags":[284,70,23,48],"_links":{"self":[{"href":"https:\/\/www.infokuryr.cz\/n\/wp-json\/wp\/v2\/posts\/1431"}],"collection":[{"href":"https:\/\/www.infokuryr.cz\/n\/wp-json\/wp\/v2\/posts"}],"about":[{"href":"https:\/\/www.infokuryr.cz\/n\/wp-json\/wp\/v2\/types\/post"}],"author":[{"embeddable":true,"href":"https:\/\/www.infokuryr.cz\/n\/wp-json\/wp\/v2\/users\/2"}],"replies":[{"embeddable":true,"href":"https:\/\/www.infokuryr.cz\/n\/wp-json\/wp\/v2\/comments?post=1431"}],"version-history":[{"count":0,"href":"https:\/\/www.infokuryr.cz\/n\/wp-json\/wp\/v2\/posts\/1431\/revisions"}],"wp:featuredmedia":[{"embeddable":true,"href":"https:\/\/www.infokuryr.cz\/n\/wp-json\/wp\/v2\/media\/1432"}],"wp:attachment":[{"href":"https:\/\/www.infokuryr.cz\/n\/wp-json\/wp\/v2\/media?parent=1431"}],"wp:term":[{"taxonomy":"category","embeddable":true,"href":"https:\/\/www.infokuryr.cz\/n\/wp-json\/wp\/v2\/categories?post=1431"},{"taxonomy":"post_tag","embeddable":true,"href":"https:\/\/www.infokuryr.cz\/n\/wp-json\/wp\/v2\/tags?post=1431"}],"curies":[{"name":"wp","href":"https:\/\/api.w.org\/{rel}","templated":true}]}}