{"id":14309,"date":"2022-08-30T03:32:06","date_gmt":"2022-08-30T01:32:06","guid":{"rendered":"http:\/\/www.infokuryr.cz\/n\/?p=14309"},"modified":"2022-08-30T07:41:21","modified_gmt":"2022-08-30T05:41:21","slug":"ukrajinsti-vojaci-popsali-jak-kyjev-drancuje-pomoc-a-ohrozuje-vojaky-i-civilisty","status":"publish","type":"post","link":"https:\/\/www.infokuryr.cz\/n\/2022\/08\/30\/ukrajinsti-vojaci-popsali-jak-kyjev-drancuje-pomoc-a-ohrozuje-vojaky-i-civilisty\/","title":{"rendered":"Ukrajin\u0161t\u00ed voj\u00e1ci popsali, jak Kyjev drancuje pomoc a ohro\u017euje voj\u00e1ky i civilisty"},"content":{"rendered":"<div id=\"fb-root\"><\/div>\n<p>Ukrajina sice je\u0161t\u011b form\u00e1ln\u011b \u201eneprohr\u00e1la\u201c v\u00e1lku proti Rusku po invazi Moskvy koncem \u00fanora 2022, ale podle n\u011bkolika vojensk\u00fdch veter\u00e1n\u016f zem\u011b je jen ot\u00e1zkou \u010dasu, kdy se tak stane.<\/p>\n<p><em>&#8222;Zbran\u011b jsou rozkraden\u00e9, humanit\u00e1rn\u00ed pomoc je vyplen\u011bna a nem\u00e1me ani tu\u0161en\u00ed, kam zmizely miliardy poslan\u00e9 do t\u00e9to zem\u011b,&#8220;<\/em>\u00a0\u0159ekl jeden v\u00e1le\u010dn\u00fd veter\u00e1n pro port\u00e1l\u00a0<em>The Grey Zone<\/em>\u00a0o tom, co se d\u011bje s masivn\u00ed zahrani\u010dn\u00ed pomoc\u00ed poskytovanou Ukrajin\u011b evropsk\u00fdmi a americk\u00fdmi da\u0148ov\u00fdmi poplatn\u00edky.<span id=\"more-64036\"><\/span><\/p>\n<p>Port\u00e1l d\u00e1le p\u00ed\u0161e:<\/p>\n<p>Ve videu odeslan\u00e9m p\u0159es Facebook messenger v \u010dervenci 2022 lze vid\u011bt Ivana st\u00e1t vedle sv\u00e9ho auta, modelu SUV Mitsubishi z roku 2010. Ze zadn\u00edho okna se val\u00ed kou\u0159.\u00a0Ivan se sm\u011bje a posouv\u00e1 kamerou sv\u00e9ho telefonu po cel\u00e9 d\u00e9lce vozidla, p\u0159i\u010dem\u017e ukazuje d\u00edry po kulk\u00e1ch.<\/p>\n<p><em>\u201eV m\u00e9m aut\u011b se pokazilo turbodmychadlo,\u201c<\/em>\u00a0\u0159ekl a posunul telefon sm\u011brem k p\u0159edn\u00ed \u010d\u00e1sti vozu.<\/p>\n<p><em>\u201eM\u016fj velitel \u0159\u00edk\u00e1, \u017ee bych m\u011bl zaplatit za opravu s\u00e1m.\u00a0Abych mohl ve v\u00e1lce pou\u017e\u00edvat vlastn\u00ed auto, mus\u00edm si za vlastn\u00ed pen\u00edze koupit nov\u00e9 turbodmychadlo.\u201c<\/em><\/p>\n<p>Ivan n\u00e1sledn\u011b ot\u00e1\u010d\u00ed fotoapar\u00e1t sm\u011brem ke sv\u00e9mu obli\u010deji.<\/p>\n<p><em>\u201eNo, vy zkurven\u00ed poslanci v parlamentu, douf\u00e1m, \u017ee se navz\u00e1jem po\u017eerete, \u010f\u00e1blov\u00e9! P\u0159\u00e1l bych si, abyste byli na m\u00e9m m\u00edst\u011b,\u201c<\/em>\u00a0dodal.<\/p>\n<h2>Poslanci parlamentu si zvy\u0161uj\u00ed platy, dokud jejich zem\u011b a voj\u00e1ci krv\u00e1cej\u00ed<\/h2>\n<p>Ivanovo rozzloben\u00e9 hodnocen\u00ed p\u0159ich\u00e1z\u00ed pot\u00e9, co si ukrajin\u0161t\u00ed poslanci parlamentu minul\u00fd m\u011bs\u00edc odhlasovali zv\u00fd\u0161en\u00ed plat\u016f o 70%, uvedl port\u00e1l\u00a0<em>The Grey Zone<\/em>\u00a0a dodal, \u017ee podle dokumentace to dok\u00e1zaly jen d\u00edky miliard\u00e1m dolar\u016f a eur, kter\u00e9 byly zasl\u00e1ny zemi.<\/p>\n<p><em>\u201eMy, ukrajin\u0161t\u00ed voj\u00e1ci, nem\u00e1me nic,\u201c<\/em>\u00a0\u0159ekl Ivan pro m\u00e9dia.<\/p>\n<p><em>\u201eV\u011bci, kter\u00e9 dostali voj\u00e1ci k pou\u017eit\u00ed ve v\u00e1lce, poch\u00e1zeli p\u0159\u00edmo od dobrovoln\u00edk\u016f.\u00a0Pomoc, kter\u00e1 jde na\u0161\u00ed vl\u00e1d\u011b, se k n\u00e1m nikdy nedostane.\u201c<\/em><\/p>\n<p>Ivan tak\u00e9 \u0159ekl, \u017ee slou\u017e\u00ed ukrajinsk\u00e9 arm\u00e1d\u011b od roku 2014. V sou\u010dasnosti je um\u00edst\u011bn v regionu Donbasu, kde mus\u00ed pou\u017e\u00edvat mal\u00e1 komer\u010dn\u00ed bezpilotn\u00ed letadla k lokalizaci rusk\u00fdch pozic, na kter\u00e9 se m\u00e1 zam\u011b\u0159it d\u011blost\u0159electvo.<\/p>\n<p><em>&#8222;V prvn\u00ed linii je te\u010f tolik probl\u00e9m\u016f,&#8220;<\/em>\u00a0\u0159ekl.<\/p>\n<p><em>\u201eNem\u00e1me p\u0159ipojen\u00ed k internetu, co\u017e n\u00e1m v podstat\u011b znemo\u017e\u0148uje pr\u00e1ci.\u00a0Mus\u00edme jezdit nahoru a dol\u016f, abychom na\u0161li sign\u00e1l na mobiln\u00edch za\u0159\u00edzen\u00edch.\u00a0Dovedete si to p\u0159edstavit?\u201c<\/em><\/p>\n<p>Dal\u0161\u00ed voj\u00e1k ve stejn\u00e9 jednotce poslal port\u00e1lu\u00a0<em>The Grey Zone<\/em>\u00a0video, na kter\u00e9m se kr\u010d\u00ed v z\u00e1kopu nedaleko frontov\u00e9 linie v Donbasu.<\/p>\n<p><em>&#8222;Podle dokument\u016f n\u00e1m zde vl\u00e1da postavila bunkr,&#8220;<\/em>\u00a0poznamenal ve videu.<\/p>\n<p><em>\u201eAle jak vid\u00edte, nad na\u0161imi hlavami je jen n\u011bkolikacentimetrov\u00e1 d\u0159ev\u011bn\u00e1 pokr\u00fdvka, kter\u00e1 n\u00e1s m\u00e1 chr\u00e1nit p\u0159ed tankov\u00fdm a d\u011blost\u0159eleck\u00fdm ost\u0159elov\u00e1n\u00edm.<\/em><\/p>\n<p><em>Rusov\u00e9 n\u00e1s ost\u0159eluj\u00ed cel\u00e9 hodiny.\u00a0Tyto z\u00e1kopy jsme si vykopali sami.\u00a0M\u00e1me zde dva samopaly AK-47 na 5 voj\u00e1k\u016f a neust\u00e1le se zasek\u00e1vaj\u00ed kv\u016fli prachu,\u201c<\/em>\u00a0uk\u00e1zal voj\u00e1k a otestoval samopal.<\/p>\n<p><em>\u201e\u0160el jsem za velitelem a vysv\u011btlil jsem mu situaci.\u00a0\u0158ekl jsem mu, \u017ee je p\u0159\u00edli\u0161 obt\u00ed\u017en\u00e9 udr\u017eet tuto pozici.\u00a0\u0158ekl jsem mu, \u017ee ch\u00e1pu, \u017ee je to strategicky d\u016fle\u017eit\u00fd bod, ale n\u00e1\u0161 t\u00fdm je rozbit\u00fd a \u017e\u00e1dn\u00e1 pomoc n\u00e1m nep\u0159ijde.<\/em><\/p>\n<p><em>Za 10 dn\u00ed zde zahynulo 15 voj\u00e1k\u016f, v\u0161ichni z ost\u0159elov\u00e1n\u00ed a \u0161rapnel\u016f.<\/em><\/p>\n<p><em>Zeptal jsem se velitele, jestli bychom mohli p\u0159in\u00e9st n\u011bjakou t\u011b\u017ekou techniku \u200b\u200bna stavbu lep\u0161\u00edho bunkru a on odm\u00edtl, proto\u017ee \u0159ekl, \u017ee rusk\u00e9 ost\u0159elov\u00e1n\u00ed by mohlo po\u0161kodit techniku.\u00a0Je mu jedno, \u017ee tady zem\u0159elo 15 na\u0161ich voj\u00e1k\u016f?\u201c<\/em>\u00a0zeptal se voj\u00e1k.<\/p>\n<p><em>&#8222;Pokud byste se pokusili americk\u00e9mu voj\u00e1kovi vysv\u011btlit situaci, ve kter\u00e9 se ocitli ukrajin\u0161t\u00ed voj\u00e1ci, myslel bys, \u017ee jste bl\u00e1zen,&#8220;<\/em>\u00a0\u0159ekl Ivan.<\/p>\n<p><em>\u201eP\u0159edstavte si, \u017ee \u0159\u00edk\u00e1te americk\u00e9mu voj\u00e1kovi, \u017ee ve v\u00e1lce pou\u017e\u00edv\u00e1me na\u0161e vlastn\u00ed osobn\u00ed auta a jsme tak\u00e9 zodpov\u011bdn\u00ed za platby na opravy a palivo.<\/em><\/p>\n<p><em>Kupujeme si vlastn\u00ed nepr\u016fst\u0159eln\u00e9 vesty a p\u0159ilby.\u00a0Nem\u00e1me pozorovac\u00ed n\u00e1stroje ani kamery, tak\u017ee voj\u00e1ci mus\u00ed vystr\u010dit hlavy, aby vid\u011bli, co p\u0159ich\u00e1z\u00ed.\u00a0To znamen\u00e1, \u017ee raketa nebo tank jim mohou kdykoli odtrhnout hlavu,\u201c<\/em>\u00a0dodal Ivan.<\/p>\n<h2>Nad podm\u00ednkami na front\u011b lamentoval i t\u0159iadvacetilet\u00fd Ilja, voj\u00e1k z Kyjeva.<\/h2>\n<p><em>&#8222;Kdybych v\u011bd\u011bl, kolik podvod\u016f je v t\u00e9to arm\u00e1d\u011b a jak to tady bude cel\u00e9 vypadat, nikdy bych se k arm\u00e1d\u011b nep\u0159idal,&#8220;<\/em>\u00a0\u0159ekl.<\/p>\n<p><em>\u201eChci j\u00edt dom\u016f, ale kdy\u017e ute\u010du, \u010dek\u00e1 m\u011b v\u011bzen\u00ed.\u201c<\/em><\/p>\n<p>Pokra\u010doval, \u017ee jemu a dal\u0161\u00edm voj\u00e1k\u016fm v jeho jednotce chyb\u00ed z\u00e1kladn\u00ed zbran\u011b a ochrann\u00e9 pom\u016fcky.<\/p>\n<p><em>\u201eNa Ukrajin\u011b se lid\u00e9 navz\u00e1jem podv\u00e1d\u011bj\u00ed i ve v\u00e1lce.\u00a0Sledoval jsem, jak n\u00e1m odv\u00e1\u017eej\u00ed zdravotnick\u00fd materi\u00e1l, kter\u00fd n\u00e1m darovali,\u201c<\/em>\u00a0uvedl.<\/p>\n<p><em>\u201eAuta, kter\u00e1 n\u00e1s p\u0159ivezla na na\u0161e stanovi\u0161t\u011b, byla ukradena.\u00a0A za t\u0159i m\u011bs\u00edce n\u00e1s nenahradili nov\u00ed voj\u00e1ci, p\u0159esto\u017ee jsme u\u017e m\u011bli b\u00fdt vyst\u0159\u00edd\u00e1ni minim\u00e1ln\u011b t\u0159ikr\u00e1t.\u201c<\/em><\/p>\n<p>Americk\u00e1 l\u00e9ka\u0159ka jm\u00e9nem Samatha Morrisov\u00e1 tak\u00e9 mluvila o neust\u00e1l\u00e9\u00a0<a href=\"https:\/\/www.badatel.net\/korupcia-monsanta-odhalena\/\">korupci<\/a>\u00a0a rozkr\u00e1d\u00e1n\u00ed za ukrajinsk\u00fdmi hranicemi.<\/p>\n<p><em>\u201eKdy\u017e jsem poprv\u00e9 p\u0159ekro\u010dila hranici z Polska, musela jsem skr\u00fdt sv\u00e9 zdravotnick\u00e9 pot\u0159eby pod matrace a plenky, aby mi je neukradly,\u201c<\/em>\u00a0\u0159ekl Morrisov\u00e1, kter\u00e1 poch\u00e1z\u00ed z Maine a na Ukrajinu ode\u0161la v kv\u011btnu u\u010dit voj\u00e1ky l\u00e9ka\u0159sk\u00e9 p\u00e9\u010de.<\/p>\n<p><em>\u201ePohrani\u010dn\u00edci na ukrajinsk\u00e9 stran\u011b prost\u011b vezmou v\u011bci a \u0159eknou v\u00e1m: \u201ePot\u0159ebujeme to pro na\u0161i v\u00e1lku,\u201c ale pak ty v\u011bci prost\u011b ukradnou a prodaj\u00ed d\u00e1l.\u00a0Up\u0159\u00edmn\u011b \u0159e\u010deno, pokud dary nedoru\u010d\u00edte p\u0159\u00edmo zam\u00fd\u0161len\u00fdm p\u0159\u00edjemc\u016fm, polo\u017eky se k nim nikdy nedostanou,\u201c<\/em>\u00a0dodala.<\/p>\n<p><em>\u201eZavolala mi zdravotn\u00ed sestra z vojensk\u00e9 nemocnice v ukrajinsk\u00e9m m\u011bst\u011b Dnipro,\u201c<\/em>\u00a0pokra\u010dovala Morrisov\u00e1.<\/p>\n<p><em>\u201e\u0158ekla, \u017ee \u0159editel nemocnice ukradl v\u0161echny l\u00e9ky proti bolesti, aby je d\u00e1le prodal, a \u017ee zran\u011bn\u00ed voj\u00e1ci, kte\u0159\u00ed se tam l\u00e9\u010dili, nem\u011bli \u017e\u00e1dn\u00e1 anestetika proti bolestem.<\/em><\/p>\n<p><em>Prosila n\u00e1s, abychom j\u00ed p\u0159inesli l\u00e9ky proti bolesti, \u017ee je skryje p\u0159ed \u0159editelem nemocnice, aby se dostali k voj\u00e1k\u016fm.<\/em><\/p>\n<p><em>Ale komu m\u016f\u017ee\u0161 v\u011b\u0159it?\u00a0Opravdu kradl l\u00e9ky \u0159editel nemocnice, nebo se n\u00e1s sna\u017eila oklamat, abychom j\u00ed dali l\u00e9ky proti bolesti a ona je pak prodala nebo pou\u017eila?\u00a0Kdo v\u00ed.\u00a0V\u0161ichni l\u017eou.\u201c<\/em><\/p>\n<h2>Z\u00e1v\u011br<\/h2>\n<p>Posledn\u00ed v\u011bc\u00ed, kterou by evrop\u0161t\u00ed a ameri\u010dt\u00ed da\u0148ov\u00ed poplatn\u00edci m\u011bli d\u011blat, je financovat zkorumpovanou Ukrajinu.<\/p>\n<p>P\u0159esto na\u0161i zaprodan\u00ed l\u00edd\u0159i nad\u00e1le tla\u010d\u00ed eura a dolary a pos\u00edlaj\u00ed je tam, kde jsou jen zbyte\u010dn\u011b vyhozen\u00e9 nebo ukraden\u00e9.<\/p>\n<p>Autor: JD Heyes, Zdroj:\u00a0<a href=\"https:\/\/www.naturalnews.com\/2022-08-28-ukrainian-veterans-kyiv-plundered-us-aid-wasted-soldiers-endangered-civilians.html\" target=\"_blank\" rel=\"noopener\">naturalnews.com<\/a><\/p>\n<p>&nbsp;<\/p>\n","protected":false},"excerpt":{"rendered":"<p>Ukrajina sice je\u0161t\u011b form\u00e1ln\u011b \u201eneprohr\u00e1la\u201c v\u00e1lku proti Rusku po invazi Moskvy koncem \u00fanora 2022, ale&#8230;<\/p>\n","protected":false},"author":2,"featured_media":14310,"comment_status":"closed","ping_status":"closed","sticky":false,"template":"","format":"standard","meta":[],"categories":[7],"tags":[221,26,321],"_links":{"self":[{"href":"https:\/\/www.infokuryr.cz\/n\/wp-json\/wp\/v2\/posts\/14309"}],"collection":[{"href":"https:\/\/www.infokuryr.cz\/n\/wp-json\/wp\/v2\/posts"}],"about":[{"href":"https:\/\/www.infokuryr.cz\/n\/wp-json\/wp\/v2\/types\/post"}],"author":[{"embeddable":true,"href":"https:\/\/www.infokuryr.cz\/n\/wp-json\/wp\/v2\/users\/2"}],"replies":[{"embeddable":true,"href":"https:\/\/www.infokuryr.cz\/n\/wp-json\/wp\/v2\/comments?post=14309"}],"version-history":[{"count":1,"href":"https:\/\/www.infokuryr.cz\/n\/wp-json\/wp\/v2\/posts\/14309\/revisions"}],"predecessor-version":[{"id":14313,"href":"https:\/\/www.infokuryr.cz\/n\/wp-json\/wp\/v2\/posts\/14309\/revisions\/14313"}],"wp:featuredmedia":[{"embeddable":true,"href":"https:\/\/www.infokuryr.cz\/n\/wp-json\/wp\/v2\/media\/14310"}],"wp:attachment":[{"href":"https:\/\/www.infokuryr.cz\/n\/wp-json\/wp\/v2\/media?parent=14309"}],"wp:term":[{"taxonomy":"category","embeddable":true,"href":"https:\/\/www.infokuryr.cz\/n\/wp-json\/wp\/v2\/categories?post=14309"},{"taxonomy":"post_tag","embeddable":true,"href":"https:\/\/www.infokuryr.cz\/n\/wp-json\/wp\/v2\/tags?post=14309"}],"curies":[{"name":"wp","href":"https:\/\/api.w.org\/{rel}","templated":true}]}}