{"id":14308,"date":"2022-08-30T03:30:04","date_gmt":"2022-08-30T01:30:04","guid":{"rendered":"http:\/\/www.infokuryr.cz\/n\/?p=14308"},"modified":"2022-08-30T03:30:04","modified_gmt":"2022-08-30T01:30:04","slug":"financni-skandaly-a-machinace-manazeru-nemeckych-verejnopravnich-medii-neberou-konce-je-to-v-ct-a-cro-lepsi","status":"publish","type":"post","link":"https:\/\/www.infokuryr.cz\/n\/2022\/08\/30\/financni-skandaly-a-machinace-manazeru-nemeckych-verejnopravnich-medii-neberou-konce-je-to-v-ct-a-cro-lepsi\/","title":{"rendered":"Finan\u010dn\u00ed skand\u00e1ly a machinace mana\u017eer\u016f n\u011bmeck\u00fdch ve\u0159ejnopr\u00e1vn\u00edch medi\u00ed neberou konce. Je to v \u010cT a \u010cRo lep\u0161\u00ed?"},"content":{"rendered":"<div id=\"fb-root\"><\/div>\n<p><strong>N\u011bmeck\u00e1 ve\u0159ejnopr\u00e1vn\u00ed media jdou z jednoho skand\u00e1lu do druh\u00e9ho<\/strong>. Ukazuje se, \u017ee\u00a0<strong>jejich funkcion\u00e1\u0159\u016fm \u0161lo a jde prim\u00e1rn\u011b o finan\u010dn\u00ed obohacen\u00ed do vlastn\u00ed kapsy<\/strong>. Po odvol\u00e1n\u00ed \u0159editelky ve\u0159ejnopr\u00e1vn\u00ed ARD, kter\u00e1 zneu\u017e\u00edvala pen\u00edze koncesion\u00e1\u0159\u016f l\u00e9ta ve velk\u00e9m, se podobn\u00fd skand\u00e1l provalil i v<a href=\"https:\/\/jungefreiheit.de\/politik\/deutschland\/2022\/sachsen-anhalt-mdr-chefin-raeumt-ihren-posten\/\">\u00a0MDR (Mitteldeutscher Rundfunk)<\/a>,\u00a0<strong>kde po odhalen\u00ed finan\u010dn\u00edch machinac\u00ed musela \u010derstv\u011b odstoupit \u0159editelka Ines Hoge-Lorenz.\u00a0<\/strong>Medi\u00e1ln\u00ed mainstream se sna\u017e\u00ed v\u0161e bagatelizovat poukazem na \u00fadajn\u00e9 \u201eselh\u00e1n\u00ed jednotlivc\u016f\u201c. Pr\u00fd si \u0159editelka v\u0161e odpracovala atd.<\/p>\n<p>Jen\u017ee podobn\u00fd skand\u00e1l v region\u00e1ln\u00edch ve\u0159ejnopr\u00e1vn\u00edch medi\u00edch zu\u0159\u00ed \u010derstv\u011b i Rundfunk Berlin-Brandenburg (RBB), tak\u00a0<strong>byla propu\u0161t\u011bna \u0159editelka\u00a0<a href=\"https:\/\/jungefreiheit.de\/kultur\/medien\/2022\/rbb-schlesinger-nachfolger-laesst-sich-krankschreiben\/\">Patricia Schlesinger<\/a>\u00a0pro osobn\u00ed obohacov\u00e1n\u00ed. n\u011bkte\u0159\u00ed koment\u00e1to\u0159i se za\u010d\u00ednaj\u00ed pt\u00e1t, co to je za mana\u017eery ve\u0159ejnopr\u00e1vn\u00edch medi\u00ed, kte\u0159\u00ed prim\u00e1rn\u011b tou\u017e\u00ed po sv\u00e9m obohacen\u00ed a ve\u0159ejnopr\u00e1vn\u00ed slu\u017eba je jim \u201eukraden\u00e1\u201c<\/strong>. D\u016fv\u011bra ve\u0159ejnosti ve ve\u0159ejnopr\u00e1vn\u00ed media dosahuje historicky nejni\u017e\u0161\u00edch hodnot a podobn\u00e9 skand\u00e1ly krizi jen prohlubuj\u00ed.<\/p>\n<p>N\u011bmc\u016fm se \u010ce\u0161i sm\u00e1t nemohou. V \u201e\u010desk\u00e9\u201c televize a rozhlase se jejich mana\u017ee\u0159i a zam\u011bstnanci v\u011bnuj\u00ed osobn\u00edmu obohacov\u00e1n\u00ed (nad r\u00e1mec sv\u00e9 mzdy) nepochybn\u011b stejn\u011b intenzivn\u011b jako v N\u011bmecku.<\/p>\n<p>Dohoda\u00a0<strong>s establishmentem je v liber\u00e1ln\u00edch demokraci\u00edch jasn\u00e1 \u201evy budete propagovat globalistickou agendu (<\/strong>multikulti, LGBT, gender, klima alarmismus, covidismus, antiruskou agendu atd.)<strong>\u00a0a my v\u00e1m za to dovol\u00edme si polehku p\u0159ikr\u00e1dat do vlastn\u00ed kapsy\u201c<\/strong>. N\u011bkdy to ale zkr\u00e1tka p\u0159ekro\u010d\u00ed i liber\u00e1ln\u011b demokratick\u00e9 meze \u201eosobn\u00edho obohacov\u00e1n\u00ed se\u201c a pak jsou z toho nep\u0159\u00edjemn\u00e9 v\u00fd\u0161e uveden\u00e9 skand\u00e1ly\u2026.<\/p>\n<p><a href=\"https:\/\/ceskavec.com\/2022\/08\/financni-skandaly-a-machinace-manazeru-nemeckych-verejnopravnich-medii-neberou-konce-je-to-v-ct-a-cro-lepsi\">\u010cesk\u00e1 v\u011bc<\/a><\/p>\n<p>&nbsp;<\/p>\n","protected":false},"excerpt":{"rendered":"<p>N\u011bmeck\u00e1 ve\u0159ejnopr\u00e1vn\u00ed media jdou z jednoho skand\u00e1lu do druh\u00e9ho. Ukazuje se, \u017ee\u00a0jejich funkcion\u00e1\u0159\u016fm \u0161lo a&#8230;<\/p>\n","protected":false},"author":2,"featured_media":8650,"comment_status":"closed","ping_status":"closed","sticky":false,"template":"","format":"standard","meta":[],"categories":[7],"tags":[3175,45,84,1009,1698],"_links":{"self":[{"href":"https:\/\/www.infokuryr.cz\/n\/wp-json\/wp\/v2\/posts\/14308"}],"collection":[{"href":"https:\/\/www.infokuryr.cz\/n\/wp-json\/wp\/v2\/posts"}],"about":[{"href":"https:\/\/www.infokuryr.cz\/n\/wp-json\/wp\/v2\/types\/post"}],"author":[{"embeddable":true,"href":"https:\/\/www.infokuryr.cz\/n\/wp-json\/wp\/v2\/users\/2"}],"replies":[{"embeddable":true,"href":"https:\/\/www.infokuryr.cz\/n\/wp-json\/wp\/v2\/comments?post=14308"}],"version-history":[{"count":0,"href":"https:\/\/www.infokuryr.cz\/n\/wp-json\/wp\/v2\/posts\/14308\/revisions"}],"wp:featuredmedia":[{"embeddable":true,"href":"https:\/\/www.infokuryr.cz\/n\/wp-json\/wp\/v2\/media\/8650"}],"wp:attachment":[{"href":"https:\/\/www.infokuryr.cz\/n\/wp-json\/wp\/v2\/media?parent=14308"}],"wp:term":[{"taxonomy":"category","embeddable":true,"href":"https:\/\/www.infokuryr.cz\/n\/wp-json\/wp\/v2\/categories?post=14308"},{"taxonomy":"post_tag","embeddable":true,"href":"https:\/\/www.infokuryr.cz\/n\/wp-json\/wp\/v2\/tags?post=14308"}],"curies":[{"name":"wp","href":"https:\/\/api.w.org\/{rel}","templated":true}]}}