{"id":14304,"date":"2022-08-30T03:24:35","date_gmt":"2022-08-30T01:24:35","guid":{"rendered":"http:\/\/www.infokuryr.cz\/n\/?p=14304"},"modified":"2022-08-30T03:24:35","modified_gmt":"2022-08-30T01:24:35","slug":"nova-doba-slovenska-vlada-nevpustila-obcany-na-oficialni-cast-oslav-78-vyroci-snp","status":"publish","type":"post","link":"https:\/\/www.infokuryr.cz\/n\/2022\/08\/30\/nova-doba-slovenska-vlada-nevpustila-obcany-na-oficialni-cast-oslav-78-vyroci-snp\/","title":{"rendered":"Nov\u00e1 doba: Slovensk\u00e1 vl\u00e1da nevpustila ob\u010dany na ofici\u00e1ln\u00ed \u010d\u00e1st oslav 78. v\u00fdro\u010d\u00ed SNP"},"content":{"rendered":"<div id=\"fb-root\"><\/div>\n<h4>Nov\u00e1 doba: Slovensk\u00e1 vl\u00e1da nevpustila ob\u010dany na ofici\u00e1ln\u00ed \u010d\u00e1st oslav 78. v\u00fdro\u010d\u00ed SNP v Bansk\u00e9 Bystrici, podle informac\u00ed panovaly obavy z vypuknut\u00ed protivl\u00e1dn\u00edch nepokoj\u016f! O n\u011bkolik kilometr\u016f d\u00e1l ve Zvolen\u011b sklidil rusk\u00fd velvyslanec bou\u0159liv\u00fd potlesk a na z\u00e1v\u011br prohl\u00e1sil, \u017ee pravda zv\u00edt\u011bz\u00ed! Cel\u00e1 ofici\u00e1ln\u00ed \u010d\u00e1st u pam\u00e1tn\u00edku SNP v Bansk\u00e9 Bystrici se nesla v duchu protirusk\u00e9 agitace p\u0159edstavitel\u016f slovensk\u00e9 vl\u00e1dy a nikdo v projevech nevzpomn\u011bl v\u00edce jak 60 000 ob\u011bt\u00ed z \u0159ad voj\u00e1k\u016f Rud\u00e9 arm\u00e1dy, kter\u00e9 si osvobozov\u00e1n\u00ed Slovenska vy\u017e\u00e1dalo! Dnes Slovensko naopak pos\u00edl\u00e1 nacist\u016fm na Ukrajin\u011b zbran\u011b!<\/h4>\n<p>Slovensko si v pond\u011bl\u00ed 29. srpna p\u0159ipomn\u011blo 78. v\u00fdro\u010d\u00ed vypuknut\u00ed Slovensk\u00e9ho n\u00e1rodn\u00edho povst\u00e1n\u00ed, co\u017e je jeden z nejv\u00fdznamn\u011bj\u0161\u00edch slovensk\u00fdch sv\u00e1tk\u016f v roce. Letos se o\u010dek\u00e1valo, \u017ee slavnostn\u00ed ceremoni\u00e1l v Bansk\u00e9 Bystrici bude asi jin\u00fd, ale \u017ee bude a\u017e tak jin\u00fd, to asi ne\u010dekal nikdo.\u00a0<strong>Mimo\u0159\u00e1dn\u011b nepopul\u00e1rn\u00ed a neobl\u00edben\u00e1 vl\u00e1da Eduarda Hegera se podle v\u0161eho zalekla a rozhodla, \u017ee ofici\u00e1ln\u00ed oslavy v B\u00e1nsk\u00e9 Bystrici budou bez \u00fa\u010dasti ve\u0159ejnosti a p\u0159\u00edstup z\u00edskaj\u00ed jen vybran\u00ed host\u00e9 s pozv\u00e1nkami [<a href=\"https:\/\/href.li\/?https:\/\/domov.sme.sk\/c\/22995802\/oslavy-vyrocia-snp-v-banskej-bystrici-sa-zacali-bez-pristupu-verejnosti.html\" target=\"_blank\" rel=\"nofollow noopener\">1<\/a>].<\/strong><\/p>\n<p>Podle informac\u00ed slovensk\u00e9ho tisku bylo toto rozhodnut\u00ed u\u010din\u011bno v d\u016fsledku bezpe\u010dnostn\u00edch obav, aby oslavy v\u00fdro\u010d\u00ed nebyly zneu\u017eity k protivl\u00e1dn\u00edm nepokoj\u016fm a k politick\u00fdm agitac\u00edm opozice. A to nebylo v\u0161echno. Hegerova vl\u00e1da rovn\u011b\u017e rozhodla, \u017ee na oslavy nepozve z\u00e1stupce Rusk\u00e9 federace a B\u011bloruska, p\u0159esto\u017ee spolu s Ukrajinci to jsou z\u00e1stupci b\u00fdval\u00e9ho Sov\u011btsk\u00e9ho svazu. Slovensk\u00e9 n\u00e1rodn\u00ed povst\u00e1n\u00ed p\u0159itom bylo p\u0159\u00edmo podporov\u00e1no Sov\u011btsk\u00fdm svazem, a to hlavn\u011b materi\u00e1lov\u011b, tak\u017e z\u00e1stupce Rusk\u00e9 federace rozhodn\u011b m\u011bl b\u00fdt pozv\u00e1n. Jen\u017ee nebyl.<\/p>\n<p><iframe loading=\"lazy\" title=\"Pr\u00edhovory predstavite\u013eov strany SMER - SD pri pr\u00edle\u017eitosti osl\u00e1v SNP vo Zvolene\" src=\"https:\/\/www.youtube.com\/embed\/_J7-pOizh40?feature=oembed\" width=\"100%\" height=\"394\" frameborder=\"0\" allowfullscreen=\"allowfullscreen\" data-mce-fragment=\"1\"><\/iframe><\/p>\n<p>Oslavy se toti\u017e zvrtly do protirusk\u00e9 agitace, kter\u00e1 z projev\u016f doslova kapala. Kdy\u017e tedy ob\u010dan\u00e9 nemohli na ofici\u00e1ln\u00ed \u010d\u00e1st vzpom\u00ednkov\u00e9ho aktu do B\u00e1nsk\u00e9 Bystrice, tak opozi\u010dn\u00ed strana SMER svolala do nedalek\u00e9ho Zvolena n\u00e1hradn\u00ed m\u00edsto oslav SNP pro ve\u0159ejnost. Viz. video v\u00fd\u0161e.\u00a0<strong>A na t\u00e9to akci vystoupil i rusk\u00fd velvyslanec na Slovensku Igor Brat\u010dikov spole\u010dn\u011b s b\u011blorusk\u00fdm Charg\u00e9 d\u2019Affaires Igorem Letunovem.<\/strong>\u00a0Rusk\u00fd velvyslanec sklidil b\u011bhem p\u0159edstavov\u00e1n\u00ed host\u016f na p\u00f3diu velk\u00fd potlesk, kter\u00fd v dne\u0161n\u00ed dob\u011b v Evrop\u011b p\u016fsob\u00ed doslova jako obraz z jin\u00e9 planety a z jin\u00e9ho sv\u011bta.<\/p>\n<p>Je mil\u00fdm p\u0159ekvapen\u00edm, \u017ee v Evrop\u011b, tedy krom\u011b Srbska, je je\u0161t\u011b n\u011bkde m\u00edsto, kde politici cht\u011bj\u00ed s Ruskou federac\u00ed udr\u017eovat p\u0159\u00e1telsk\u00e9 vztahy a nesna\u017e\u00ed se o p\u0159episov\u00e1n\u00ed historie. Velvyslanec Brat\u010dikov sv\u016fj kr\u00e1tk\u00fd projev zakon\u010dil slovy, \u017ee pravda zv\u00edt\u011bz\u00ed, co\u017e je p\u0159esn\u011b to, o co se moment\u00e1ln\u011b hraje na Ukrajin\u011b a pota\u017emo v cel\u00e9 Evrop\u011b. Protirusk\u00e1 hysterie v Evrop\u011b je produktem revan\u0161istick\u00fdch a revizionistick\u00fdch proces\u016f po II. sv. v\u00e1lce, kter\u00e9 do Evropy p\u0159ich\u00e1z\u00ed od pohrobk\u016f nacist\u016f, kte\u0159\u00ed byli evakuov\u00e1ni do USA po skon\u010den\u00ed II. sv. v\u00e1lky.<\/p>\n<h6><span style=\"font-size: 18pt;\">Protirusk\u00e1 nen\u00e1vist je produktem nacistick\u00e9ho revan\u0161ismu importovan\u00e9ho do Evropy z USA<\/span><\/h6>\n<p>Tito nacist\u00e9 III. \u0158\u00ed\u0161e stoj\u00ed ze v\u011bdecko-technick\u00fdm rozvojem USA po II. sv. v\u00e1lce a nebylo to zadarmo. N\u011bme\u010dt\u00ed nacist\u00e9 se dost\u00e1vali postupn\u011b do vysok\u00fdch z\u00e1kulisn\u00edch struktur americk\u00e9 moci a postupn\u011b za\u010dali ovl\u00e1dat americk\u00fd vojensko-pr\u016fmyslov\u00fd komplex a po n\u011bm i americk\u00e9 vrcholov\u00e9 politiky. Sou\u010dasn\u00e1 nen\u00e1vist proti Rusku nepoch\u00e1z\u00ed z Evropy, ale byla postupn\u011b indukov\u00e1na z USA do proces\u016f v\u0161ech 5 stup\u0148\u016f \u0159\u00edzen\u00ed v Evrop\u011b za n\u011bkolik posledn\u00edch dek\u00e1d.<\/p>\n<p><strong>V\u0161echny ty zpravodajsk\u00e9 hry proti Rusku, v\u0161echny ty novi\u010doky, v\u0161echny ty Vrb\u011btice, v\u0161echny ty protirusk\u00e9 narativy v m\u00e9di\u00edch a ve \u0161kolstv\u00ed. V\u00fdsledkem je projekt Anti-Ruska v Evrop\u011b,<\/strong>\u00a0kter\u00fd pou\u017e\u00edv\u00e1 nacistick\u00e9 metody uml\u010dov\u00e1n\u00ed, blokov\u00e1n\u00ed web\u016f bez opory v z\u00e1konech, vyhro\u017eov\u00e1n\u00ed lidem krimin\u00e1ly za vyj\u00e1d\u0159en\u00ed n\u00e1znaku podpory Rusku, zav\u00edr\u00e1n\u00ed lid\u00ed za jin\u00fd n\u00e1zor, prost\u011b klasick\u00e9 nacistick\u00e9 metody III. \u0158\u00ed\u0161e, ale v \u00fapln\u011b nov\u00e9m kab\u00e1t\u011b.<\/p>\n<figure id=\"attachment_52976\" class=\"wp-caption aligncenter\" style=\"width: 614px;\"><a href=\"https:\/\/aeronet.news\/wp-content\/uploads\/IgorBratcikovEnvoySK.jpg\"><img decoding=\"async\" loading=\"lazy\" class=\"wp-image-52976 \" src=\"https:\/\/aeronet.news\/wp-content\/uploads\/IgorBratcikovEnvoySK-1024x682.jpg\" sizes=\"(max-width: 700px) 100vw, 700px\" srcset=\"https:\/\/aeronet.news\/wp-content\/uploads\/IgorBratcikovEnvoySK-1024x682.jpg 1024w, https:\/\/aeronet.news\/wp-content\/uploads\/IgorBratcikovEnvoySK-300x200.jpg 300w, https:\/\/aeronet.news\/wp-content\/uploads\/IgorBratcikovEnvoySK-768x512.jpg 768w, https:\/\/aeronet.news\/wp-content\/uploads\/IgorBratcikovEnvoySK-700x466.jpg 700w, https:\/\/aeronet.news\/wp-content\/uploads\/IgorBratcikovEnvoySK-536x357.jpg 536w, https:\/\/aeronet.news\/wp-content\/uploads\/IgorBratcikovEnvoySK-725x483.jpg 725w, https:\/\/aeronet.news\/wp-content\/uploads\/IgorBratcikovEnvoySK.jpg 1280w\" alt=\"\" width=\"614\" height=\"409\" \/><\/a><figcaption class=\"wp-caption-text\">Igor Brat\u010dikov, velvyslanec RF na Slovensku<\/figcaption><\/figure>\n<p>Pr\u00e1v\u011b jsme sv\u011bdky obrovsk\u00e9ho p\u0159episov\u00e1n\u00ed d\u011bjin, kter\u00e9 spo\u010d\u00edv\u00e1 ve vytla\u010dov\u00e1n\u00ed d\u011bjin do pozad\u00ed a jejich nahrazov\u00e1n\u00ed novodob\u00fdm narativem, kter\u00fd z osvoboditel\u016f d\u011bl\u00e1 okupanty a z okupant\u016f ochr\u00e1nce evropsk\u00fdch hodnot p\u0159ed rusk\u00fdm imperialismem. Wehrmacht u\u017e nen\u00ed ten \u0161patn\u00fd, ale je vykreslov\u00e1n jako ob\u011b\u0165 nacismu. Postupn\u011b bude Wehrmacht vykreslov\u00e1n jako obr\u00e1nce z\u00e1padn\u00ed demokracie p\u0159ed ruskou rozp\u00ednavost\u00ed.<\/p>\n<p>Tyto posuny ve v\u00fdkladech historie postupn\u011b povedou k absolutn\u00edmu p\u0159ekreslen\u00ed ve\u0161ker\u00fdch modern\u00edch d\u011bjin. Postupn\u011b se zm\u011bn\u00ed \u0161koln\u00ed u\u010debnice, zm\u011bn\u00ed se narativy v televiz\u00edch a m\u00e9di\u00edch a najednou se dozv\u00edme, \u017ee II. sv. v\u00e1lku rozpoutal Sov\u011btsk\u00fd svaz, kter\u00fd obsadil polovinu Polska a potom cht\u011bl obsadit cel\u00e9 Polsko, celo Evropu a N\u011bmecko se vlastn\u011b jen sna\u017eilo t\u00e9to rusk\u00e9 agresi br\u00e1nit. Ano, p\u0159esn\u011b takov\u00e9to p\u0159ekreslen\u00ed historie bude aplikov\u00e1no.<\/p>\n<h6><span style=\"font-size: 18pt;\">Strach vl\u00e1dy z vlastn\u00edch ob\u010dan\u016f a vyklizen\u00ed ulic jako v ban\u00e1nov\u00e9 republice, kde se dikt\u00e1tor boji pu\u010de z ulice, kdy\u017e jde polo\u017eit kv\u011btiny k pomn\u00edku<\/span><\/h6>\n<p>Nad \u010d\u00edm ale z\u016fst\u00e1v\u00e1 rozum st\u00e1t, to je z\u00e1kaz vstupu vlastn\u00edm ob\u010dan\u016fm k oslav\u00e1m nejv\u00fdznamn\u011bj\u0161\u00edho st\u00e1tn\u00edho sv\u00e1tku.\u00a0<strong>Nepustit vlastn\u00ed ob\u010dany na ofici\u00e1ln\u00ed oslavnou \u010d\u00e1st s p\u0159edstaviteli st\u00e1tu znamen\u00e1, nakolik se slovensk\u00e1 vl\u00e1da u\u017e boj\u00ed vlastn\u00edho obyvatelstva.<\/strong>\u00a0St\u00e1tn\u00ed sv\u00e1tek SNP u\u017e najednou nespojuje vl\u00e1du a lid, ale naopak velmi v\u00fdrazn\u011b rozd\u011bluje, proto\u017ee lid vl\u00e1du nen\u00e1vid\u00ed. Mus\u00edme si celou v\u011bc d\u016fkladn\u011b analyzovat.<\/p>\n<p>Tady se nebav\u00edme o n\u011bjak\u00fdch protestech nebo demonstrac\u00edch opozice proti vl\u00e1d\u011b, proto\u017ee kdyby vl\u00e1da m\u011bla legitimitu a podporu lidu, m\u011bla by na sv\u00e9 stran\u011b obrovskou arm\u00e1du lid\u00ed, kte\u0159\u00ed by vl\u00e1du milovali a podporovali. A tato arm\u00e1da lid\u00ed by opozi\u010dn\u00ed protesty pohodln\u011b p\u0159ehlu\u0161ila. Jen\u017ee slovensk\u00e1 vl\u00e1da vzhledem k tragick\u00e9 vnitropolitick\u00e9 situaci m\u00e1 tak malou podporu ve\u0159ejnosti, \u017ee by hrozilo, \u017ee by se nikdo za vl\u00e1du nepostavil p\u0159i protestech. Byl by to dav lid\u00ed proti vl\u00e1d\u011b.<\/p>\n<figure id=\"attachment_52979\" class=\"wp-caption aligncenter\" style=\"width: 617px;\"><a href=\"https:\/\/aeronet.news\/wp-content\/uploads\/SNP78_Vlada.jpg\"><img decoding=\"async\" loading=\"lazy\" class=\"wp-image-52979 \" src=\"https:\/\/aeronet.news\/wp-content\/uploads\/SNP78_Vlada-1024x669.jpg\" sizes=\"(max-width: 700px) 100vw, 700px\" srcset=\"https:\/\/aeronet.news\/wp-content\/uploads\/SNP78_Vlada-1024x669.jpg 1024w, https:\/\/aeronet.news\/wp-content\/uploads\/SNP78_Vlada-300x196.jpg 300w, https:\/\/aeronet.news\/wp-content\/uploads\/SNP78_Vlada-768x502.jpg 768w, https:\/\/aeronet.news\/wp-content\/uploads\/SNP78_Vlada-700x457.jpg 700w, https:\/\/aeronet.news\/wp-content\/uploads\/SNP78_Vlada-100x65.jpg 100w, https:\/\/aeronet.news\/wp-content\/uploads\/SNP78_Vlada-547x357.jpg 547w, https:\/\/aeronet.news\/wp-content\/uploads\/SNP78_Vlada-740x483.jpg 740w, https:\/\/aeronet.news\/wp-content\/uploads\/SNP78_Vlada.jpg 1280w\" alt=\"\" width=\"617\" height=\"403\" \/><\/a><figcaption class=\"wp-caption-text\">\u010clenov\u00e9 slovensk\u00e9 vl\u00e1dy v \u010dele s prezidentkou Zuzanou \u010caputovou v Bansk\u00e9 Bystrici p\u0159i oslav\u00e1ch SNP<\/figcaption><\/figure>\n<p>Proto bylo rozhodnuto, \u017ee ofici\u00e1ln\u00ed \u010d\u00e1st b\u011bhem p\u0159\u00edtomnosti prezidentky \u010caputov\u00e9 a premi\u00e9ra Hegera bude bez ve\u0159ejnosti a jejich projevy a pokl\u00e1d\u00e1n\u00ed v\u011bnc\u016f se z\u00fa\u010dastn\u00ed jen pe\u010dliv\u011b vybran\u00ed host\u00e9. Je to sou\u010d\u00e1st kulis a divadeln\u00edho p\u0159edstaven\u00ed o legitimit\u011b vl\u00e1dy, kter\u00e1 ji\u017e legitimitu de facto ztratila. Zb\u00fdv\u00e1 pouze iluze vl\u00e1dy a obrovsk\u00fd \u0159ev a p\u00edsk\u00e1n\u00ed ob\u010dan\u016f proti prezidentce a proti premi\u00e9rovi by tuto kulisu legitimity zhroutil. P\u0159esn\u011b proto byla ve\u0159ejnost vylou\u010dena a pustili ji k pam\u00e1tn\u00edku a\u017e odpoledne, kdy\u017e politici a \u010dlenov\u00e9 vl\u00e1dy s prezidentkou odjeli. A jak\u00fd je z toho mo\u017en\u00e9 vyvodit z\u00e1v\u011br? P\u0159ed 78 lety SSSR Slovensko osvobozoval od nacismu a dnes slovensk\u00e1 vl\u00e1da na opl\u00e1tku vyzbrojuje ukrajinsk\u00e9 nacisty a Banderovce proti Rusku jako n\u00e1stupnick\u00e9 zemi SSSR.<\/p>\n<p><strong>Z politick\u00e9ho hlediska je to katastrofa pro medi\u00e1ln\u00ed marketing. Vl\u00e1da je na tom tak \u0161patn\u011b s popularitou, \u017ee u\u017e slav\u00ed st\u00e1tn\u00ed sv\u00e1tky rad\u011bji s vylou\u010den\u00edm ve\u0159ejnosti.<\/strong>\u00a0Zat\u00edm se zd\u00e1, \u017ee nic se ned\u011bje, ale ve skute\u010dnosti stoj\u00ed na Slovensku pod Hegerovou a v \u010cesku pod Fialovou vl\u00e1dou situace p\u0159ed v\u00fdbuchem a exploz\u00ed ob\u010dansk\u00fdch nepokoj\u016f v d\u016fsledku nezvl\u00e1dan\u00e9 inflace, energetick\u00e9 krize a soci\u00e1ln\u00edho propadu. A kdy\u017e u\u017e vl\u00e1dy d\u011blaj\u00ed oslavy st\u00e1tn\u00edho sv\u00e1tku se z\u00e1kazem vstupu ob\u010dan\u016f, tak je to sign\u00e1l toho, \u017ee vl\u00e1da se ji\u017e boj\u00ed lidu, proto\u017ee nem\u00e1 jeho podporu.<\/p>\n<h6><span style=\"font-size: 18pt;\">Evropa bez rusk\u00fdch zdroj\u016f a bez dobr\u00fdch vztah\u016f s Ruskem ekonomicky a hned pot\u00e9 i soci\u00e1ln\u011b zkolabuje<\/span><\/h6>\n<p>Rusko je zem\u00ed, kter\u00e1 mus\u00ed b\u00fdt respektov\u00e1na Z\u00e1padem. A pokud bude respektov\u00e1na, bude v Evrop\u011b m\u00edr a blahobyt. V\u00fdkonn\u00fd pr\u016fmysl Evropy a prakticky neomezen\u00e9 surovinov\u00e9 zdroje Ruska mohou vytvo\u0159it nejsiln\u011bj\u0161\u00ed ekonomick\u00fd komplex na sv\u011bt\u011b. Ov\u0161em naprosto nepochopiteln\u011b, zd\u00e1nliv\u011b nepochopiteln\u011b, cel\u00e1 Evropa prov\u00e1d\u00ed americkou politiku proti Rusku, kter\u00e1 se ov\u0161em odr\u00e1\u017e\u00ed a ni\u010d\u00ed pr\u00e1v\u011b Evropu.<\/p>\n<p>Zd\u00e1lo by se, \u017ee politici v Evrop\u011b jsou bl\u00e1zni, mago\u0159i a sebevrazi, kte\u0159\u00ed s ka\u017edou dal\u0161\u00ed sankc\u00ed proti Rusku vlastn\u011b ni\u010d\u00ed ve skute\u010dnosti vlastn\u00ed n\u00e1rody, vlastn\u00ed dom\u00e1cnosti, vlastn\u00ed pr\u016fmysl, vlastn\u00ed zam\u011bstnanost, vlastn\u00ed bezpe\u010dnost.\u00a0<strong>A tito politici ni\u010d\u00ed Evropu v r\u00e1mci \u00fakolu destruk\u010dn\u00edho procesu \u0159\u00edzen\u00ed na rozb\u00edjen\u00ed n\u00e1rodn\u00edch st\u00e1t\u016f v cel\u00e9 Evrop\u011b.<\/strong>\u00a0Nez\u016fstane k\u00e1men na kameni a st\u00e1ty se rozpadnou, ekonomicky se zhrout\u00ed. A to bude okam\u017eik, kdy globalist\u00e9 p\u0159ijdou se z\u00e1chrann\u00fdm pl\u00e1nem v podob\u011b Evropsk\u00e9 federace.<\/p>\n<p><a href=\"https:\/\/aeronet.news\/wp-content\/uploads\/LidSkostiPetrFiala.jpg\"><img decoding=\"async\" loading=\"lazy\" class=\"wp-image-52157 aligncenter\" src=\"https:\/\/aeronet.news\/wp-content\/uploads\/LidSkostiPetrFiala.jpg\" sizes=\"(max-width: 1280px) 100vw, 1280px\" srcset=\"https:\/\/aeronet.news\/wp-content\/uploads\/LidSkostiPetrFiala.jpg 1280w, https:\/\/aeronet.news\/wp-content\/uploads\/LidSkostiPetrFiala-300x200.jpg 300w, https:\/\/aeronet.news\/wp-content\/uploads\/LidSkostiPetrFiala-768x512.jpg 768w, https:\/\/aeronet.news\/wp-content\/uploads\/LidSkostiPetrFiala-1024x682.jpg 1024w, https:\/\/aeronet.news\/wp-content\/uploads\/LidSkostiPetrFiala-700x466.jpg 700w, https:\/\/aeronet.news\/wp-content\/uploads\/LidSkostiPetrFiala-536x357.jpg 536w, https:\/\/aeronet.news\/wp-content\/uploads\/LidSkostiPetrFiala-725x483.jpg 725w\" alt=\"\" width=\"530\" height=\"353\" \/><\/a><\/p>\n<p>St\u00e1ty ztrat\u00ed suverenitu a stanou se sou\u010d\u00e1st\u00ed mohutn\u00e9 Evropsk\u00e9 federace pod kontrolou nik\u00fdm nevolen\u00fdch politik\u016f v Unii, v komis\u00edch a rad\u00e1ch. P\u0159esn\u011b toto je p\u0159edstava jejich Velk\u00e9ho Resetu. Lid\u00e9 nebudou m\u00edt nic a budou m\u00edt nepodm\u00edn\u011bn\u00fd p\u0159\u00edjem, skrze kter\u00fd budou kontrolov\u00e1ni k naprost\u00e9 poslu\u0161nosti. A cesta k tomuto c\u00edli je p\u0159ed v\u00e1mi, m\u00e1te ji p\u0159ed o\u010dima. Do \u010del st\u00e1t\u016f jsou dosazeni \u0161a\u0161ci, komedianti, bl\u00e1zni na antidepresivech, idioti, diletanti, nemehla, krimin\u00e1ln\u00edci, fe\u0165\u00e1ci na kokainu, neziskov\u010d\u00edci od Sorose, prost\u011b kdokoliv, kdo tam nem\u00e1 spr\u00e1vn\u011b co d\u011blat v politice, ale ve skute\u010dnosti je do funkce dosazen za jedin\u00fdm \u00fa\u010delem: Aby likvidoval vlastn\u00ed lid a vlastn\u00ed st\u00e1t!<\/p>\n<p>Bezohledn\u011b a bez soucitu! Jehly do lid\u00ed i do d\u011bt\u00ed! Nevyzkou\u0161en\u00e9 vakc\u00edny! R\u00fdp\u00e1n\u00ed v nose \u0161pejl\u00ed! Z\u00e1kaz chozen\u00ed do pr\u00e1ce a do \u0161koly bez \u0161pejle a vaxu! Teror! A bez soucitu likvidovat n\u00e1rodn\u00ed ekonomiky sankcemi na Rusko! Likvidace dom\u00e1cnost\u00ed! Mamut\u00ed inflace okr\u00e1daj\u00edc\u00ed miliony lid\u00ed o \u017eivotn\u00ed \u00faspory! Okr\u00e1d\u00e1n\u00ed rodin na zlod\u011bjsk\u00fdch cen\u00e1ch za elekt\u0159inu a plyn! Teror!\u00a0<strong>A to v\u0161echno d\u011blaj\u00ed diletanti, neschopn\u00ed politici, kte\u0159\u00ed jsou ale v\u0161ehoschopn\u00ed! A rozhl\u00e9dn\u011bte se okolo sebe a budete v \u0161oku, \u017ee tento popis sed\u00ed na prezidenty a premi\u00e9ry prakticky v\u0161ech z\u00e1padn\u00edch zem\u00ed<\/strong>, od seniln\u00edho Brandona v B\u00edl\u00e9m dom\u011b, p\u0159es komedianta a fe\u0165\u00e1ka v Kyjev\u011b, p\u0159es neziskovou odbornici p\u0159es komun\u00e1ln\u00ed odpad v Bratislav\u011b, p\u0159es profesora staraj\u00edc\u00edho se o Ukrajince nam\u00edsto o \u010cechy, a\u017e po Scholze, kter\u00fd likviduje a transformuje N\u011bmecko jako kdysi ekonomickou supervelmoc do zhroucen\u00e9ho a energeticky zbankrotovan\u00e9 a r\u00e1doby zelen\u00e9 ekonomiky.<\/p>\n<p>-VK- \u0160\u00e9fredaktor AE News<\/p>\n<p><a href=\"https:\/\/aeronet.news\/nova-doba-slovenska-vlada-nevpustila-obcany-na-oficialni-cast-oslav-78-vyroci-snp-v-banske-bystrici-podle-informaci-panovaly-obavy-z-vypuknuti-protivladnich-nepokoju\/\">ZDROJ<\/a><\/p>\n<p>&nbsp;<\/p>\n","protected":false},"excerpt":{"rendered":"<p>Nov\u00e1 doba: Slovensk\u00e1 vl\u00e1da nevpustila ob\u010dany na ofici\u00e1ln\u00ed \u010d\u00e1st oslav 78. v\u00fdro\u010d\u00ed SNP v Bansk\u00e9&#8230;<\/p>\n","protected":false},"author":2,"featured_media":14305,"comment_status":"closed","ping_status":"closed","sticky":false,"template":"","format":"standard","meta":[],"categories":[7],"tags":[29,940,203,3173,925,36,99],"_links":{"self":[{"href":"https:\/\/www.infokuryr.cz\/n\/wp-json\/wp\/v2\/posts\/14304"}],"collection":[{"href":"https:\/\/www.infokuryr.cz\/n\/wp-json\/wp\/v2\/posts"}],"about":[{"href":"https:\/\/www.infokuryr.cz\/n\/wp-json\/wp\/v2\/types\/post"}],"author":[{"embeddable":true,"href":"https:\/\/www.infokuryr.cz\/n\/wp-json\/wp\/v2\/users\/2"}],"replies":[{"embeddable":true,"href":"https:\/\/www.infokuryr.cz\/n\/wp-json\/wp\/v2\/comments?post=14304"}],"version-history":[{"count":0,"href":"https:\/\/www.infokuryr.cz\/n\/wp-json\/wp\/v2\/posts\/14304\/revisions"}],"wp:featuredmedia":[{"embeddable":true,"href":"https:\/\/www.infokuryr.cz\/n\/wp-json\/wp\/v2\/media\/14305"}],"wp:attachment":[{"href":"https:\/\/www.infokuryr.cz\/n\/wp-json\/wp\/v2\/media?parent=14304"}],"wp:term":[{"taxonomy":"category","embeddable":true,"href":"https:\/\/www.infokuryr.cz\/n\/wp-json\/wp\/v2\/categories?post=14304"},{"taxonomy":"post_tag","embeddable":true,"href":"https:\/\/www.infokuryr.cz\/n\/wp-json\/wp\/v2\/tags?post=14304"}],"curies":[{"name":"wp","href":"https:\/\/api.w.org\/{rel}","templated":true}]}}