{"id":1428,"date":"2021-05-06T08:48:58","date_gmt":"2021-05-06T06:48:58","guid":{"rendered":"http:\/\/www.infokuryr.cz\/n\/?p=1428"},"modified":"2021-05-06T08:50:16","modified_gmt":"2021-05-06T06:50:16","slug":"evropa-ucinila-vuci-rusku-dalsi-velmi-hrube-prohlaseni","status":"publish","type":"post","link":"https:\/\/www.infokuryr.cz\/n\/2021\/05\/06\/evropa-ucinila-vuci-rusku-dalsi-velmi-hrube-prohlaseni\/","title":{"rendered":"Evropa u\u010dinila v\u016f\u010di Rusku dal\u0161\u00ed velmi hrub\u00e9 prohl\u00e1\u0161en\u00ed"},"content":{"rendered":"<div id=\"fb-root\"><\/div>\n<p><strong>Kontroverzn\u00ed m\u00edstop\u0159edsedkyn\u011b Evropsk\u00e9 komise V\u011bra Jourov\u00e1 , u\u010dinila velmi hrub\u00e9 prohl\u00e1\u0161en\u00ed t\u00fdkaj\u00edc\u00ed se Ruska.<\/strong><\/p>\n<p>\u201eRusko a Vladimira Putina nelze pova\u017eovat za b\u011b\u017en\u00e9ho mezin\u00e1rodn\u00edho partnera,\u201c uvedla.<\/p>\n<p>Byla rozho\u0159\u010dena skute\u010dnost\u00ed, \u017ee rusk\u00e1 strana vylou\u010dila osm z\u00e1stupc\u016f EU ze vstupu do Rusk\u00e9 federace.\u00a0 Mimochodem, od konce b\u0159ezna bylo ze zem\u00ed EU a Spojen\u00fdch st\u00e1t\u016f vyho\u0161t\u011bno v\u00edce ne\u017e 40 rusk\u00fdch diplomat\u016f.\u00a0To ale nikoho netr\u00e1pilo.<\/p>\n<p><strong>Rusko nikdy nedojde do extr\u00e9mu bezd\u016fvodn\u011b. Potravinov\u00e9 embargo bylo zavedeno po sankc\u00edch proti Rusk\u00e9 federaci. Tot\u00e9\u017e plat\u00ed pro vyho\u0161t\u011bn\u00ed diplomat\u016f &#8211; pot\u00e9, co byli diplomat\u00e9 vyho\u0161t\u011bni, vyhostila rusk\u00e1 strana ty evropsk\u00e9.<\/strong><\/p>\n<p>Je to logick\u00e9, a pokud si to tolerantn\u00ed evrop\u0161t\u00ed politici neuv\u011bdomuj\u00ed, takov\u00e1 politika se naz\u00fdv\u00e1 zrcadlov\u00e1 opat\u0159en\u00ed.\u00a0Rusk\u00e1 strana nav\u00edc varovala p\u0159ed t\u00edmto form\u00e1tem vz\u00e1jemn\u00fdch rozhodnut\u00ed.<\/p>\n<p>Mimochodem, d\u0159\u00edve byl zaveden dal\u0161\u00ed bal\u00ed\u010dek sankc\u00ed proti Rusk\u00e9 federaci.\u00a0Podle Evropan\u016f by v\u0161ak Rusko podle v\u0161eho m\u011bla tuto ekonomickou a diplomatickou agresi ignorovat? Up\u0159\u00edmn\u011b \u0159e\u010deno, v\u0161echny krize v mezin\u00e1rodn\u00edch vztaz\u00edch jsou vyvol\u00e1v\u00e1ny Z\u00e1padem.<\/p>\n<p>Vl\u00e1da USA je mistrem v rozpout\u00e1v\u00e1n\u00ed v\u00e1lek. Zajistit v Jugosl\u00e1vii krvav\u00fd nepo\u0159\u00e1dek pod z\u00e1minkou \u00fadajn\u00e9 ochrany obyvatelstva Kosova;\u00a0rozpoutat vojenskou akci v Ir\u00e1ku po demonstraci zkumavky nezn\u00e1m\u00e9ho p\u016fvodu s \u00fadajn\u00fdmi biologick\u00fdmi zbran\u011bmi;\u00a0podporovat teroristy v S\u00fdrii a vys\u00edlat do zem\u011b voj\u00e1ky bez souhlasu ofici\u00e1ln\u00edch org\u00e1n\u016f. Nekone\u010dn\u00fd seznam t\u011bchto zlo\u010dinn\u00fdch akc\u00ed m\u016f\u017ee pokra\u010dovat.<\/p>\n<p>No a politici EU, jako v\u011brn\u00ed psi, na prvn\u00ed kliknut\u00ed uval\u00ed sankce, organizuj\u00ed informa\u010dn\u00ed \u00fatoky, po\u0161lou vojensk\u00fd kontingent na podporu atd. Nav\u00edc se domn\u00edvaj\u00ed, \u017ee Rusk\u00e1 federace by nem\u011bla p\u0159ij\u00edmat odvetn\u00e1 opat\u0159en\u00ed. Ne, p\u00e1nov\u00e9, budou p\u0159ijata odvetn\u00e1 opat\u0159en\u00ed! Tak\u017ee Jourov\u00e1 a spol. myslete hlavou a ne t\u00edm co m\u00e1te cudn\u011b zahaleno\u00a0 dole&#8230;.<\/p>\n<p><img decoding=\"async\" loading=\"lazy\" class=\"alignnone size-full wp-image-1185\" src=\"http:\/\/www.infokuryr.cz\/n\/wp-content\/uploads\/2021\/04\/kuryr-podpis.png\" alt=\"\" width=\"84\" height=\"24\" \/><\/p>\n<p>&nbsp;<\/p>\n<p>&nbsp;<\/p>\n","protected":false},"excerpt":{"rendered":"<p>Kontroverzn\u00ed m\u00edstop\u0159edsedkyn\u011b Evropsk\u00e9 komise V\u011bra Jourov\u00e1 , u\u010dinila velmi hrub\u00e9 prohl\u00e1\u0161en\u00ed t\u00fdkaj\u00edc\u00ed se Ruska. \u201eRusko&#8230;<\/p>\n","protected":false},"author":2,"featured_media":1429,"comment_status":"closed","ping_status":"closed","sticky":false,"template":"","format":"standard","meta":[],"categories":[7],"tags":[41,223,22,37,222],"_links":{"self":[{"href":"https:\/\/www.infokuryr.cz\/n\/wp-json\/wp\/v2\/posts\/1428"}],"collection":[{"href":"https:\/\/www.infokuryr.cz\/n\/wp-json\/wp\/v2\/posts"}],"about":[{"href":"https:\/\/www.infokuryr.cz\/n\/wp-json\/wp\/v2\/types\/post"}],"author":[{"embeddable":true,"href":"https:\/\/www.infokuryr.cz\/n\/wp-json\/wp\/v2\/users\/2"}],"replies":[{"embeddable":true,"href":"https:\/\/www.infokuryr.cz\/n\/wp-json\/wp\/v2\/comments?post=1428"}],"version-history":[{"count":0,"href":"https:\/\/www.infokuryr.cz\/n\/wp-json\/wp\/v2\/posts\/1428\/revisions"}],"wp:featuredmedia":[{"embeddable":true,"href":"https:\/\/www.infokuryr.cz\/n\/wp-json\/wp\/v2\/media\/1429"}],"wp:attachment":[{"href":"https:\/\/www.infokuryr.cz\/n\/wp-json\/wp\/v2\/media?parent=1428"}],"wp:term":[{"taxonomy":"category","embeddable":true,"href":"https:\/\/www.infokuryr.cz\/n\/wp-json\/wp\/v2\/categories?post=1428"},{"taxonomy":"post_tag","embeddable":true,"href":"https:\/\/www.infokuryr.cz\/n\/wp-json\/wp\/v2\/tags?post=1428"}],"curies":[{"name":"wp","href":"https:\/\/api.w.org\/{rel}","templated":true}]}}