{"id":14278,"date":"2022-08-30T01:08:40","date_gmt":"2022-08-29T23:08:40","guid":{"rendered":"http:\/\/www.infokuryr.cz\/n\/?p=14278"},"modified":"2022-08-29T18:05:52","modified_gmt":"2022-08-29T16:05:52","slug":"nemecko-afghanec-dostal-za-brutalni-znasilneni-11lete-holcicky-podminku-jeji-otec-vypovida","status":"publish","type":"post","link":"https:\/\/www.infokuryr.cz\/n\/2022\/08\/30\/nemecko-afghanec-dostal-za-brutalni-znasilneni-11lete-holcicky-podminku-jeji-otec-vypovida\/","title":{"rendered":"N\u011bmecko: Afgh\u00e1nec dostal za brut\u00e1ln\u00ed zn\u00e1siln\u011bn\u00ed 11let\u00e9 hol\u010di\u010dky podm\u00ednku, jej\u00ed otec vypov\u00edd\u00e1"},"content":{"rendered":"<div id=\"fb-root\"><\/div>\n<p>O skand\u00e1ln\u00edm p\u0159\u00edpadu, kdy dostal Afgh\u00e1nec pouhou ro\u010dn\u00ed podm\u00ednku za zn\u00e1siln\u011bn\u00ed\u00a0<a href=\"https:\/\/necenzurovanapravda.cz\/2022\/07\/nemecko-afghanec-ktery-znasilnil-11letou-divku-dostal-podminku\/\">11let\u00e9 d\u00edvky<\/a>, jste si zde mohli ned\u00e1vno p\u0159e\u010d\u00edst. Ov\u0161em v N\u011bmecku nejde o nic neobvykl\u00e9ho. Paradoxem je, \u017ee ve stejnou dobu byl odsouzen jist\u00fd n\u011bmeck\u00fd protiisl\u00e1msk\u00fd aktivista na 7 m\u011bs\u00edc\u016f nepodm\u00edn\u011bn\u011b za ur\u00e1\u017eku isl\u00e1mu. Zd\u00e1 se tedy, \u017ee N\u011bmecko ji\u017e naj\u00ed\u017ed\u00ed na pr\u00e1vo \u0161ar\u00eda skute\u010dn\u011b velmi zostra.<\/p>\n<p>P\u0159izn\u00e1m se, \u017ee v podobn\u00fdch p\u0159\u00edpadech zn\u00e1siln\u011bn\u00ed \u010di dokonce vra\u017ed d\u011bt\u00ed, za kter\u00e9 pak nen\u00ed pachatel potrest\u00e1n, mne v\u017edy napadne, co na to asi rodi\u010de doty\u010dn\u00e9ho d\u00edt\u011bte. N\u011bkdy jsou toti\u017e reakce a\u017e neuv\u011b\u0159iteln\u00e9, jako v p\u0159\u00edpad\u011b 19let\u00e9 d\u00edvky, kterou asi p\u0159ed 3 lety velmi brut\u00e1ln\u011b zn\u00e1silnil a zavra\u017edil Afgh\u00e1nec. Jej\u00ed otec prohl\u00e1sil, \u017ee mu odpou\u0161t\u00ed, a \u017ee hodl\u00e1 d\u00e1l \u201epodporovat migraci.\u201c<\/p>\n<p>Nyn\u00ed se ozval i otec zn\u00e1siln\u011bn\u00e9 11let\u00e9 d\u00edvky, kter\u00e1 \u00fadajn\u011b i po dlouh\u00fdch m\u011bs\u00edc\u00edch st\u00e1le trp\u00ed traumatem.<\/p>\n<p><a href=\"https:\/\/www.rtl.de\/cms\/neustrelitz-11-jaehrige-vergewaltigt-doch-der-verurteilte-taeter-bleibt-frei-vater-ist-verzweifelt-5003992.html\">Afgh\u00e1nec<\/a>\u00a0napadl v z\u00e1meck\u00e9m parku 11letou d\u00edvku a zn\u00e1silnil ji tak brut\u00e1ln\u011b, \u017ee musela b\u00fdt pozd\u011bji p\u0159evezena na pohotovost v nemocnici. O \u0161est m\u011bs\u00edc\u016f pozd\u011bji byl odsouzen k jednomu roku odn\u011bt\u00ed svobody s podm\u00ednkou.\u00a0Otec d\u00edvky je o n\u011bkolik t\u00fddn\u016f pozd\u011bji tak\u00e9 ohromen: \u201eJe to vtip,\u201c\u00a0<a href=\"https:\/\/www.rtl.de\/cms\/neustrelitz-11-jaehrige-vergewaltigt-doch-der-verurteilte-taeter-bleibt-frei-vater-ist-verzweifelt-5003992.html\" rel=\"noopener\">\u0159ekl<\/a>\u00a0rtl.de v rozhovoru.<\/p>\n<p>Zde jsou nejd\u016fle\u017eit\u011bj\u0161\u00ed pas\u00e1\u017ee jeho v\u00edce ne\u017e opr\u00e1vn\u011bn\u00e9ho rozho\u0159\u010den\u00ed:<br \/>\n\u201eV\u00edte, kdy\u017e se pod\u00edv\u00e1te do o\u010d\u00ed novorozen\u00e9mu miminku, je v nich lesk, z\u00e1\u0159e. Z\u00e1\u0159e z o\u010d\u00ed m\u00e9 dcery je pry\u010d. U\u017e se to nevr\u00e1t\u00ed. Nez\u00e1le\u017e\u00ed na tom, co ud\u011bl\u00e1m,\u201c \u0159\u00edk\u00e1 Mark S.<\/p>\n<p>Soud v t\u00e9 dob\u011b prob\u00edhal za zav\u0159en\u00fdmi dve\u0159mi kv\u016fli n\u00edzk\u00e9mu v\u011bku z\u00fa\u010dastn\u011bn\u00fdch.\u00a0Mark S. se kv\u016fli tomu st\u00e1le zlob\u00ed.\u00a0Pot\u00e9 musel se svou b\u00fdvalou partnerkou opustit soudn\u00ed s\u00ed\u0148.<\/p>\n<p>\u201eCht\u011bl jsem tehdy sv\u00e9mu d\u00edt\u011bti pomoci, proto\u017ee moje dcera musela sv\u011bd\u010dit v p\u0159\u00edtomnosti pachatele,\u201c vzpom\u00edn\u00e1. \u201eD\u00edt\u011b v\u017edy pot\u0159ebuje bezpe\u010d\u00ed.\u201c Ale pouze jeden zam\u011bstnanec \u00fa\u0159adu p\u00e9\u010de o ml\u00e1de\u017e sm\u011bl z\u016fstat. \u201eC\u00edtil jsem se opravdu jako p\u0159i kocovin\u011b,\u201c \u0159\u00edk\u00e1 S. I proto, \u017ee nebylo vyslechnuto n\u011bkolik sv\u011bdk\u016f. Dodnes p\u0159esn\u011b nev\u00ed, co se tam stalo. Podrobnosti z\u016fstaly pod pokli\u010dkou.<\/p>\n<p>S. se pozd\u011bji o rozsudku dozv\u011bd\u011bl od obh\u00e1jce po telefonu.\u00a0\u201eTo je vtip, m\u00e1 mal\u00e1 dcero,\u201c komentuje to dodnes.\u00a0\u201eJe to cel\u00e9 \u0161patn\u011b. U\u017e to nen\u00ed ta \u0161\u0165astn\u00e1 holka.\u201c<\/p>\n<p>Z detailu z vyjedn\u00e1v\u00e1n\u00ed ho st\u00e1le bol\u00ed \u017ealudek.\u00a0Pachatel, \u00fadajn\u00fd uprchl\u00edk z Afgh\u00e1nist\u00e1nu \u2013 nezletilec bez doprovodu, kter\u00e9mu odborn\u00edci odhadli 16 let, \u00fadajn\u011b \u0161patn\u011b odhadl v\u011bk sv\u00e9 ob\u011bti. Myslel si, \u017ee je j\u00ed 13 let, vysv\u011btluje S. \u201ePotom jsem se pod\u00edval na pr\u00e1vn\u00edka a \u0159ekl, \u017ee na tom nez\u00e1le\u017e\u00ed.\u00a0Ve skute\u010dnosti je mu 16 a ud\u011blal takovou v\u011bc,\u201c \u0159\u00edk\u00e1.<\/p>\n<p>Jeho dcera se v z\u00e1meck\u00e9m parku je\u0161t\u011b br\u00e1nila, kdy\u017e ji pachatel\u00a0 napadl. N\u011bkolikr\u00e1t mu \u0159ekla \u201eNe\u201c. \u201eMlad\u00ed lid\u00e9 znaj\u00ed v\u00fdraz \u201aNe\u2018,\u201c \u0159\u00edk\u00e1 dev\u011btat\u0159icetilet\u00fd mu\u017e.\u00a0Nev\u00ed, jak se ti dva potkali.<\/p>\n<p>\u201eJeho pr\u00e1vn\u00edk pak jen pohotov\u011b \u0159ekl, \u017ee m\u011bla v\u011bd\u011bt, co m\u016f\u017ee o\u010dek\u00e1vat.\u00a0Kter\u00e1 jeden\u00e1ctilet\u00e1 holka takhle uva\u017euje?\u201c pt\u00e1 se zd\u011b\u0161en\u011b otec.<\/p>\n<p>\u200b\u200b\u200b\u200b\u200bMark S. si jasn\u011b pamatuje den, kdy se vr\u00e1til z pr\u00e1ce a jeho b\u00fdval\u00e1 partnerka, se kterou m\u00e1 dv\u011b dcery, mu \u0159ekla o hrozn\u00e9m zlo\u010dinu.\u00a0\u201eM\u011bla podez\u0159en\u00ed, \u017ee na\u0161e dcera byla zn\u00e1siln\u011bna.\u00a0Samoz\u0159ejm\u011b jsem byl v \u0161oku,\u201c \u0159\u00edk\u00e1.<\/p>\n<p>Okam\u017eit\u011b k n\u00ed zajel a uvid\u011bl p\u0159ed dve\u0159mi st\u00e1t policisty.\u00a0Svou dceru pak doprovodil na pohotovost.\u00a0B\u011bhem \u0161et\u0159en\u00ed bylo zji\u0161t\u011bno, \u017ee do\u0161lo k pr\u016fniku.\u00a0Tehdej\u0161\u00ed probl\u00e9m: proto\u017ee jeho dcera po \u010dinu krv\u00e1cela, jej\u00ed star\u0161\u00ed sestra ji sprchovala, ani\u017e by o tom p\u0159em\u00fd\u0161lela.\u00a0O to bylo dokazov\u00e1n\u00ed obt\u00ed\u017en\u011bj\u0161\u00ed.<\/p>\n<p>Pozd\u011bji ve\u010der m\u011bla je\u0161t\u011b s\u00edlu doprovodit detektivy na m\u00edsto \u010dinu v z\u00e1meck\u00e9m parku.<\/p>\n<p>\u201eJsem opravdu velmi na\u0161tvan\u00fd,\u201c \u0159\u00edk\u00e1 S. v rozhovoru. C\u00edt\u00ed se b\u00fdt zklam\u00e1n justic\u00ed, v\u010detn\u011b vlastn\u00ed pr\u00e1vni\u010dky. \u201ePo soudu m\u011bla \u0159\u00edct, \u017ee se te\u010f odvol\u00e1me. Nic takov\u00e9ho se nestalo.\u201c<\/p>\n<p>Rozru\u0161en\u00fd otec d\u00e1le vysv\u011btluje: \u201eV\u00edm, \u017ee rozsudek je pravomocn\u00fd. P\u0159esto jsem kontaktoval Carstena Stahla z \u201eB\u00fcndnis Kinderschutz &amp; Stops Bullying\u201c. Chci d\u00e1t sv\u00e9 dce\u0159i mo\u017enost promluvit, nechci p\u0159ijmout ten verdikt.\u201c Stahl tak\u00e9 obvi\u0148uje: \u201eOchrana pedofil\u016f a n\u00e1siln\u00edk\u016f je u n\u00e1s d\u016fle\u017eit\u011bj\u0161\u00ed ne\u017e ochrana d\u011btsk\u00fdch du\u0161\u00ed.\u201c<\/p>\n<p>Pro jeho dceru bylo d\u016fle\u017eit\u00e9, aby pachatel dostal spravedliv\u00fd trest.\u00a0Ale te\u010f asi pob\u00edh\u00e1 n\u011bkde v Neubrandenburgu a jeho dcera ho m\u016f\u017ee potk\u00e1vat ka\u017ed\u00fd den\u2026<\/p>\n<p><a href=\"https:\/\/necenzurovanapravda.cz\/2022\/08\/nemecko-afghanec-dostal-za-brutalni-znasilneni-11lete-holcicky-podminku-jeji-otec-vypovida\/\">Slovanka<\/a><\/p>\n<p>&nbsp;<\/p>\n<p>&nbsp;<\/p>\n","protected":false},"excerpt":{"rendered":"<p>O skand\u00e1ln\u00edm p\u0159\u00edpadu, kdy dostal Afgh\u00e1nec pouhou ro\u010dn\u00ed podm\u00ednku za zn\u00e1siln\u011bn\u00ed\u00a011let\u00e9 d\u00edvky, jste si zde&#8230;<\/p>\n","protected":false},"author":2,"featured_media":14279,"comment_status":"closed","ping_status":"closed","sticky":false,"template":"","format":"standard","meta":[],"categories":[7],"tags":[3171,84,520,3170],"_links":{"self":[{"href":"https:\/\/www.infokuryr.cz\/n\/wp-json\/wp\/v2\/posts\/14278"}],"collection":[{"href":"https:\/\/www.infokuryr.cz\/n\/wp-json\/wp\/v2\/posts"}],"about":[{"href":"https:\/\/www.infokuryr.cz\/n\/wp-json\/wp\/v2\/types\/post"}],"author":[{"embeddable":true,"href":"https:\/\/www.infokuryr.cz\/n\/wp-json\/wp\/v2\/users\/2"}],"replies":[{"embeddable":true,"href":"https:\/\/www.infokuryr.cz\/n\/wp-json\/wp\/v2\/comments?post=14278"}],"version-history":[{"count":0,"href":"https:\/\/www.infokuryr.cz\/n\/wp-json\/wp\/v2\/posts\/14278\/revisions"}],"wp:featuredmedia":[{"embeddable":true,"href":"https:\/\/www.infokuryr.cz\/n\/wp-json\/wp\/v2\/media\/14279"}],"wp:attachment":[{"href":"https:\/\/www.infokuryr.cz\/n\/wp-json\/wp\/v2\/media?parent=14278"}],"wp:term":[{"taxonomy":"category","embeddable":true,"href":"https:\/\/www.infokuryr.cz\/n\/wp-json\/wp\/v2\/categories?post=14278"},{"taxonomy":"post_tag","embeddable":true,"href":"https:\/\/www.infokuryr.cz\/n\/wp-json\/wp\/v2\/tags?post=14278"}],"curies":[{"name":"wp","href":"https:\/\/api.w.org\/{rel}","templated":true}]}}