{"id":1427,"date":"2021-05-06T05:40:45","date_gmt":"2021-05-06T03:40:45","guid":{"rendered":"http:\/\/www.infokuryr.cz\/n\/?p=1427"},"modified":"2021-05-06T05:40:45","modified_gmt":"2021-05-06T03:40:45","slug":"rada-federace-se-vyjadrila-k-zahajeni-cviceni-nato-defender-europe-2021","status":"publish","type":"post","link":"https:\/\/www.infokuryr.cz\/n\/2021\/05\/06\/rada-federace-se-vyjadrila-k-zahajeni-cviceni-nato-defender-europe-2021\/","title":{"rendered":"Rada federace se vyj\u00e1d\u0159ila k zah\u00e1jen\u00ed cvi\u010den\u00ed NATO Defender Europe 2021"},"content":{"rendered":"<div id=\"fb-root\"><\/div>\n<div class=\"article__summary article__summary_article-page js-mediator-article\"><strong>\u010clen rusk\u00e9ho V\u00fdboru Rady pro zahrani\u010dn\u00ed v\u011bci Sergej Tsekov v rozhovoru pro novin\u00e1\u0159e komentoval zah\u00e1jen\u00ed rozs\u00e1hl\u00fdch cvi\u010den\u00ed NATO Defender Europe 2021.<\/strong><\/div>\n<div class=\"article__text article__text_article-page js-mediator-article\">\n<p><span>&#8222;Je nutn\u00e9 zastra\u0161it ob\u010dany Evropsk\u00e9 unie a ob\u010dany Spojen\u00fdch st\u00e1t\u016f imagin\u00e1rn\u00ed hrozbou ze strany Ruska. \u0158\u00edkaj\u00ed, \u017ee cvi\u010den\u00ed jsou zam\u011b\u0159ena na obranu, ale Evropsk\u00e1 unie, up\u0159\u00edmn\u011b \u0159e\u010deno, se nikdy nebr\u00e1nila,\u201c \u0159ekl Tsekov.<\/span><\/p>\n<p><span>Zah\u00e1jen\u00ed takov\u00fdch rozs\u00e1hl\u00fdch cvi\u010den\u00ed m\u00e1 podle jeho n\u00e1zoru tak\u00e9 finan\u010dn\u00ed faktor.<\/span><\/p>\n<p><span>\u201eV\u0161echny tyto akce jsou agresivn\u00ed a ur\u00e1\u017eliv\u00e9 &#8230; Cvi\u010den\u00ed prob\u00edhaj\u00ed za \u00fa\u010delem \u201ena\u010derp\u00e1n\u00ed vojensk\u00e9ho rozpo\u010dtu NATO, n\u00e1kupu nov\u00fdch zbran\u00ed,\u201c dodal sen\u00e1tor.<\/span><\/p>\n<p><span>D\u0159\u00edve se uv\u00e1d\u011blo, \u017ee\u00a0<\/span><span>cvi\u010den\u00ed NATO Defender Europe 2021 za\u010dalo<\/span><span>\u00a0v alb\u00e1nsk\u00e9m p\u0159\u00edstavu Dra\u010d\u00a0za p\u0159\u00edtomnosti nejvy\u0161\u0161\u00edho veden\u00ed Alb\u00e1nie a n\u011bkolika americk\u00fdch gener\u00e1l\u016f.<\/span><\/p>\n<p><span>Rusk\u00fd ministr obrany Sergej \u0160ojgu uvedl, \u017ee Rusko\u00a0\u00a0\u00a0b\u011bhem cvi\u010den\u00ed Defender Europe\u00a0<\/span><span>pe\u010dliv\u011b sleduje<\/span><span>\u00a0p\u0159esun a rozm\u00edst\u011bn\u00ed sil NATO v Evrop\u011b.<\/span><\/p>\n<p><span>Podle n\u011bj jsou tato cvi\u010den\u00ed NATO\u00a0\u00a0<\/span><span>nejv\u011bt\u0161\u00ed za posledn\u00edch 30 let<\/span><span>\u00a0.<\/span><\/p>\n<p>Tak\u017ee kdo vlastn\u011b ohro\u017euje sv\u011btov\u00fd m\u00edr a sou\u017eit\u00ed n\u00e1rod\u016f sv\u00fdmi provokacemi!? Rusko to ur\u010dit\u011b nen\u00ed!<\/p>\n<p><img decoding=\"async\" loading=\"lazy\" class=\"alignnone size-full wp-image-1185\" src=\"http:\/\/www.infokuryr.cz\/n\/wp-content\/uploads\/2021\/04\/kuryr-podpis.png\" alt=\"\" width=\"84\" height=\"24\" \/><\/p>\n<p>&nbsp;<\/p>\n<\/div>\n","protected":false},"excerpt":{"rendered":"<p>\u010clen rusk\u00e9ho V\u00fdboru Rady pro zahrani\u010dn\u00ed v\u011bci Sergej Tsekov v rozhovoru pro novin\u00e1\u0159e komentoval zah\u00e1jen\u00ed&#8230;<\/p>\n","protected":false},"author":2,"featured_media":634,"comment_status":"closed","ping_status":"closed","sticky":false,"template":"","format":"standard","meta":[],"categories":[7],"tags":[41,39,22,37],"_links":{"self":[{"href":"https:\/\/www.infokuryr.cz\/n\/wp-json\/wp\/v2\/posts\/1427"}],"collection":[{"href":"https:\/\/www.infokuryr.cz\/n\/wp-json\/wp\/v2\/posts"}],"about":[{"href":"https:\/\/www.infokuryr.cz\/n\/wp-json\/wp\/v2\/types\/post"}],"author":[{"embeddable":true,"href":"https:\/\/www.infokuryr.cz\/n\/wp-json\/wp\/v2\/users\/2"}],"replies":[{"embeddable":true,"href":"https:\/\/www.infokuryr.cz\/n\/wp-json\/wp\/v2\/comments?post=1427"}],"version-history":[{"count":0,"href":"https:\/\/www.infokuryr.cz\/n\/wp-json\/wp\/v2\/posts\/1427\/revisions"}],"wp:featuredmedia":[{"embeddable":true,"href":"https:\/\/www.infokuryr.cz\/n\/wp-json\/wp\/v2\/media\/634"}],"wp:attachment":[{"href":"https:\/\/www.infokuryr.cz\/n\/wp-json\/wp\/v2\/media?parent=1427"}],"wp:term":[{"taxonomy":"category","embeddable":true,"href":"https:\/\/www.infokuryr.cz\/n\/wp-json\/wp\/v2\/categories?post=1427"},{"taxonomy":"post_tag","embeddable":true,"href":"https:\/\/www.infokuryr.cz\/n\/wp-json\/wp\/v2\/tags?post=1427"}],"curies":[{"name":"wp","href":"https:\/\/api.w.org\/{rel}","templated":true}]}}