{"id":14255,"date":"2022-08-29T03:24:43","date_gmt":"2022-08-29T01:24:43","guid":{"rendered":"http:\/\/www.infokuryr.cz\/n\/?p=14255"},"modified":"2022-08-29T03:25:35","modified_gmt":"2022-08-29T01:25:35","slug":"nemecko-pry-zastavi-cast-sveho-prumyslu-aby-ceske-domacnosti-mely-plyn14255","status":"publish","type":"post","link":"https:\/\/www.infokuryr.cz\/n\/2022\/08\/29\/nemecko-pry-zastavi-cast-sveho-prumyslu-aby-ceske-domacnosti-mely-plyn14255\/","title":{"rendered":"N\u011bmecko pr\u00fd zastav\u00ed \u010d\u00e1st sv\u00e9ho pr\u016fmyslu, aby \u010desk\u00e9 dom\u00e1cnosti m\u011bly plyn!"},"content":{"rendered":"<div id=\"fb-root\"><\/div>\n<h4>N\u011bmecko pr\u00fd zastav\u00ed \u010d\u00e1st sv\u00e9ho pr\u016fmyslu, aby \u010desk\u00e9 dom\u00e1cnosti m\u011bly plyn! Deluzorn\u00ed v\u00fdrok \u010desk\u00e9ho minstra pr\u016fmyslu a obchodu dokazuje tot\u00e1ln\u00ed odtr\u017een\u00ed politik\u016f Fialovy vl\u00e1dy od evropsk\u00e9 reality! \u0160\u00edlenstv\u00ed s cenami energi\u00ed nebere konce, v p\u00e1tek vylet\u011bla na pra\u017esk\u00e9 burze cena za 1 MWh elekt\u0159iny na t\u00e9m\u011b\u0159 1 000 EUR a cena plynu na burze v Amsterdamu uzav\u00edrala v p\u00e1tek na hodnot\u011b 340 EUR za 1 MWh! V tomto roce by podle projekce mohly n\u00e1klady dom\u00e1cnost\u00ed na energie v \u010cR p\u0159es\u00e1hnout objem cel\u00e9ho st\u00e1tn\u00edho rozpo\u010dtu!<\/h4>\n<p>Na soci\u00e1ln\u00edch s\u00edt\u00edch v \u010cR se o v\u00edkendu za\u010dalo \u0161\u00ed\u0159it vir\u00e1ln\u00ed video, na kter\u00e9 upozornil Andrej Babi\u0161 v jednom ze sv\u00fdch posledn\u00edch vide\u00edch. Jedn\u00e1 se o v\u00fdrok \u010desk\u00e9ho ministra pr\u016fmyslu a obchodu Jozefa S\u00edkely, kter\u00fd ji\u017e 3. srpna v rozhovoru pro \u010ceskou televizi prohl\u00e1sil\u00a0<strong>[<a href=\"https:\/\/href.li\/?https:\/\/ct24.ceskatelevize.cz\/ekonomika\/3519918-pomoc-jedne-domacnosti-kvuli-drahym-energiim-dosahne-175-tisice-korun-rekl-sikela\" target=\"_blank\" rel=\"nofollow noopener\">1<\/a>]<\/strong>, \u017ee plynov\u00e1 krize v \u010cR bude o\u0161et\u0159ena celkem 2 mechanismy. T\u00edm prvn\u00edm bude \u00fasporn\u00fd program sn\u00ed\u017een\u00e9 spot\u0159eby plynu v populaci, a t\u00edm druh\u00fdm bude rozhodnut\u00ed Rady EU o solidarit\u011b.\u00a0<strong>Kdy\u017e bude v \u010cR plynu tak zoufal\u00fd nedostatek plynu, \u017ee by ani dom\u00e1cnost\u00ed plyn nem\u011bly, potom by pr\u00fd N\u011bmecko zastavilo \u010d\u00e1st sv\u00e9ho pr\u016fmyslu, aby \u010desk\u00e9 dom\u00e1cnosti mohly dostat tento n\u011bmeck\u00fd u\u0161et\u0159en\u00fd plyn!<\/strong>\u00a0Nen\u00ed jasn\u00e9, jestli ministr S\u00edkela opravdu tomuto v\u011b\u0159\u00ed, \u017ee by n\u011bme\u010dt\u00ed politici ohrozili vlastn\u00ed zam\u011bstnanost a zav\u0159eli podniky, aby \u010desk\u00e9 dom\u00e1cnosti m\u011bly teplo.<\/p>\n<p>&nbsp;<\/p>\n<div id=\"rumble_v1f3st1\">\n<div id=\"vid_v1f3st1\" class=\"rumble_v1f3st1-Rumble-cls\" tabindex=\"-1\">\n<div class=\"bigPlayUI ctp\">\n<div class=\"bigPlayUIInner ctp\"><div class='videoWrapper'>\r\n\t            <iframe src='https:\/\/rumble.com\/embed\/pj.v1f3st1\/' frameborder='0' allowfullscreen><\/iframe>\r\n\t        <\/div><\/div>\n<\/div>\n<\/div>\n<\/div>\n<p>&nbsp;<\/p>\n<p>Z pohledu N\u011bmc\u016f by ne\u0161lo o solidaritu, ale o vlastizradu a nenajdete n\u011bmeck\u00e9ho politika, kter\u00fd by takov\u00fd p\u0159\u00edkaz k zastaven\u00ed pr\u016fmyslu podepsal, aby plyn mohl b\u00fdt posl\u00e1n do jin\u00e9ho st\u00e1tu na \u00fakor dom\u00e1c\u00edho n\u011bmeck\u00e9ho pr\u016fmyslu. Pan ministr toti\u017e \u017eije ve sv\u011bt\u011b houpac\u00edch ko\u0148\u016f, p\u00edskovi\u0161\u0165 a kbel\u00ed\u010dk\u016f s lopati\u010dkami, proto\u017ee tam by mo\u017en\u00e1 solidarita fungovala, ale ne v na\u0161em re\u00e1ln\u00e9m sv\u011bt\u011b. Nejlep\u0161\u00edm p\u0159\u00edkladem je tzv. solidarita zem\u00ed EU p\u0159i sd\u00edlen\u00ed ropy, kter\u00e1 vlastn\u011b v\u016fbec nefunguje a o n\u011bjak\u00e9 solidarit\u011b o p\u0159erozd\u011blov\u00e1n\u00ed ropy nem\u016f\u017ee b\u00fdt ani \u0159e\u010d. V\u0161imla si toho\u00a0<strong>[<a href=\"https:\/\/href.li\/?https:\/\/www.reuters.com\/business\/energy\/eu-gas-solidarity-complicated-by-lack-fuel-sharing-deals-2022-07-29\/\" target=\"_blank\" rel=\"nofollow noopener\">2<\/a>]<\/strong>\u00a0dokonce u\u017e i tiskov\u00e1 agentura Reuters, \u017ee solidarita sd\u00edlen\u00ed ropy v EU nefunguje a dosud bylo uzav\u0159eno jen 6 smluv o ropn\u00e9 solidarit\u011b mezi \u010dlensk\u00fdmi zem\u011bmi o sd\u00edlen\u00ed z\u00e1sob ropy.<\/p>\n<h6><span style=\"font-size: 18pt;\">Cena elekt\u0159iny v \u010cR u\u017e dos\u00e1hla na burze v Praze 1 000 EUR za 1 MWh!<\/span><\/h6>\n<p>Jen t\u011b\u017eko se lze domn\u00edvat, \u017ee v p\u0159\u00edpad\u011b plynu by po\u010det solid\u00e1rn\u00edch smluv byl vy\u0161\u0161\u00ed ne\u017e u ropy, kter\u00e9 je p\u0159itom k dispozici mnohem v\u00edce ne\u017e akutn\u011b nedostatkov\u00e9ho plynu. Z v\u00fdrok\u016f ministra je tak mo\u017en\u00e9 dovodit, \u017ee jedin\u00fd zdroj, kter\u00fd Fialova vl\u00e1da vid\u00ed, kde by \u0161el z\u00edskat plyn, jsou \u00faspory na spot\u0159eb\u011b pr\u016fmyslu a p\u0159edev\u0161\u00edm \u010desk\u00fdch dom\u00e1cnost\u00ed. P\u0159esn\u011b proto Pekarov\u00e1 navrhuje pl\u00e9st svetry.<\/p>\n<p><strong>Fialova vl\u00e1da v\u00ed moc dob\u0159e, \u017ee bez rusk\u00e9ho plynu nebude \u017e\u00e1dn\u00fd plyn!<\/strong>\u00a0A maj\u00ed strach to otev\u0159en\u011b a do o\u010d\u00ed \u0159\u00edct sv\u00fdm liber\u00e1ln\u00edm voli\u010d\u016fm a obecn\u011b ob\u010dan\u016fm \u010cR. A situace na trz\u00edch opravdu dramaticky eskaluje.\u00a0<strong>V p\u00e1tek na pra\u017esk\u00e9 burze, kde se obchoduje s \u010deskou elekt\u0159inou vyrobenou v \u010desk\u00fdch elektr\u00e1rn\u00e1ch a odkoupenou zp\u011btn\u011b z Lipska, dos\u00e1hla [<a href=\"https:\/\/href.li\/?https:\/\/www.kurzy.cz\/komodity\/cena-elektriny-graf-vyvoje-ceny\/\" target=\"_blank\" rel=\"nofollow noopener\">3<\/a>] prodejn\u00ed cena 1 MWh elekt\u0159iny neuv\u011b\u0159iteln\u00e9 hodnoty 984 EUR a za pouh\u00fd t\u00fdden se cena zdvojn\u00e1sobila.<\/strong><\/p>\n<figure id=\"attachment_52959\" class=\"wp-caption aligncenter\" style=\"width: 698px;\"><a href=\"https:\/\/aeronet.news\/wp-content\/uploads\/PEX_Prague26082022.jpg\"><img decoding=\"async\" loading=\"lazy\" class=\"wp-image-52959 \" src=\"https:\/\/aeronet.news\/wp-content\/uploads\/PEX_Prague26082022-1024x609.jpg\" sizes=\"(max-width: 700px) 100vw, 700px\" srcset=\"https:\/\/aeronet.news\/wp-content\/uploads\/PEX_Prague26082022-1024x609.jpg 1024w, https:\/\/aeronet.news\/wp-content\/uploads\/PEX_Prague26082022-300x179.jpg 300w, https:\/\/aeronet.news\/wp-content\/uploads\/PEX_Prague26082022-768x457.jpg 768w, https:\/\/aeronet.news\/wp-content\/uploads\/PEX_Prague26082022-700x417.jpg 700w, https:\/\/aeronet.news\/wp-content\/uploads\/PEX_Prague26082022-600x357.jpg 600w, https:\/\/aeronet.news\/wp-content\/uploads\/PEX_Prague26082022-812x483.jpg 812w, https:\/\/aeronet.news\/wp-content\/uploads\/PEX_Prague26082022.jpg 1040w\" alt=\"\" width=\"698\" height=\"416\" \/><\/a><figcaption class=\"wp-caption-text\">Cena elekt\u0159iny na pra\u017esk\u00e9 burze<\/figcaption><\/figure>\n<p>Na plynov\u00e9 burze v Amsterdamu,\u00a0 kde se pro zm\u011bnu obchoduje p\u0159edev\u0161\u00edm rusk\u00fd plyn, proto\u017ee \u017e\u00e1dn\u00fd jin\u00fd se prakticky v Evrop\u011b te\u010f ani koupit ned\u00e1,\u00a0<strong>v p\u00e1tek cena za 1 MWHh plyn op\u011bt prorazila historick\u00fd strop a zakon\u010dila [<a href=\"https:\/\/href.li\/?https:\/\/tradingeconomics.com\/commodity\/eu-natural-gas\" target=\"_blank\" rel=\"nofollow noopener\">4<\/a>] obchodov\u00e1n\u00ed na \u00farovni t\u00e9m\u011b\u0159 340 EUR.<\/strong>\u00a0Podle p\u0159edpov\u011bdi burzovn\u00edho modelu by ke konci roku mohla b\u00fdt cena plynu za 1 MWh okolo 550 EUR. P\u0159i p\u0159epo\u010dtu na 1 000 metr\u016f krychlov\u00fdch plynu by to znamenalo cenu okolo 142 000 K\u010d a to mluv\u00edme o realistick\u00fdch cen\u00e1ch za p\u0159edpokladu udr\u017een\u00ed trendu alespo\u0148 n\u011bjak\u00e9ho plynu proud\u00edc\u00edho do Evropy z Ruska. Model nepo\u010d\u00edt\u00e1 se situac\u00ed del\u0161\u00edch odst\u00e1vek nebo dokonce trval\u00e9ho zastaven\u00ed dod\u00e1vek plynu do Evropy.<\/p>\n<h6><span style=\"font-size: 18pt;\">Dom\u00e1cnosti v \u010cR zaplat\u00ed v \u00fahrnu na energi\u00edch v\u00edce pen\u011bz, ne\u017e kolik \u010din\u00ed st\u00e1tn\u00ed rozpo\u010det na tento rok!<\/span><\/h6>\n<p>Podle \u010dl\u00e1nku\u00a0<strong>[<a href=\"https:\/\/href.li\/?https:\/\/www.kurzy.cz\/zpravy\/668086-ceny-energii-na-novych-maximech-v-navaznosti-na-domaci-spotrebu-jiz-dokonce-objemove-prevysuji\/\" target=\"_blank\" rel=\"nofollow noopener\">5<\/a>]<\/strong>\u00a0na serveru Kurzy.cz m\u016f\u017ee pr\u016fm\u011brn\u00e1 platba za energie v\u0161ech \u010desk\u00fdch dom\u00e1cnost\u00ed p\u0159es\u00e1hnout sumu 2 bilion\u016f korun, co\u017e je leto\u0161n\u00ed st\u00e1tn\u00ed rozpo\u010det \u010cR.\u00a0<strong>Dom\u00e1cnosti by toti\u017e za energie m\u011bly zaplatit v \u00fahrnu a\u017e 2,5 bilionu korun.<\/strong>\u00a0Ano, \u010dtete spr\u00e1vn\u011b, je to naprosto neuv\u011b\u0159iteln\u00e9, \u00fapln\u011b \u0161\u00edlen\u00e9, nelogick\u00e9, ale je to realita! A to mluv\u00edme pouze o n\u00e1kladech dom\u00e1cnost\u00ed, nemluv\u00edme o pr\u016fmyslu, o doprav\u011b, o potravin\u00e1\u0159stv\u00ed, o chemick\u00e9m pr\u016fmyslu, proto\u017ee to nen\u00ed do propo\u010dtu rad\u011bji v\u016fbec ani zahrnuto.<\/p>\n<p><strong>Dom\u00e1cnosti by v pr\u016fm\u011bru podle t\u011bchto kalkulac\u00ed m\u011bly m\u011bs\u00ed\u010dn\u011b platit z\u00e1lohy na energie v pr\u016fm\u011bru okolo 12 a\u017e 15 000 korun<\/strong>, proto\u017ee dodavatelsk\u00e9 firmy stanovuj\u00ed z\u00e1lohy formou zhruba 5 a\u017e 10% tzv. nad-kalkulace pro pokryt\u00ed v\u00fdkyv\u016f v cen\u00e1ch na burze. Ale pozor. Vzhledem k sou\u010dasn\u00e9 situaci se d\u00e1 o\u010dek\u00e1vat, \u017ee nad-kalkulace m\u011bs\u00ed\u010dn\u00edch z\u00e1loh bude mnohem vy\u0161\u0161\u00ed kv\u016fli mohutn\u00fdm n\u00e1r\u016fst\u016fm cen na burz\u00e1ch b\u011bhem dn\u016f a t\u00fddn\u016f, tak\u017ee m\u011bs\u00ed\u010dn\u00ed z\u00e1lohy mohou vyl\u00e9zt a\u017e na 25 000 K\u010d pro 1 osobu a pro 4-\u010dlennnou rodinu a\u017e na 85 000 K\u010d.<\/p>\n<figure id=\"attachment_52961\" class=\"wp-caption aligncenter\" style=\"width: 695px;\"><a href=\"https:\/\/aeronet.news\/wp-content\/uploads\/EU-Natural-Gas-26082022.jpg\"><img decoding=\"async\" loading=\"lazy\" class=\"wp-image-52961 \" src=\"https:\/\/aeronet.news\/wp-content\/uploads\/EU-Natural-Gas-26082022-1024x797.jpg\" sizes=\"(max-width: 700px) 100vw, 700px\" srcset=\"https:\/\/aeronet.news\/wp-content\/uploads\/EU-Natural-Gas-26082022-1024x797.jpg 1024w, https:\/\/aeronet.news\/wp-content\/uploads\/EU-Natural-Gas-26082022-300x234.jpg 300w, https:\/\/aeronet.news\/wp-content\/uploads\/EU-Natural-Gas-26082022-768x598.jpg 768w, https:\/\/aeronet.news\/wp-content\/uploads\/EU-Natural-Gas-26082022-700x545.jpg 700w, https:\/\/aeronet.news\/wp-content\/uploads\/EU-Natural-Gas-26082022-458x357.jpg 458w, https:\/\/aeronet.news\/wp-content\/uploads\/EU-Natural-Gas-26082022-620x483.jpg 620w, https:\/\/aeronet.news\/wp-content\/uploads\/EU-Natural-Gas-26082022.jpg 1166w\" alt=\"\" width=\"695\" height=\"541\" \/><\/a><figcaption class=\"wp-caption-text\">Cena plynu za 1 MWh na burze v Amsterdamu dne 26. 8. 2022<\/figcaption><\/figure>\n<p>Pokud se bude po\u010d\u00edtat, \u017ee ve 4-\u010dlenn\u00e9 rodin\u011b v\u0161ichni pracuj\u00ed a maj\u00ed pr\u016fm\u011brnou mzdu 50 000 K\u010d, potom by m\u011bs\u00ed\u010dn\u00ed n\u00e1klady rodiny na energie dos\u00e1hly cca. 40% rodinn\u00fdch p\u0159\u00edjm\u016f. Jen\u017ee tohle je kalkulace, kter\u00e1 nereflektuje realitu. V rodin\u011b obvykle pracuj\u00ed jen 2 osoby, zbytek jsou d\u011bti. A pokud rodi\u010de nepracuj\u00ed v Praze, kde se d\u00e1 50 000 vyd\u011blat i na pr\u016fm\u011brn\u011bj\u0161\u00ed pozici, tak prost\u011b tyto platby za energie rodina ned\u00e1. Nebude na to m\u00edt p\u0159\u00edjem. A bude se muset rozhodovat, jestli zaplat\u00ed energie, anebo hypot\u00e9ku na bydlen\u00ed + j\u00eddlo.<\/p>\n<p><strong>Nelze se divit tomu, \u017ee ve Velk\u00e9 Brit\u00e1nii vznikaj\u00ed ob\u010dansk\u00e1 protestn\u00ed hnut\u00ed bojkotu placen\u00ed faktur za energie a lid\u00e9 hromadn\u011b na ulic\u00edch p\u00e1l\u00ed faktury.<\/strong>\u00a0To sam\u00e9 se za\u010dne odehr\u00e1vat od z\u00e1\u0159\u00ed a \u0159\u00edjna v \u010cR, kde je situace o to hor\u0161\u00ed a zlo\u010dinn\u011bj\u0161\u00ed, \u017ee \u010cesk\u00e1 republika je nejv\u011bt\u0161\u00edm export\u00e9rem elekt\u0159iny ve St\u0159edn\u00ed Evrop\u011b, ale paradoxn\u011b ob\u010dan\u00e9 \u010cR plat\u00ed ze elekt\u0159inu suver\u00e9nn\u011b nejv\u00edce pen\u011bz v cel\u00e9 EU. A v \u010cesk\u00e9 republice nejsou mzdy a platy tak vysok\u00e9, aby si rodiny a dom\u00e1cnosti mohly dovolit platit ceny energi\u00ed v z\u00e1padn\u00edch cen\u00e1ch.<\/p>\n<h6><span style=\"font-size: 18pt;\">Kdy\u017e nezvl\u00e1dnou ceny energi\u00ed platit dom\u00e1cnosti, nezvl\u00e1dnou to u\u017e v\u016fbec ani pr\u016fmyslov\u00e9 podniky<\/span><\/h6>\n<p>Uv\u011bdomte si pros\u00edm jednu z\u00e1sadn\u00ed v\u011bc, o kter\u00e9 se nemluv\u00ed, ale m\u011blo by se. Jestli\u017ee takto enormn\u00ed ceny za plyn maj\u00ed platit jednotlivci a dom\u00e1cnosti, dovedete si p\u0159edstavit, jak\u00e9 rakety budou za plyn platit fabriky a pr\u016fmyslov\u00e9 provozy, kter\u00e9 spot\u0159ebov\u00e1vaj\u00ed kvantov\u00e9 objemy plynu? Povede to k zav\u00edr\u00e1n\u00ed fabrik a k propou\u0161t\u011bn\u00ed, proto\u017ee cena plynu na vstupu bude tak obrovsk\u00e1, \u017ee v\u00fdroba zbo\u017e\u00ed a produkce, v jej\u00edm\u017e v\u00fdrobn\u00edm procesu je zastoupen\u00fd plyn, bude tak drah\u00e1, \u017ee v\u00fdsledn\u00e9 zbo\u017e\u00ed bude neprodejn\u00e9.<\/p>\n<p><strong>Nem\u016f\u017eete udr\u017eet v provozu podnik na v\u00fdrobu plastov\u00fdch d\u00edl\u016f pro automobilov\u00fd pr\u016fmysl, kdy\u017e v\u00fdroba plastov\u00e9ho \u010daloun\u011bn\u00ed sloupku dve\u0159\u00ed auta u\u017e nestoj\u00ed 17 korun, ale p\u0159es 800 korun!<\/strong>\u00a0A automobilka od v\u00e1s neodebere takov\u00fd autod\u00edl, proto\u017ee to je extr\u00e9mn\u011b p\u0159edra\u017een\u00e9. A tohle ud\u011blaj\u00ed v\u0161ichni subdodavatel\u00e9, kte\u0159\u00ed na plynu rovn\u011b\u017e d\u011blaj\u00ed v\u0161echno, co se t\u00fd\u010de tepeln\u00e9ho opracov\u00e1n\u00ed, oh\u0159evu, spalov\u00e1n\u00ed atd.<\/p>\n<figure id=\"attachment_52960\" class=\"wp-caption aligncenter\" style=\"width: 693px;\"><a href=\"https:\/\/aeronet.news\/wp-content\/uploads\/EU-Natural-Gas-2022-Forecast.jpg\"><img decoding=\"async\" loading=\"lazy\" class=\"wp-image-52960 \" src=\"https:\/\/aeronet.news\/wp-content\/uploads\/EU-Natural-Gas-2022-Forecast-1024x785.jpg\" sizes=\"(max-width: 700px) 100vw, 700px\" srcset=\"https:\/\/aeronet.news\/wp-content\/uploads\/EU-Natural-Gas-2022-Forecast-1024x785.jpg 1024w, https:\/\/aeronet.news\/wp-content\/uploads\/EU-Natural-Gas-2022-Forecast-300x230.jpg 300w, https:\/\/aeronet.news\/wp-content\/uploads\/EU-Natural-Gas-2022-Forecast-768x589.jpg 768w, https:\/\/aeronet.news\/wp-content\/uploads\/EU-Natural-Gas-2022-Forecast-700x537.jpg 700w, https:\/\/aeronet.news\/wp-content\/uploads\/EU-Natural-Gas-2022-Forecast-466x357.jpg 466w, https:\/\/aeronet.news\/wp-content\/uploads\/EU-Natural-Gas-2022-Forecast-630x483.jpg 630w, https:\/\/aeronet.news\/wp-content\/uploads\/EU-Natural-Gas-2022-Forecast.jpg 1161w\" alt=\"\" width=\"693\" height=\"532\" \/><\/a><figcaption class=\"wp-caption-text\">P\u0159edpov\u011b\u010f ceny plynu na burze TTF v Amsterdamu do konce roku 2022<\/figcaption><\/figure>\n<p>Ze stejn\u00e9ho d\u016fvodu minul\u00fd t\u00fdden ji\u017e zav\u0159ela a ukon\u010dila v\u00fdrobu jedin\u00e1 hlin\u00edk\u00e1rna na Slovensku, podnik Slovalco, proto\u017ee jej\u00ed produkce se ji\u017e stala tak drahou, \u017ee v\u00fdroba se stala nerentabiln\u00ed. Ka\u017ed\u00e1 firma m\u00e1 toti\u017e nasmlouvan\u00e9 odb\u011bratele za stanoven\u00e9 ceny a firma je v\u00e1z\u00e1na smlouvou a cenou, jakou si bude \u00fa\u010dtovat.\u00a0<strong>Firma tak nem\u016f\u017ee n\u00e1klady na plyn prom\u00edtnout do ceny sv\u00e9ho zbo\u017e\u00ed, proto\u017ee to neumo\u017e\u0148uj\u00ed smlouvy s odb\u011brateli, kte\u0159\u00ed za tak vysok\u00e9 ceny zbo\u017e\u00ed neodeberou.<\/strong><\/p>\n<p>Politici si neuv\u011bdomuj\u00ed, \u017ee r\u016fst cen likviduje pr\u016fmysl v p\u0159\u00edm\u00e9m p\u0159enosu, proto\u017ee smlouvy jsou fixn\u00ed, ty se nedaj\u00ed nafukovat spolu s inflac\u00ed. Pro firmu je tak ekonomicky rentabiln\u011bj\u0161\u00ed zastavit v\u00fdrobu a propustit lidi, ne\u017e pokra\u010dovat ve v\u00fdrob\u011b, kterou by nikdo stejn\u011b neodebral za ty vysok\u00e9 ceny. Takov\u00e1 situace nem\u00e1 \u0159e\u0161en\u00ed, s v\u00fdjimkou obnoven\u00ed dod\u00e1vek lacin\u00e9ho plynu z Ruska. Jin\u00e9 \u0159e\u0161en\u00ed na z\u00e1chranu evropsk\u00e9ho pr\u016fmyslu neexistuje!<\/p>\n<h6><span style=\"font-size: 18pt;\">\u0160\u00edlen\u00e1 Ursula potvrdila, \u017ee ze\u0161\u00edlela! Kdy\u017e se v cel\u00e9 EU sn\u00ed\u017e\u00ed radi\u00e1tory o 2 stupn\u011b, pr\u00fd nebudeme pot\u0159ebovat Nord Stream 1<\/span><\/h6>\n<p>Ned\u00e1vno Ursula von der Leyen jako \u0161\u00e9fka Evropsk\u00e9 komise prohl\u00e1sila\u00a0<strong>[<a href=\"https:\/\/href.li\/?https:\/\/www.novinite.com\/articles\/215584\/Von+der+Leyen%3A+Reducing+Heating+in+Europe+by+2+Degrees+will+Replace+Nord+Stream+Supplies\" target=\"_blank\" rel=\"nofollow noopener\">6<\/a>]<\/strong>, \u017ee kdyby v cel\u00e9 EU v\u0161ichni po dobou cel\u00e9ho roku sn\u00ed\u017eili \u00farove\u0148 topen\u00ed o 2 stupn\u011b Celsia, \u017ee by se t\u00edm u\u0161et\u0159ilo tolik plynu, kolik ho za cel\u00fd rok doprav\u00ed potrub\u00ed Nord Stream 1 z Ruska do N\u011bmecka. Pokud by v\u0161ichni sn\u00ed\u017eili topen\u00ed o dva stupn\u011b, tak plynovod NS1 by pr\u00fd u\u017e nebyl pot\u0159eba.<\/p>\n<p><strong>Jej\u00ed v\u00fdrok se stal okam\u017eit\u011b ter\u010dem vtip\u016f v cel\u00e9m N\u011bmecku, proto\u017ee drtiv\u00e1 v\u011bt\u0161ina plynu, kter\u00fd proud\u00ed skrze Nord Stream 1, nen\u00ed ur\u010dena pro 27 evropsk\u00fdch zem\u00ed, ale prim\u00e1rn\u011b pro n\u011bmeck\u00fd pr\u016fmysl a n\u011bkolik dal\u0161\u00edch zem\u00ed, v\u010detn\u011b \u010cesk\u00e9 republiky.<\/strong>\u00a0Teplotu by tak musely o dva stupn\u011b sni\u017eovat i ty zem\u011b, kter\u00e9 na Nord Stream 1 v\u016fbec z\u00e1visl\u00e9 nejsou. Tyto aritmetick\u00e9 akrobacie politik\u016f funguj\u00ed poka\u017ed\u00e9 skv\u011ble v projevech, ale ve skute\u010dnosti to jsou fantasmagorie. Nedostatek plynu + Extr\u00e9mn\u00ed ceny plynu = Hospod\u00e1\u0159sk\u00e1 krize!<\/p>\n<figure id=\"attachment_52963\" class=\"wp-caption aligncenter\" style=\"width: 698px;\"><a href=\"https:\/\/aeronet.news\/wp-content\/uploads\/UrsulaVonDerLeyenGasSavings.jpg\"><img decoding=\"async\" loading=\"lazy\" class=\"wp-image-52963 \" src=\"https:\/\/aeronet.news\/wp-content\/uploads\/UrsulaVonDerLeyenGasSavings-1024x538.jpg\" sizes=\"(max-width: 700px) 100vw, 700px\" srcset=\"https:\/\/aeronet.news\/wp-content\/uploads\/UrsulaVonDerLeyenGasSavings-1024x538.jpg 1024w, https:\/\/aeronet.news\/wp-content\/uploads\/UrsulaVonDerLeyenGasSavings-300x158.jpg 300w, https:\/\/aeronet.news\/wp-content\/uploads\/UrsulaVonDerLeyenGasSavings-768x403.jpg 768w, https:\/\/aeronet.news\/wp-content\/uploads\/UrsulaVonDerLeyenGasSavings-700x368.jpg 700w, https:\/\/aeronet.news\/wp-content\/uploads\/UrsulaVonDerLeyenGasSavings-680x357.jpg 680w, https:\/\/aeronet.news\/wp-content\/uploads\/UrsulaVonDerLeyenGasSavings-920x483.jpg 920w, https:\/\/aeronet.news\/wp-content\/uploads\/UrsulaVonDerLeyenGasSavings.jpg 1200w\" alt=\"\" width=\"698\" height=\"367\" \/><\/a><figcaption class=\"wp-caption-text\">Ursula von der Leyen, \u0161\u00e9fka Evropsk\u00e9 komise<\/figcaption><\/figure>\n<p>Ta bude znamenat zav\u00edr\u00e1n\u00ed podnik\u016f, propou\u0161t\u011bn\u00ed, nedostatek zbo\u017e\u00ed v obchodech, kter\u00fd po\u017eene ceny nedostatkov\u00e9ho zbo\u017e\u00ed do astronomick\u00e9 infla\u010dn\u00ed spir\u00e1ly. Rady k \u00faspor\u00e1m plynu jsou stejn\u011b platn\u00e9, jako rady p\u0159edlu\u017een\u00e9 rodin\u011b, \u017ee m\u00e1 \u0161et\u0159it, aby mohla spl\u00e1cet dluhy. Ani v jednom p\u0159\u00edpad\u011b tyto rady nefunguj\u00ed, proto\u017ee \u00faspory funguj\u00ed jenom tam, kde se pl\u00fdtv\u00e1 a rozhazuje nadbyte\u010dn\u011b a nad r\u00e1mec \u017eivotn\u00edch pot\u0159eb!<\/p>\n<p><strong>Nelze ale spo\u0159it tam, kde jsou pokr\u00fdv\u00e1ny z\u00e1kladn\u00ed lidsk\u00e9 pot\u0159eby, jako je teplo, j\u00eddlo, zdravotn\u00ed p\u00e9\u010de, hygiena a bydlen\u00ed!<\/strong>\u00a0Lid\u00e9 v EU si brzy uv\u011bdom\u00ed, \u017ee tak \u0161patn\u011b nebylo ani v dob\u00e1ch bol\u0161evismu, komunismu a re\u00e1ln\u00e9ho socialismu, \u017ee by lid\u00e9 doma mrzli, zat\u00edmco elektr\u00e1rny v ruk\u00e1ch kapitalist\u016f a vyko\u0159is\u0165ovatel\u016f by inkasovaly z kapes z k\u016f\u017ee sd\u00edran\u00e9ho obyvatelstva poh\u00e1dkov\u00e9 zisky! Slavn\u00e1 z\u00e1padn\u00ed liber\u00e1ln\u00ed demokracie kolabuje a p\u0159iv\u00e1d\u00ed obyvatelstvo a dom\u00e1cnosti k soci\u00e1ln\u00ed a ekonomick\u00e9 likvidaci!<\/p>\n<p>-VK- \u0160\u00e9fredaktor AE News<\/p>\n<p><a href=\"https:\/\/aeronet.news\/video-nemecko-pry-zastavi-cast-sveho-prumyslu-aby-ceske-domacnosti-mely-plyn-deluzorni-vyrok-ceskeho-minstra-prumyslu-a-obchodu-dokazuje-totalni-odtrzeni-politiku-fialovy-vlady-od-evropske-reality\/\">ZDROJ<\/a><\/p>\n<p>&nbsp;<\/p>\n","protected":false},"excerpt":{"rendered":"<p>N\u011bmecko pr\u00fd zastav\u00ed \u010d\u00e1st sv\u00e9ho pr\u016fmyslu, aby \u010desk\u00e9 dom\u00e1cnosti m\u011bly plyn! Deluzorn\u00ed v\u00fdrok \u010desk\u00e9ho minstra&#8230;<\/p>\n","protected":false},"author":2,"featured_media":14256,"comment_status":"closed","ping_status":"closed","sticky":false,"template":"","format":"standard","meta":[],"categories":[6],"tags":[59,285,371,3167,99],"_links":{"self":[{"href":"https:\/\/www.infokuryr.cz\/n\/wp-json\/wp\/v2\/posts\/14255"}],"collection":[{"href":"https:\/\/www.infokuryr.cz\/n\/wp-json\/wp\/v2\/posts"}],"about":[{"href":"https:\/\/www.infokuryr.cz\/n\/wp-json\/wp\/v2\/types\/post"}],"author":[{"embeddable":true,"href":"https:\/\/www.infokuryr.cz\/n\/wp-json\/wp\/v2\/users\/2"}],"replies":[{"embeddable":true,"href":"https:\/\/www.infokuryr.cz\/n\/wp-json\/wp\/v2\/comments?post=14255"}],"version-history":[{"count":0,"href":"https:\/\/www.infokuryr.cz\/n\/wp-json\/wp\/v2\/posts\/14255\/revisions"}],"wp:featuredmedia":[{"embeddable":true,"href":"https:\/\/www.infokuryr.cz\/n\/wp-json\/wp\/v2\/media\/14256"}],"wp:attachment":[{"href":"https:\/\/www.infokuryr.cz\/n\/wp-json\/wp\/v2\/media?parent=14255"}],"wp:term":[{"taxonomy":"category","embeddable":true,"href":"https:\/\/www.infokuryr.cz\/n\/wp-json\/wp\/v2\/categories?post=14255"},{"taxonomy":"post_tag","embeddable":true,"href":"https:\/\/www.infokuryr.cz\/n\/wp-json\/wp\/v2\/tags?post=14255"}],"curies":[{"name":"wp","href":"https:\/\/api.w.org\/{rel}","templated":true}]}}