{"id":14254,"date":"2022-08-29T03:20:51","date_gmt":"2022-08-29T01:20:51","guid":{"rendered":"http:\/\/www.infokuryr.cz\/n\/?p=14254"},"modified":"2022-08-29T03:20:51","modified_gmt":"2022-08-29T01:20:51","slug":"svatopluk-otava-potrebujeme-vlastence-za-premiera-nekoho-kym-je-v-madarsku-viktor-orban","status":"publish","type":"post","link":"https:\/\/www.infokuryr.cz\/n\/2022\/08\/29\/svatopluk-otava-potrebujeme-vlastence-za-premiera-nekoho-kym-je-v-madarsku-viktor-orban\/","title":{"rendered":"Svatopluk Otava: Pot\u0159ebujeme vlastence za premi\u00e9ra! N\u011bkoho, k\u00fdm je v\u00a0Ma\u010farsku Viktor Orb\u00e1n!"},"content":{"rendered":"<div id=\"fb-root\"><\/div>\n<p><strong>Moment\u00e1ln\u011b to v\u0161ak cestou \u010dek\u00e1n\u00ed na parlamentn\u00ed volby nen\u00ed mo\u017en\u00e9. N\u00e1hrady v\u00a0politick\u00e9m spektru jednak nejsou, jednak je do nich ukrutn\u011b daleko. Nepoda\u0159\u00ed-li se parlamentn\u00ed cestou svrhnout bandu mafi\u00e1n\u016f a hoch\u0161tapler\u016f vysloven\u00edm ned\u016fv\u011bry vl\u00e1d\u011b a nahradit korpor\u00e1tn\u00ed kolaboranty na \u010das t\u011bmi opatrn\u011bj\u0161\u00edmi a mazan\u011bj\u0161\u00edmi, nastane asi doba temna.<\/strong><\/p>\n<p><span style=\"font-size: 18pt;\"><strong>Pracovat pro svou zemi je dle far\u00e1\u0159e toti\u017e h\u0159\u00edch<\/strong><\/span><\/p>\n<p>Ma\u010farsk\u00fd premi\u00e9r nen\u00ed jmenov\u00e1n v\u00a0\u00favodu tohoto \u010dl\u00e1nku jen tak zb\u016fhdarma. Na rozd\u00edl od toho \u010desko-ukrajinsk\u00e9ho toti\u017e \u201enevys\u00edl\u00e1 sign\u00e1ly\u201c jeho ob\u010dan\u016fm, ale p\u0159\u00edkladn\u011b se o rozvoj sv\u00e9 vlasti, kter\u00e1 je podobn\u011b jako ta na\u0161e v\u00a0tristn\u00ed energetick\u00e9 situaci, star\u00e1. Zvl\u00e1\u0161tn\u00ed ov\u0161em je, \u017ee i kdy\u017e v\u00fdchoz\u00ed situace Ma\u010farska v\u00a0energetick\u00e9 sob\u011bsta\u010dnosti je hor\u0161\u00ed, ne\u017e ta na\u0161e, dok\u00e1zal Orb\u00e1n t\u00e9m\u011b\u0159 neuv\u011b\u0159iteln\u00e9. Ma\u010farsko n\u00e1sleduj\u00edc\u00ed zimy p\u0159e\u010dk\u00e1, a\u010dkoli h\u00e1zen\u00ed klack\u016f pod nohy ze stran Bruselu a Z\u00e1padu v\u016fbec (kam se na\u0161e kolaborantsk\u00e9 elity tak hrd\u011b hl\u00e1s\u00ed), je bezpo\u010det.<\/p>\n<p>V\u00a0posledn\u00edch dnech je Orb\u00e1n hlavn\u011b na\u0161imi m\u00e9dii kritizov\u00e1n zejm\u00e9na za dopln\u011bn\u00ed jedin\u00e9 atomov\u00e9 elektr\u00e1rny v\u00a0zemi o dal\u0161\u00ed samostatnou novou elektr\u00e1rnu PAKS II, kterou postav\u00ed spolehliv\u00fd rusk\u00fd gigant Rosatom.\u00a0 \u010c\u00edm pokleslej\u0161\u00ed web, \u010d\u00edm amat\u00e9r\u0161t\u011bj\u0161\u00ed pis\u00e1lek, t\u00edm tragikomi\u010dt\u011bj\u0161\u00ed v\u00fdplod nakonec vznikne. Tak t\u0159eba v\u00a0aktivistick\u00e9m progerm\u00e1nsk\u00e9m pl\u00e1tku F\u00d3RUM 24 si na energetick\u00e9ho experta sv\u00fdm nezam\u011bniteln\u00fdm vhledem zahr\u00e1l jinak zn\u00e1m\u00fd ruso\u010dechofob a zb\u011bhl\u00fd far\u00e1\u0159 Jan Jandourek.<\/p>\n<p>Jandourek l\u00ed\u010d\u00ed tento po\u010din k\u00a0z\u00e1chran\u011b ma\u010farsk\u00e9 energetiky jako \u201edal\u0161\u00ed kroky do rusk\u00e9ho nevolnictv\u00ed\u201c. V\u0161echno je mu trnem v\u00a0oku. To, \u017ee na rusk\u00fd atomov\u00fd pr\u016fmysl se zat\u00edm nevztahuj\u00ed nesmysln\u00e9 sankce, fakt, \u017ee investici v\u00a0hodnot\u011b 12,5 miliardy euro bude kryta p\u016fj\u010dkou od Ruska ve v\u00fd\u0161i 10 mili\u00f3n\u016f euro, dokonce i skute\u010dnost, \u017ee ma\u010farsk\u00fd ministr zahrani\u010d\u00ed P\u00e9ter Szijart\u00f3 dostal od rusk\u00e9ho ministra zahrani\u010d\u00ed Sergeje Lavrova \u0158\u00e1d p\u0159\u00e1telstv\u00ed. Kterak \u201eobjektivn\u011b\u201c a zhola v\u00a0duchu evropsk\u00fdch hodnot p\u00ed\u0161\u00edc\u00ed kn\u011b\u017e\u00edk komentoval, \u017ee to bylo od reprezentanta zem\u011b \u201ezcela pochybn\u00e9 ji\u017e p\u0159ed anex\u00ed Krymu v\u00a0roce 2014\u201c.<\/p>\n<p><span style=\"font-size: 18pt;\"><strong>Sob\u011bsta\u010dnost je toti\u017e \u201epochybn\u00e1 z\u00e1le\u017eitost\u201c\u2026<\/strong><\/span><\/p>\n<p>Co m\u011bl tedy ma\u010farsk\u00fd ministr od toho rusk\u00e9ho dostat? \u0158\u00e1d nep\u0159\u00e1telstv\u00ed? Holubici krve? \u0158\u00e1d svat\u00e9ho Bandery? Za to, \u017ee Ma\u010farsko nyn\u00ed bude moci b\u00fdt skute\u010dn\u011b po t\u00e9to str\u00e1nce samostatn\u00e9 a i de facto nez\u00e1visl\u00e9? Za to, \u017ee se Ma\u010fa\u0159i nebudou muset dopro\u0161ovat od soused\u016f elekt\u0159iny, pon\u011bvad\u017e doposud ji asi kolem 30% dov\u00e1\u017e\u00ed? Za to, \u017ee prakticky tak pr\u00e1v\u011b vl\u00e1da Viktora Orb\u00e1na diverzifikuje zdroje energie a nestane se tak skute\u010dn\u00fdm nevoln\u00edkem Z\u00e1padu? No, tak to se v\u011bru ve sv\u011bt\u011b starokatolick\u00fdch Jandourkov\u00fdch \u201ehodnot\u201c neodpou\u0161t\u00ed.<\/p>\n<p>Expert F\u00d3RA 24 t\u00e9\u017e spekuluje, \u017ee takov\u00fdto podnik (stavba JE pozn. aut.) je vlastn\u011b pochybnou z\u00e1le\u017eitost\u00ed, pon\u011bvad\u017e je nakonec 2x a\u017e 3x dra\u017e\u0161\u00ed, ne\u017e bylo p\u016fvodn\u011b pl\u00e1nov\u00e1no a pou\u0161t\u011bt se do toho s\u00a0Ruskem, \u201eu kter\u00e9ho nev\u00edme, v\u00a0jak\u00e9m stavu bude za rok, je opravdu odvaha\u201c. No \u2013 pan Jandourek n\u00e1le\u017e\u00ed jin\u00e9mu sv\u011btu \u201ehodnot\u201c, tud\u00ed\u017e nech\u00e1pe, \u017ee existuj\u00ed i technologi\u010dt\u00ed ob\u0159i, co postav\u00ed objednan\u00e9 za sjednanou cenu bez \u201ev\u00edceprac\u00ed\u201c. Elektr\u00e1rnu bude prost\u011b stav\u011bt Rosatom, tak\u017ee je jisto, \u017ee krom\u011b p\u0159\u00edpadn\u00e9 infla\u010dn\u00ed spir\u00e1ly nebude m\u00edt nic vliv na n\u00e1klady. Jde toti\u017e o jadernou elektr\u00e1rnu, kterou stav\u00ed firma, kde se dr\u017e\u00ed slovo a ne o p\u0159edra\u017een\u00fd kousek \u010desk\u00e9 d\u00e1lnice, budovan\u00fd l\u00e9ta mezin\u00e1rodn\u00edmi konsorcii v\u0161ech typ\u016f a nejist\u00fdch vlastnick\u00fdch vztah\u016f, ov\u0161em se zaru\u010den\u011b vlnit\u00fdm v\u00fdsledkem omezuj\u00edc\u00edm d\u00e1lni\u010dn\u00ed rychlost na 60 km\/h.<\/p>\n<p>V\u00a0jak\u00e9m stavu se pak do roka bude nach\u00e1zet Rusko je zbyte\u010dn\u00e9 spekulovat, vede se mu toti\u017e ekonomicky i politicky dob\u0159e. V\u00a0jak\u00e9m stavu bude na\u0161e zem\u011b, to je ot\u00e1zka, kter\u00e1 kn\u011b\u017e\u00edka sice netr\u00e1p\u00ed, ale ob\u010dany by tr\u00e1pit m\u011bla!<\/p>\n<p><span style=\"font-size: 18pt;\"><strong>Kdy\u017e bude zima, prost\u011b se pomodl\u00edme\u2026, na pouti ve Vrb\u011btic\u00edch\u2026<\/strong><\/span><\/p>\n<p>Je\u0161t\u011b\u017ee pr\u00fd u n\u00e1s kdysi vypukla causa Vrb\u011btice, lebed\u00ed si Honz\u00edk. Rusov\u00e9 tak byli vytla\u010deni zhola nef\u00e9rov\u011b ze sout\u011b\u017ee o vybudov\u00e1n\u00ed dal\u0161\u00edch blok\u016f pro \u010ceskou republiku. No, m\u00e1 pravdu. Tzv. causa Vrb\u011btice by se klidn\u011b mohla p\u0159ejmenovat na causu Rosatom. Od po\u010d\u00e1tku toti\u017e \u0161lo jen o to, jak Rus\u016fm znemo\u017enit \u00fa\u010dast na velk\u00e9m projektu za rozumnou cenu a s\u00a0dobr\u00fdm servisem.\u00a0 A tak CIA pov\u011b\u0159ila Koudelkovy \u010du\u010dka\u0159e sl\u00e1t\u00e1n\u00edm p\u00e1t\u00e9ho p\u0159es dev\u00e1t\u00e9 a zak\u00e1zka pro n\u00e1\u0161 protektor\u00e1t bude p\u0159iklepnuta Ameri\u010dan\u016fm.<\/p>\n<p>Ma\u010fa\u0159i si v\u00a0budoucnosti budou topit levn\u00fdm rusk\u00fdm plynem, n\u00e1s budou h\u0159\u00e1t \u201ehodnoty\u201c a svetry od Mark\u00e9ty. Ma\u010fa\u0159i budou sv\u00edtit a z\u00e1rove\u0148 se do krve nezadlu\u017eovat, a\u010dkoli dosud mus\u00ed elekt\u0159inu dov\u00e1\u017eet, proto\u017ee maj\u00ed ma\u010farsk\u00e9ho premi\u00e9ra. My budeme prod\u00e1vat prst\u00fdnky a \u0159et\u00edzky po p\u0159edc\u00edch, (stejn\u011b nakonec patrn\u011b p\u0159ijdeme i o st\u0159echy nad hlavou), proto\u017ee m\u00e1me ukrajinsk\u00e9ho premi\u00e9ra.<\/p>\n<p>Nechat se vyhladov\u011bt a umrznout jen tak, bez odporu, je ov\u0161em odsouzen\u00edhodn\u00e9 a n\u00e1rod, co si to nech\u00e1 l\u00edbit, si to prost\u011b zaslou\u017e\u00ed. I kdy\u017e m\u00e1 v\u00a0z\u00e1loze i odborn\u00edky, kte\u0159\u00ed by dne\u0161n\u00ed \u0161\u00edlen\u00fd sv\u011bt um\u011bli zav\u0159\u00edt do snesiteln\u00fdch mantinel\u016f. Takov\u00fd \u010desk\u00fd Orb\u00e1n by se toti\u017e klidn\u011b mohl(a) jmenovat \u2013 t\u0159eba Alena Vit\u00e1skov\u00e1.<\/p>\n<p><em><strong>Svatopluk Otava<br \/>\n<\/strong><strong>Koment\u00e1tor ANS<\/strong><\/em><\/p>\n<p><img decoding=\"async\" loading=\"lazy\" class=\"alignnone size-medium wp-image-9908\" src=\"http:\/\/www.infokuryr.cz\/n\/wp-content\/uploads\/2022\/04\/ANS-300x169.png\" alt=\"\" width=\"300\" height=\"169\" srcset=\"https:\/\/www.infokuryr.cz\/n\/wp-content\/uploads\/2022\/04\/ANS-300x169.png 300w, https:\/\/www.infokuryr.cz\/n\/wp-content\/uploads\/2022\/04\/ANS-1024x576.png 1024w, https:\/\/www.infokuryr.cz\/n\/wp-content\/uploads\/2022\/04\/ANS-768x432.png 768w, https:\/\/www.infokuryr.cz\/n\/wp-content\/uploads\/2022\/04\/ANS.png 1180w\" sizes=\"(max-width: 300px) 100vw, 300px\" \/><\/p>\n<p>&nbsp;<\/p>\n","protected":false},"excerpt":{"rendered":"<p>Moment\u00e1ln\u011b to v\u0161ak cestou \u010dek\u00e1n\u00ed na parlamentn\u00ed volby nen\u00ed mo\u017en\u00e9. N\u00e1hrady v\u00a0politick\u00e9m spektru jednak nejsou,&#8230;<\/p>\n","protected":false},"author":2,"featured_media":7893,"comment_status":"closed","ping_status":"closed","sticky":false,"template":"","format":"standard","meta":[],"categories":[6],"tags":[285,29,778],"_links":{"self":[{"href":"https:\/\/www.infokuryr.cz\/n\/wp-json\/wp\/v2\/posts\/14254"}],"collection":[{"href":"https:\/\/www.infokuryr.cz\/n\/wp-json\/wp\/v2\/posts"}],"about":[{"href":"https:\/\/www.infokuryr.cz\/n\/wp-json\/wp\/v2\/types\/post"}],"author":[{"embeddable":true,"href":"https:\/\/www.infokuryr.cz\/n\/wp-json\/wp\/v2\/users\/2"}],"replies":[{"embeddable":true,"href":"https:\/\/www.infokuryr.cz\/n\/wp-json\/wp\/v2\/comments?post=14254"}],"version-history":[{"count":0,"href":"https:\/\/www.infokuryr.cz\/n\/wp-json\/wp\/v2\/posts\/14254\/revisions"}],"wp:featuredmedia":[{"embeddable":true,"href":"https:\/\/www.infokuryr.cz\/n\/wp-json\/wp\/v2\/media\/7893"}],"wp:attachment":[{"href":"https:\/\/www.infokuryr.cz\/n\/wp-json\/wp\/v2\/media?parent=14254"}],"wp:term":[{"taxonomy":"category","embeddable":true,"href":"https:\/\/www.infokuryr.cz\/n\/wp-json\/wp\/v2\/categories?post=14254"},{"taxonomy":"post_tag","embeddable":true,"href":"https:\/\/www.infokuryr.cz\/n\/wp-json\/wp\/v2\/tags?post=14254"}],"curies":[{"name":"wp","href":"https:\/\/api.w.org\/{rel}","templated":true}]}}