{"id":14244,"date":"2022-08-29T01:10:31","date_gmt":"2022-08-28T23:10:31","guid":{"rendered":"http:\/\/www.infokuryr.cz\/n\/?p=14244"},"modified":"2022-08-28T18:07:06","modified_gmt":"2022-08-28T16:07:06","slug":"polsko-jde-do-valky-proti-rusku","status":"publish","type":"post","link":"https:\/\/www.infokuryr.cz\/n\/2022\/08\/29\/polsko-jde-do-valky-proti-rusku\/","title":{"rendered":"Polsko jde do v\u00e1lky proti Rusku"},"content":{"rendered":"<div id=\"fb-root\"><\/div>\n<div class=\"elementor-element elementor-element-1fb4c2c elementor-widget elementor-widget-theme-post-content\" data-id=\"1fb4c2c\" data-element_type=\"widget\" data-widget_type=\"theme-post-content.default\">\n<div class=\"elementor-widget-container\">\n<p><span>Sv\u011bdectv\u00ed hovo\u0159\u00ed o pravideln\u00fdch polsk\u00fdch jednotk\u00e1ch, kter\u00e9 se \u00fa\u010dastn\u00ed boj\u016f proti rusk\u00e9 arm\u00e1d\u011b na Ukrajin\u011b.<\/span><\/p>\n<p><span>Na konci prvn\u00ed sv\u011btov\u00e9 v\u00e1lky uzav\u0159ela ukrajinsk\u00e1 vl\u00e1da spojenectv\u00ed s Polskem proti Rusku.\u00a0Na rozd\u00edl od v\u0161eobecn\u00e9ho p\u0159esv\u011bd\u010den\u00ed nebylo c\u00edlem z\u00edskat zp\u011bt \u010d\u00e1st ukrajinsk\u00e9ho \u00fazem\u00ed anektovan\u00e9ho SSSR, ale zatla\u010dit zp\u011bt rusk\u00fd vliv ve st\u0159edn\u00ed Evrop\u011b.\u00a0Ukrajina proto postoupila z\u00e1padn\u00ed Hali\u010d Polsku jako platbu za z\u00e1vazek Polska v\u016f\u010di Moskv\u011b (Var\u0161avsk\u00e1 smlouva, 1920).\u00a0Pozd\u011bji um\u00edstili ukrajinskou arm\u00e1du pod polsk\u00e9 velen\u00ed.\u00a0Tato v\u00e1lka skon\u010dila por\u00e1\u017ekou Polska a Ukrajiny.<\/span><\/p>\n<p><span>P\u0159edsedou vl\u00e1dy byl tehdy Symon Petljura, zakladatel ukrajinsk\u00e9ho \u201eintegr\u00e1ln\u00edho nacionalismu\u201c a mentor Dmytra Doncova, kter\u00fd byl \u010dlenem ukrajinsk\u00e9 delegace na Versaillesk\u00e9 m\u00edrov\u00e9 konferenci.\u00a0Dontsov byl obdivovatelem zakladatele francouzsk\u00e9ho \u201eintegr\u00e1ln\u00edho nacionalismu\u201c Charlese Maurrase.<\/span><\/p>\n<p><span>Jedin\u00fd rozd\u00edl mezi Doncovem a Maurrasem byl v tom, \u017ee zat\u00edmco Maurras byl germanofob, Doncov byl germanofil.<\/span><\/p>\n<p><span>Sou\u010dasn\u00fd prezident Ukrajiny Volodymyr Zelenskyj sleduje \u00fapln\u011b stejnou strategii.\u00a0Uzav\u0159el spojenectv\u00ed s Polskem a sl\u00edbil j\u00ed v\u00fdchodn\u00ed Hali\u010d v\u00fdm\u011bnou za sv\u00e9 vojensk\u00e9 anga\u017em\u00e1 proti Rusku.\u00a0Historie se opakuje&#8230; ale v\u017edy v neprosp\u011bch ukrajinsk\u00e9ho lidu.<\/span><\/p>\n<p><span>Je nemo\u017en\u00e9 pochopit, co se v sou\u010dasnosti d\u011bje na Ukrajin\u011b, ani\u017e bychom znali historii ukrajinsk\u00fdch \u201eintegr\u00e1ln\u00edch nacionalist\u016f\u201c a jejich n\u00e1sledn\u00fdch spojenectv\u00ed s Polskem a nacistickou \u0159\u00ed\u0161\u00ed.\u00a0Na rozd\u00edl od toho, co \u0159\u00edkaj\u00ed mainstreamov\u00e1 m\u00e9dia, Rusko nebojuje proti Ukrajin\u011b, ale proti \u201eintegr\u00e1ln\u00edm nacionalist\u016fm\u201c, kter\u00e9 naz\u00fdv\u00e1 \u201eneonacisti\u201c.<\/span><\/p>\n<p><span>Polsko je \u010dlenem NATO, ale \u010dl\u00e1nek 5 Severoatlantick\u00e9 smlouvy \u2013 kter\u00fd vy\u017eaduje, aby v\u0161ichni spojenci byli nuceni poskytnout pomoc jin\u00e9mu \u010dlensk\u00e9mu st\u00e1tu v konfliktu s jin\u00fdm st\u00e1tem \u2013 se nepou\u017eije, pokud jde o ten \u010dlensk\u00fd st\u00e1t NATO, kter\u00fd p\u0159evezme iniciativu p\u0159ijatou v roly konfliktu.<\/span><\/p>\n<p><span>Turecko tak mohlo postupn\u011b napadnout severn\u00ed Kypr, Ir\u00e1k a S\u00fdrii, ani\u017e by mohlo po\u017e\u00e1dat sv\u00e9 spojence o pomoc podle \u010dl\u00e1nku 5.<\/span><\/p>\n<\/div>\n<\/div>\n<div class=\"elementor-element elementor-element-8c57238 quelle dc-has-condition dc-condition-empty elementor-widget elementor-widget-heading\" data-id=\"8c57238\" data-element_type=\"widget\" data-widget_type=\"heading.default\">\n<div class=\"elementor-widget-container\">\n<h3 class=\"elementor-heading-title elementor-size-default\"><span style=\"font-size: 8pt;\"><a href=\"https:\/\/www.voltairenet.org\/article217844.html\" target=\"_blank\" rel=\"nofollow noopener\">ZDROJ<\/a><\/span><\/h3>\n<p>&nbsp;<\/p>\n<\/div>\n<\/div>\n","protected":false},"excerpt":{"rendered":"<p>Sv\u011bdectv\u00ed hovo\u0159\u00ed o pravideln\u00fdch polsk\u00fdch jednotk\u00e1ch, kter\u00e9 se \u00fa\u010dastn\u00ed boj\u016f proti rusk\u00e9 arm\u00e1d\u011b na Ukrajin\u011b&#8230;.<\/p>\n","protected":false},"author":2,"featured_media":10909,"comment_status":"closed","ping_status":"closed","sticky":false,"template":"","format":"standard","meta":[],"categories":[7],"tags":[220,31,22,26],"_links":{"self":[{"href":"https:\/\/www.infokuryr.cz\/n\/wp-json\/wp\/v2\/posts\/14244"}],"collection":[{"href":"https:\/\/www.infokuryr.cz\/n\/wp-json\/wp\/v2\/posts"}],"about":[{"href":"https:\/\/www.infokuryr.cz\/n\/wp-json\/wp\/v2\/types\/post"}],"author":[{"embeddable":true,"href":"https:\/\/www.infokuryr.cz\/n\/wp-json\/wp\/v2\/users\/2"}],"replies":[{"embeddable":true,"href":"https:\/\/www.infokuryr.cz\/n\/wp-json\/wp\/v2\/comments?post=14244"}],"version-history":[{"count":0,"href":"https:\/\/www.infokuryr.cz\/n\/wp-json\/wp\/v2\/posts\/14244\/revisions"}],"wp:featuredmedia":[{"embeddable":true,"href":"https:\/\/www.infokuryr.cz\/n\/wp-json\/wp\/v2\/media\/10909"}],"wp:attachment":[{"href":"https:\/\/www.infokuryr.cz\/n\/wp-json\/wp\/v2\/media?parent=14244"}],"wp:term":[{"taxonomy":"category","embeddable":true,"href":"https:\/\/www.infokuryr.cz\/n\/wp-json\/wp\/v2\/categories?post=14244"},{"taxonomy":"post_tag","embeddable":true,"href":"https:\/\/www.infokuryr.cz\/n\/wp-json\/wp\/v2\/tags?post=14244"}],"curies":[{"name":"wp","href":"https:\/\/api.w.org\/{rel}","templated":true}]}}