{"id":1423,"date":"2021-05-06T05:27:24","date_gmt":"2021-05-06T03:27:24","guid":{"rendered":"http:\/\/www.infokuryr.cz\/n\/?p=1423"},"modified":"2021-05-06T05:27:24","modified_gmt":"2021-05-06T03:27:24","slug":"do-svedka-prijeli-uprchlici-lekari-bohuzel-s-padelanymi-univerzitnimi-diplomy","status":"publish","type":"post","link":"https:\/\/www.infokuryr.cz\/n\/2021\/05\/06\/do-svedka-prijeli-uprchlici-lekari-bohuzel-s-padelanymi-univerzitnimi-diplomy\/","title":{"rendered":"Do \u0160v\u00e9dka p\u0159ijeli uprchl\u00edci l\u00e9ka\u0159i, bohu\u017eel s pad\u011blan\u00fdmi univerzitn\u00edmi diplomy"},"content":{"rendered":"<div id=\"fb-root\"><\/div>\n<p><strong>Ve \u0160v\u00e9dsku do\u0161lo k masivn\u00edmu n\u00e1r\u016fstu pad\u011blan\u00ed univerzitn\u00edch diplom\u016f a je to pr\u00e1ce p\u0159edev\u0161\u00edm uprchl\u00edk\u016f. Podle \u0161v\u00e9dsk\u00e9 l\u00e9ka\u0159sk\u00e9 komory<a href=\"https:\/\/www.svt.se\/nyheter\/lokalt\/sodertalje\/hon-kopte-falsk-lararexamen-jobbar-som-forskolepedagog\">\u00a0bylo pouze 16% uprchl\u00edk\u016f<\/a>\u00a0vyd\u00e1vaj\u00edc\u00edch se za l\u00e9ka\u0159e schopno demonstrovat alespo\u0148 n\u011bjak\u00e9 odborn\u00e9 znalosti z oblasti medic\u00edn<\/strong>y! Tot\u00e9\u017e plat\u00ed o u\u010ditelsk\u00fdch diplomech, kter\u00e9 tak\u00e9 pat\u0159\u00ed k obl\u00edben\u00fdm pad\u011blk\u016fm mezi uprchl\u00edky.\u00a0<strong>Koupit si velmi kvalitn\u00ed pad\u011blek stoj\u00ed uprchl\u00edka asi 4 000 \u0161v\u00e9dsk\u00fdch korun a na to si z velkorys\u00fdch soci\u00e1ln\u00edch d\u00e1vek snadno na\u0161et\u0159\u00ed. Proto pozor, kdyby v\u00e1s snad cht\u011bl ve \u0160v\u00e9dsku \u201co\u0161et\u0159it\u201d barevn\u00fd \u201cl\u00e9ka\u0159, tak rad\u011bji b\u011b\u017ete o d\u016fm d\u00e1l!<\/strong><\/p>\n<p>Vzpom\u00edn\u00e1te, jak\u00a0<strong>ofici\u00e1ln\u00ed media p\u011bla b\u00e1sn\u011b, \u017ee do Evropy p\u0159ij\u00ed\u017ed\u011bj\u00ed l\u00e9ka\u0159i jadern\u00ed in\u017een\u00fd\u0159i ze S\u00fdrie?! Pak se uk\u00e1zalo, \u017ee naprost\u00e1 v\u011bt\u0161ina uprchl\u00edk\u016f \u017e\u00e1dn\u00e9 vzd\u011bl\u00e1n\u00ed nem\u00e1 a \u0159ada z nich je dokonce negramotn\u00e1?! V \u010cR zase m\u00e1te vietnamskou v\u00edt\u011bzku later\u00e1ln\u00ed sout\u011b\u017ee Magnesia, ze kter\u00e9 se vyklubal \u010desk\u00fd recesista Camp\u00edrek.<\/strong>\u00a0V\u0161ude je to stejn\u00e1 le\u017e a \u0161m\u00edra. Je to snad podle stejn\u00e9ho vzoru a \u0159\u00edzen\u00e9 z jednoho centra?<\/p>\n<p>Holger Danski<\/p>\n<p><a href=\"https:\/\/ceskavec.com\/2021\/05\/do-svedka-skutecne-prijeli-uprchlici-lekari-bohuzel-s-padelanymi-univerzitnimi-diplomy\">\u010cesk\u00e1 v\u011bc<\/a><\/p>\n<p>&nbsp;<\/p>\n","protected":false},"excerpt":{"rendered":"<p>Ve \u0160v\u00e9dsku do\u0161lo k masivn\u00edmu n\u00e1r\u016fstu pad\u011blan\u00ed univerzitn\u00edch diplom\u016f a je to pr\u00e1ce p\u0159edev\u0161\u00edm uprchl\u00edk\u016f&#8230;.<\/p>\n","protected":false},"author":2,"featured_media":1424,"comment_status":"closed","ping_status":"closed","sticky":false,"template":"","format":"standard","meta":[],"categories":[7],"tags":[119,124,148],"_links":{"self":[{"href":"https:\/\/www.infokuryr.cz\/n\/wp-json\/wp\/v2\/posts\/1423"}],"collection":[{"href":"https:\/\/www.infokuryr.cz\/n\/wp-json\/wp\/v2\/posts"}],"about":[{"href":"https:\/\/www.infokuryr.cz\/n\/wp-json\/wp\/v2\/types\/post"}],"author":[{"embeddable":true,"href":"https:\/\/www.infokuryr.cz\/n\/wp-json\/wp\/v2\/users\/2"}],"replies":[{"embeddable":true,"href":"https:\/\/www.infokuryr.cz\/n\/wp-json\/wp\/v2\/comments?post=1423"}],"version-history":[{"count":0,"href":"https:\/\/www.infokuryr.cz\/n\/wp-json\/wp\/v2\/posts\/1423\/revisions"}],"wp:featuredmedia":[{"embeddable":true,"href":"https:\/\/www.infokuryr.cz\/n\/wp-json\/wp\/v2\/media\/1424"}],"wp:attachment":[{"href":"https:\/\/www.infokuryr.cz\/n\/wp-json\/wp\/v2\/media?parent=1423"}],"wp:term":[{"taxonomy":"category","embeddable":true,"href":"https:\/\/www.infokuryr.cz\/n\/wp-json\/wp\/v2\/categories?post=1423"},{"taxonomy":"post_tag","embeddable":true,"href":"https:\/\/www.infokuryr.cz\/n\/wp-json\/wp\/v2\/tags?post=1423"}],"curies":[{"name":"wp","href":"https:\/\/api.w.org\/{rel}","templated":true}]}}