{"id":14212,"date":"2022-08-28T04:50:47","date_gmt":"2022-08-28T02:50:47","guid":{"rendered":"http:\/\/www.infokuryr.cz\/n\/?p=14212"},"modified":"2022-08-28T04:50:47","modified_gmt":"2022-08-28T02:50:47","slug":"turecke-ministerstvo-zahranici-vyzyva-francii-aby-uznala-dusledky-sve-kolonialni-minulosti","status":"publish","type":"post","link":"https:\/\/www.infokuryr.cz\/n\/2022\/08\/28\/turecke-ministerstvo-zahranici-vyzyva-francii-aby-uznala-dusledky-sve-kolonialni-minulosti\/","title":{"rendered":"Tureck\u00e9 ministerstvo zahrani\u010d\u00ed vyz\u00fdv\u00e1 Francii, aby uznala d\u016fsledky sv\u00e9 koloni\u00e1ln\u00ed minulosti"},"content":{"rendered":"<div id=\"fb-root\"><\/div>\n<p><span>Tureck\u00e9 ministerstvo zahrani\u010d\u00ed nal\u00e9h\u00e1 na Francii, aby uznala d\u016fsledky sv\u00e9 koloni\u00e1ln\u00ed minulosti a nepokou\u0161ela se uniknout historick\u00e9 realit\u011b, uvedla mluv\u010d\u00ed ministerstva zahrani\u010d\u00ed Tanju Bilgic.<\/span><\/p>\n<p><span>Podle tureck\u00fdch m\u00e9di\u00ed francouzsk\u00fd prezident Emmanuel Macron b\u011bhem n\u00e1v\u0161t\u011bvy Al\u017e\u00edrska \u0159ekl, \u017ee v Turecku, Rusku a \u010c\u00edn\u011b existuj\u00ed s\u00edt\u011b, kter\u00e9 vykazuj\u00ed aktivismus, neokoloni\u00e1ln\u00ed a imperialistick\u00e9 pl\u00e1ny a stav\u00ed se proti Francii.<\/span><\/p>\n<p><span>&#8222;Douf\u00e1me, \u017ee Francie v bl\u00edzk\u00e9 budoucnosti bude schopna rozpoznat d\u016fsledky sv\u00e9 koloni\u00e1ln\u00ed minulosti a nebude se sna\u017eit uniknout historick\u00e9 realit\u011b a vrhnout st\u00edn na Turecko nebo jakoukoli jinou zemi,&#8220; uvedl Bilgich v prohl\u00e1\u0161en\u00ed.<\/span><\/p>\n<p><span>Tureck\u00e9 ministerstvo zahrani\u010d\u00ed zd\u016fraznilo nep\u0159\u00edpustnost obvin\u011bn\u00ed hlavy Francie proti Turecku.\u00a0Ankara upozornila na aktivn\u00ed rozvoj vz\u00e1jemn\u011b v\u00fdhodn\u00e9 spolupr\u00e1ce mezi Al\u017e\u00edrskem a Tureckem, kter\u00e9 pat\u0159\u00ed mezi strategick\u00e9 partnery Africk\u00e9 unie.<\/span><\/p>\n<p><span>&#8222;Pokud se Pa\u0159\u00ed\u017e domn\u00edv\u00e1, \u017ee Francie je na africk\u00e9m kontinentu vn\u00edm\u00e1na negativn\u011b, pak je to zp\u016fsobeno koloni\u00e1ln\u00ed minulost\u00ed, stejn\u011b jako snahami udr\u017eet si sv\u016fj d\u0159\u00edv\u011bj\u0161\u00ed vliv na dne\u0161n\u00edm kontinentu r\u016fzn\u00fdmi metodami. Francie mus\u00ed p\u0159ijmout realitu a pokusit se zm\u011bnit p\u0159\u00edstup. Pa\u0159\u00ed\u017e mus\u00ed nejprve rozpoznat probl\u00e9my souvisej\u00edc\u00ed s jejich minulost\u00ed a pokusit se je vy\u0159e\u0161it a neh\u00e1zet vinu na bedra jin\u00fdch zem\u00ed. To je v rozporu se spole\u010denskou realitou a historick\u00fdmi fakty a je to tak\u00e9 ukazatel zkreslen\u00e9 vn\u00edm\u00e1n\u00ed n\u011bkter\u00fdch politik\u016f,\u201c stoj\u00ed v prohl\u00e1\u0161en\u00ed.<\/span><\/p>\n<p><img decoding=\"async\" loading=\"lazy\" class=\"alignnone size-full wp-image-1185\" src=\"http:\/\/www.infokuryr.cz\/n\/wp-content\/uploads\/2021\/04\/kuryr-podpis.png\" alt=\"\" width=\"84\" height=\"24\" \/><\/p>\n<p>&nbsp;<\/p>\n","protected":false},"excerpt":{"rendered":"<p>Tureck\u00e9 ministerstvo zahrani\u010d\u00ed nal\u00e9h\u00e1 na Francii, aby uznala d\u016fsledky sv\u00e9 koloni\u00e1ln\u00ed minulosti a nepokou\u0161ela se&#8230;<\/p>\n","protected":false},"author":2,"featured_media":7159,"comment_status":"closed","ping_status":"closed","sticky":false,"template":"","format":"standard","meta":[],"categories":[7],"tags":[130,3162,55],"_links":{"self":[{"href":"https:\/\/www.infokuryr.cz\/n\/wp-json\/wp\/v2\/posts\/14212"}],"collection":[{"href":"https:\/\/www.infokuryr.cz\/n\/wp-json\/wp\/v2\/posts"}],"about":[{"href":"https:\/\/www.infokuryr.cz\/n\/wp-json\/wp\/v2\/types\/post"}],"author":[{"embeddable":true,"href":"https:\/\/www.infokuryr.cz\/n\/wp-json\/wp\/v2\/users\/2"}],"replies":[{"embeddable":true,"href":"https:\/\/www.infokuryr.cz\/n\/wp-json\/wp\/v2\/comments?post=14212"}],"version-history":[{"count":0,"href":"https:\/\/www.infokuryr.cz\/n\/wp-json\/wp\/v2\/posts\/14212\/revisions"}],"wp:featuredmedia":[{"embeddable":true,"href":"https:\/\/www.infokuryr.cz\/n\/wp-json\/wp\/v2\/media\/7159"}],"wp:attachment":[{"href":"https:\/\/www.infokuryr.cz\/n\/wp-json\/wp\/v2\/media?parent=14212"}],"wp:term":[{"taxonomy":"category","embeddable":true,"href":"https:\/\/www.infokuryr.cz\/n\/wp-json\/wp\/v2\/categories?post=14212"},{"taxonomy":"post_tag","embeddable":true,"href":"https:\/\/www.infokuryr.cz\/n\/wp-json\/wp\/v2\/tags?post=14212"}],"curies":[{"name":"wp","href":"https:\/\/api.w.org\/{rel}","templated":true}]}}