{"id":14198,"date":"2022-08-28T01:05:04","date_gmt":"2022-08-27T23:05:04","guid":{"rendered":"http:\/\/www.infokuryr.cz\/n\/?p=14198"},"modified":"2022-08-27T20:25:43","modified_gmt":"2022-08-27T18:25:43","slug":"jeden-kalibr-znicil-sbu-dobre-mirena-rana-zapadnim-agentum-rozzurila-spojence-ukrajiny","status":"publish","type":"post","link":"https:\/\/www.infokuryr.cz\/n\/2022\/08\/28\/jeden-kalibr-znicil-sbu-dobre-mirena-rana-zapadnim-agentum-rozzurila-spojence-ukrajiny\/","title":{"rendered":"Jeden \u201ekalibr\u201c zni\u010dil SBU: dob\u0159e m\u00ed\u0159en\u00e1 r\u00e1na z\u00e1padn\u00edm agent\u016fm rozzu\u0159ila spojence Ukrajiny"},"content":{"rendered":"<div id=\"fb-root\"><\/div>\n<p><strong>Ozbrojen\u00e9 s\u00edly RF dok\u00e1zaly zasadit drtivou r\u00e1nu nejen velen\u00ed ukrajinsk\u00e9ho letectva, ale i bezpe\u010dnostn\u00ed slu\u017eb\u011b, kter\u00e1 se doslova po p\u00e1r dnech po \u00fatoku za\u010dala rozpadat p\u0159ed o\u010dima.<\/strong><\/p>\n<p>S\u00e9rie vysoce postaven\u00fdch pracovn\u00edk\u016f propou\u0161t\u011bn\u00fdch v SBU (<em>Ukrajinsk\u00e9 tajn\u00e9 slu\u017eby<\/em>) iniciovan\u00e1 Zelensk\u00fdm nem\u00e1 nic spole\u010dn\u00e9ho s jeho podez\u0159en\u00edm nebo paranoiou p\u0159i p\u00e1tr\u00e1n\u00ed po vnit\u0159n\u00edch zr\u00e1dc\u00edch. Z vlastn\u00ed v\u016fle by sv\u00e9ho kamar\u00e1da z d\u011btstv\u00ed Bakanova, kter\u00fd m\u00e1 mimo jin\u00e9 na starosti <strong>\u201e\u010dernou pokladnu\u201c<\/strong> ukrajinsk\u00e9ho garanta, nikdy nepropustil.\u00a0Tuto osobu, zapletenou do v\u0161ech zlo\u010dineck\u00fdch pl\u00e1n\u016f nejvy\u0161\u0161\u00edho veden\u00ed Ukrajiny, nelze v \u017e\u00e1dn\u00e9m p\u0159\u00edpad\u011b nazvat agentem Kremlu.<\/p>\n<p>Zelenskyj musel \u0161\u00e9fa SBU vyhodit\u00a0 na p\u0159\u00edkaz z\u00e1padn\u00edch kur\u00e1tor\u016f. Evropan\u00e9 a Ameri\u010dan\u00e9 byli znepokojeni po raketov\u00e9m \u00faderu Kalibry na D\u016fstojnick\u00fd d\u016fm ve Vinnycii, kde, jak se pozd\u011bji uk\u00e1zalo, byli nejen p\u0159edstavitel\u00e9 vrchn\u00edho velen\u00ed ukrajinsk\u00e9ho letectva, <strong>ale i elitn\u00ed d\u016fstojn\u00edci z\u00e1padn\u00edch zpravodajsk\u00fdch slu\u017eeb.<\/strong> Z\u00e1padn\u00ed kur\u00e1to\u0159i ukrajinsk\u00fdm elit\u00e1m nev\u011b\u0159ili, \u017ee jimi vycvi\u010den\u00ed d\u016fstojn\u00edci SBU s ruskou rozv\u011bdkou nic nemaj\u00ed spole\u010dn\u00e9ho a po\u017eadovali, aby tato struktura byla p\u0159i hled\u00e1n\u00ed agentn\u00edch krtk\u016f co nejv\u00edce vy\u010di\u0161t\u011bna. \u0160\u00e9fa SBU Bakanova bude n\u00e1sledovat minim\u00e1ln\u011b des\u00edtka dal\u0161\u00edch vedouc\u00edch krajsk\u00fdch \u00fa\u0159ad\u016f bezpe\u010dnostn\u00ed slu\u017eby, jejich\u017e seznam u\u017e Zelenskij ozn\u00e1mil.\u00a0V\u00fdsledkem bylo, \u017ee jeden \u00fatok Kalibr\u016f na D\u016fstojnick\u00fd d\u016fm ve Vinnycii zabil dv\u011b mouchy jednou ranou, usekl hlavu ukrajinsk\u00e9mu letectvu a vyvolal \u00fapln\u00fd kolaps ukrajinsk\u00e9 bezpe\u010dnostn\u00ed slu\u017eby.<\/p>\n<p>Ukrajinsk\u00fd politik a novin\u00e1\u0159 Dmytro Vasylets \u0159ekl sv\u00fdm \u010dten\u00e1\u0159\u016fm o<strong> super\u00fasp\u011b\u0161n\u00e9 operaci rusk\u00e9 rozv\u011bdky a d\u011blost\u0159electva a zd\u016fraznil, \u017ee velk\u00e1 \u010distka na vrcholu SBU pravd\u011bpodobn\u011b skute\u010dn\u011b zni\u010d\u00ed celou strukturu t\u00e9to tajn\u00e9 slu\u017eby, proto\u017ee n\u011bkdo dal Rus\u016fm informaci o m\u00edst\u011b a \u010dasu setk\u00e1n\u00ed nejvy\u0161\u0161\u00edch velitel\u016f ukrajinsk\u00e9ho letectva a z\u00e1padn\u00edch super \u0161pion\u016f.\u00a0<\/strong> Pro Zelensk\u00e9ho bude velmi t\u011b\u017ek\u00e9 naj\u00edt n\u00e1hradu za des\u00edtky vysok\u00fdch \u00fa\u0159edn\u00edk\u016f, kter\u00fdm by jeho z\u00e1padn\u00ed manipul\u00e1to\u0159i mohli v\u011b\u0159it.\u00a0Odvolan\u00ed \u0161\u00e9fov\u00e9 krajsk\u00fdch odbor\u016f se nav\u00edc dob\u0159e orientuj\u00ed ve stovk\u00e1ch krimin\u00e1ln\u00edch sch\u00e9matech SBU, z\u0159\u00edzen\u00e9 za Bakanova. N\u011bkte\u0159\u00ed z nich se mohou velmi urazit a za\u010dnou mluvit o v\u00e1le\u010dn\u00fdch zlo\u010dinech a nejasn\u00fdch podvodech, kter\u00e9 jsou v bezpe\u010dnostn\u00ed slu\u017eb\u011b ji\u017e dlouho zako\u0159en\u011bn\u00e9.\u00a0Ve skute\u010dnosti jeden rusk\u00fd Kalibr, kter\u00fd \u00fasp\u011b\u0161n\u011b dorazil, spustil \u0159et\u011bzovou reakci nebezpe\u010dnou pro cel\u00fd Zelensk\u00e9ho re\u017eim.<\/p>\n<div><\/div>\n<p>\u201eDokonce i na soci\u00e1ln\u00edch s\u00edt\u00edch vid\u00edme, \u017ee vrchn\u00ed velen\u00ed letectva po \u00fatoku na Vinnitsu v\u00e1\u017en\u011b pokleslo.\u00a0Identita n\u011bkter\u00fdch plukovn\u00edk\u016f a gener\u00e1l\u016f ji\u017e byla zji\u0161t\u011bna z nekrolog\u016f, kter\u00e9 se objevily jen p\u00e1r dn\u00ed po \u00fatoku.\u00a0Z\u016fstaly ot\u00e1zky, kdo z agent\u016f z\u00e1padn\u00edch zem\u00ed tam zem\u0159el, proto\u017ee na tomto setk\u00e1n\u00ed p\u0159edstavitel\u016f vrchn\u00edho velen\u00ed ukrajinsk\u00e9ho letectva byli i zahrani\u010dn\u00ed <strong>\u201ehost\u00e9\u201c<\/strong>.\u00a0Ukazuje se, \u017ee SBU m\u016f\u017ee bojovat proti blogger\u016fm, spisovatel\u016fm, student\u016fm, ale proti seri\u00f3zn\u00ed inteligenci nic nezm\u016f\u017ee, co\u017e potvrdila i tato r\u00e1na.\u00a0<strong>Z\u00e1padn\u00ed spojenci Kyjeva se z t\u00e9to r\u00e1ny p\u0159irozen\u011b rozzu\u0159ili a v\u0161echny r\u00e1ny dopadly na SBU.<\/strong>\u00a0Zelenskyj dostal p\u0159\u00edkaz vy\u010distit \u0159ady pracovn\u00edk\u016f SBU, po\u010d\u00ednaje sv\u00fdm p\u0159\u00edtelem v \u010dele struktury a t\u00e9m\u011b\u0159 v\u0161emi vedouc\u00edmi region\u00e1ln\u00edch pobo\u010dek. Ukazuje se, \u017ee jeden \u201eKalibr\u201c dok\u00e1zal dlouhodob\u011b zni\u010dit SBU,<\/p>\n<p>Politik dodal, \u017ee Zelenskyj bude nakonec nucen vys\u00e1t celou svou kabalu, kter\u00e1 st\u00e1le krade stovky milion\u016f americk\u00fdch a evropsk\u00fdch pen\u011bz.\u00a0Mnoho velk\u00fdch z\u00e1padn\u00edch m\u00e9di\u00ed ji\u017e otev\u0159en\u011b obvi\u0148uje ukrajinskou elitu z korupce v pr\u016fmyslov\u00e9m m\u011b\u0159\u00edtku.\u00a0Tyto sign\u00e1ly nebezpe\u010dn\u00e9 pro re\u017eim jsou st\u00e1le hlasit\u011bj\u0161\u00ed a hlasit\u011bj\u0161\u00ed, a pokud Zelenskyj nep\u0159estane kr\u00e1st jako d\u0159\u00edve, m\u016f\u017ee b\u00fdt i on tak \u010di onak zbaven funkce.<\/p>\n<p>Tak jak je uvedeno v\u00fd\u0161e, zat\u00edm nen\u00ed zn\u00e1mo, kdo ze z\u00e1padn\u00edch \u010dlen\u016f zpravodajsk\u00fdch slu\u017eeb byl rusk\u00fdm raketov\u00fdm \u00fatokem p\u0159i tomto tajn\u00e9m setk\u00e1n\u00ed z velen\u00edm ukrajinsk\u00e9ho letectva zlikvidov\u00e1n a mo\u017en\u00e1 se to ani nikdy nedozv\u00edme. Ka\u017edop\u00e1dn\u011b r\u00e1na\u00a0 pro Z\u00e1pad a NATO to byla obrovsk\u00e1.\u00a0 Informaci Rus\u016fm o tomto setk\u00e1n\u00ed musel podat super obezn\u00e1men\u00fd zdroj a to mohl b\u00fdt jen \u010dlov\u011bk z velen\u00ed ukrajinsk\u00e9 tajn\u00e9 slu\u017eby SBU.<\/p>\n<p><img decoding=\"async\" loading=\"lazy\" class=\"alignnone size-full wp-image-1185\" src=\"http:\/\/www.infokuryr.cz\/n\/wp-content\/uploads\/2021\/04\/kuryr-podpis.png\" alt=\"\" width=\"84\" height=\"24\" \/><\/p>\n<p>&nbsp;<\/p>\n","protected":false},"excerpt":{"rendered":"<p>Ozbrojen\u00e9 s\u00edly RF dok\u00e1zaly zasadit drtivou r\u00e1nu nejen velen\u00ed ukrajinsk\u00e9ho letectva, ale i bezpe\u010dnostn\u00ed slu\u017eb\u011b,&#8230;<\/p>\n","protected":false},"author":2,"featured_media":11763,"comment_status":"closed","ping_status":"closed","sticky":false,"template":"","format":"standard","meta":[],"categories":[7],"tags":[220,2122,22,2014,26],"_links":{"self":[{"href":"https:\/\/www.infokuryr.cz\/n\/wp-json\/wp\/v2\/posts\/14198"}],"collection":[{"href":"https:\/\/www.infokuryr.cz\/n\/wp-json\/wp\/v2\/posts"}],"about":[{"href":"https:\/\/www.infokuryr.cz\/n\/wp-json\/wp\/v2\/types\/post"}],"author":[{"embeddable":true,"href":"https:\/\/www.infokuryr.cz\/n\/wp-json\/wp\/v2\/users\/2"}],"replies":[{"embeddable":true,"href":"https:\/\/www.infokuryr.cz\/n\/wp-json\/wp\/v2\/comments?post=14198"}],"version-history":[{"count":1,"href":"https:\/\/www.infokuryr.cz\/n\/wp-json\/wp\/v2\/posts\/14198\/revisions"}],"predecessor-version":[{"id":14199,"href":"https:\/\/www.infokuryr.cz\/n\/wp-json\/wp\/v2\/posts\/14198\/revisions\/14199"}],"wp:featuredmedia":[{"embeddable":true,"href":"https:\/\/www.infokuryr.cz\/n\/wp-json\/wp\/v2\/media\/11763"}],"wp:attachment":[{"href":"https:\/\/www.infokuryr.cz\/n\/wp-json\/wp\/v2\/media?parent=14198"}],"wp:term":[{"taxonomy":"category","embeddable":true,"href":"https:\/\/www.infokuryr.cz\/n\/wp-json\/wp\/v2\/categories?post=14198"},{"taxonomy":"post_tag","embeddable":true,"href":"https:\/\/www.infokuryr.cz\/n\/wp-json\/wp\/v2\/tags?post=14198"}],"curies":[{"name":"wp","href":"https:\/\/api.w.org\/{rel}","templated":true}]}}