{"id":14195,"date":"2022-08-28T01:04:46","date_gmt":"2022-08-27T23:04:46","guid":{"rendered":"http:\/\/www.infokuryr.cz\/n\/?p=14195"},"modified":"2022-08-27T19:56:47","modified_gmt":"2022-08-27T17:56:47","slug":"usa-komentuji-smrt-americkych-zoldaku-na-ukrajine","status":"publish","type":"post","link":"https:\/\/www.infokuryr.cz\/n\/2022\/08\/28\/usa-komentuji-smrt-americkych-zoldaku-na-ukrajine\/","title":{"rendered":"USA komentuj\u00ed smrt americk\u00fdch \u017eold\u00e1k\u016f na Ukrajin\u011b"},"content":{"rendered":"<div id=\"fb-root\"><\/div>\n<p><span style=\"font-size: 18pt;\"><strong>Ministerstvo zahrani\u010d\u00ed USA vyzvalo ob\u010dany, aby opustili zemi, pokud mohou<\/strong><\/span><\/p>\n<p><span>Dal\u0161\u00ed Ameri\u010dan zem\u0159el v boj\u00edch na Ukrajin\u011b, ozn\u00e1milo v p\u00e1tek americk\u00e9 ministerstvo zahrani\u010d\u00ed a potvrdilo p\u0159edchoz\u00ed tvrzen\u00ed rusk\u00fdch p\u0159edstavitel\u016f.<\/span><\/p>\n<p><span>&#8220;\u00a0<\/span><em><span>M\u016f\u017eeme potvrdit smrt americk\u00e9ho ob\u010dana na Ukrajin\u011b,<\/span><\/em><span>\u00a0&#8220; \u0159ekl v p\u00e1tek Newsweek mluv\u010d\u00ed americk\u00e9ho ministerstva zahrani\u010d\u00ed.\u00a0&#8220;\u00a0<\/span><em><span>Z respektu k soukrom\u00ed rodiny v tuto chv\u00edli nem\u00e1me \u017e\u00e1dn\u00e9 dal\u0161\u00ed koment\u00e1\u0159e<\/span><\/em><span>\u00a0.&#8220;<\/span><\/p>\n<p><span>V p\u00e1tek Oleg Kozhemyako, kter\u00fd slou\u017e\u00ed jako guvern\u00e9r rusk\u00e9ho regionu D\u00e1ln\u00e9ho v\u00fdchodu Primorsky, \u0159ekl, \u017ee vojensk\u00e1 jednotka \u201eTiger\u201c z jeho oblasti zlikvidovala Ameri\u010dana, kdy\u017e odr\u00e1\u017eela \u00fatok skupiny sest\u00e1vaj\u00edc\u00ed z \u017eold\u00e1k\u016f z n\u011bkolika zem\u00ed.<\/span><\/p>\n<p><span>&#8220;\u00a0<\/span><em><span>Americk\u00fd \u017eold\u00e1k byl zni\u010den na Ukrajin\u011b<\/span><\/em><span>\u00a0,&#8220; uvedl ve sv\u00e9m telegramu a p\u0159ipojil fotografie americk\u00e9ho pasu a ukrajinsk\u00e9ho vojensk\u00e9ho pr\u016fkazu, zjevn\u011b vydan\u00e9ho na jm\u00e9no Joshua Alan Jones.\u00a0V dokladech toto\u017enosti se uv\u00e1d\u00ed, \u017ee se narodil v Tennessee a do ukrajinsk\u00e9 arm\u00e1dy vstoupil 14. \u010dervence s vojenskou jednotkou A3449.<\/span><\/p>\n<p><span>Podle Andrey Rudenka, rusk\u00e9ho vojensk\u00e9ho report\u00e9ra, bojovn\u00edka ale nezabily rusk\u00e9 nebo spojeneck\u00e9 s\u00edly, ale jeho spolubojovn\u00edci p\u0159i <\/span><em><span>\u201e\u00fat\u011bku z pozice<\/span><\/em><span>\u00a0\u201c.<\/span><\/p>\n<p><span>Mluv\u010d\u00ed ministerstva zahrani\u010d\u00ed p\u0159ipomn\u011bl, \u017ee \u201e\u00a0<\/span><em><span>ameri\u010dt\u00ed ob\u010dan\u00e9 by nem\u011bli cestovat na Ukrajinu kv\u016fli aktivn\u00edmu ozbrojen\u00e9mu konfliktu a vy\u010dlen\u011bn\u00ed americk\u00fdch ob\u010dan\u016f na Ukrajin\u011b bezpe\u010dnostn\u00edmi \u00fa\u0159edn\u00edky rusk\u00e9 vl\u00e1dy<\/span><\/em><span>\u00a0\u201c.<\/span><\/p>\n<p><span>\u201e\u00a0<\/span><em><span>Ob\u010dan\u00e9 USA na Ukrajin\u011b by m\u011bli okam\u017eit\u011b odlet\u011bt, pokud je to bezpe\u010dn\u00e9, s vyu\u017eit\u00edm jak\u00fdchkoli komer\u010dn\u00edch nebo jin\u00fdch soukrom\u011b dostupn\u00fdch mo\u017enost\u00ed pozemn\u00ed dopravy,<\/span><\/em><span>\u00a0\u201c zopakoval z\u00e1stupce.<\/span><\/p>\n<p><span>Rusk\u00e9 ministerstvo obrany opakovan\u011b tvrdilo, \u017ee zni\u010dilo zahrani\u010dn\u00ed \u017eold\u00e1ky na Ukrajin\u011b, a to i prov\u00e1d\u011bn\u00edm vysoce p\u0159esn\u00fdch raketov\u00fdch \u00fatok\u016f.\u00a0Nav\u00edc po\u010d\u00e1tkem tohoto m\u011bs\u00edce \u00fa\u0159ady Don\u011bck\u00e9 lidov\u00e9 republiky uvedly, \u017ee t\u0159i z\u00e1padn\u00ed st\u00e1tn\u00ed p\u0159\u00edslu\u0161n\u00edci obvin\u011bn\u00ed z boj\u016f jako \u017eold\u00e1ci za Ukrajinu mohou b\u00fdt odsouzeni k smrti, zat\u00edmco dal\u0161\u00edm dv\u011bma hroz\u00ed ze stejn\u00e9ho d\u016fvodu a\u017e osm let za m\u0159\u00ed\u017eemi.<\/span><\/p>\n<p><span>Rusk\u00e9 ministerstvo obrany ji\u017e d\u0159\u00edve varovalo, \u017ee \u017eold\u00e1ci nejsou podle mezin\u00e1rodn\u00edho pr\u00e1va pova\u017eov\u00e1ni za bojovn\u00edky a \u201e\u00a0<\/span><em><span>nejlep\u0161\u00ed v\u011bc, kter\u00e1 je \u010dek\u00e1, pokud budou zajati \u017eiv\u00ed, je soud a maxim\u00e1ln\u00ed tresty odn\u011bt\u00ed svobody, pop\u0159\u00edpad\u011b trest smrti<\/span><\/em><span>\u00a0\u201c.<\/span><\/p>\n<p><img decoding=\"async\" loading=\"lazy\" class=\"alignnone size-full wp-image-1185\" src=\"http:\/\/www.infokuryr.cz\/n\/wp-content\/uploads\/2021\/04\/kuryr-podpis.png\" alt=\"\" width=\"84\" height=\"24\" \/><\/p>\n<p>&nbsp;<\/p>\n","protected":false},"excerpt":{"rendered":"<p>Ministerstvo zahrani\u010d\u00ed USA vyzvalo ob\u010dany, aby opustili zemi, pokud mohou Dal\u0161\u00ed Ameri\u010dan zem\u0159el v boj\u00edch&#8230;<\/p>\n","protected":false},"author":2,"featured_media":14196,"comment_status":"closed","ping_status":"closed","sticky":false,"template":"","format":"standard","meta":[],"categories":[7],"tags":[26,37,2969],"_links":{"self":[{"href":"https:\/\/www.infokuryr.cz\/n\/wp-json\/wp\/v2\/posts\/14195"}],"collection":[{"href":"https:\/\/www.infokuryr.cz\/n\/wp-json\/wp\/v2\/posts"}],"about":[{"href":"https:\/\/www.infokuryr.cz\/n\/wp-json\/wp\/v2\/types\/post"}],"author":[{"embeddable":true,"href":"https:\/\/www.infokuryr.cz\/n\/wp-json\/wp\/v2\/users\/2"}],"replies":[{"embeddable":true,"href":"https:\/\/www.infokuryr.cz\/n\/wp-json\/wp\/v2\/comments?post=14195"}],"version-history":[{"count":1,"href":"https:\/\/www.infokuryr.cz\/n\/wp-json\/wp\/v2\/posts\/14195\/revisions"}],"predecessor-version":[{"id":14197,"href":"https:\/\/www.infokuryr.cz\/n\/wp-json\/wp\/v2\/posts\/14195\/revisions\/14197"}],"wp:featuredmedia":[{"embeddable":true,"href":"https:\/\/www.infokuryr.cz\/n\/wp-json\/wp\/v2\/media\/14196"}],"wp:attachment":[{"href":"https:\/\/www.infokuryr.cz\/n\/wp-json\/wp\/v2\/media?parent=14195"}],"wp:term":[{"taxonomy":"category","embeddable":true,"href":"https:\/\/www.infokuryr.cz\/n\/wp-json\/wp\/v2\/categories?post=14195"},{"taxonomy":"post_tag","embeddable":true,"href":"https:\/\/www.infokuryr.cz\/n\/wp-json\/wp\/v2\/tags?post=14195"}],"curies":[{"name":"wp","href":"https:\/\/api.w.org\/{rel}","templated":true}]}}