{"id":14194,"date":"2022-08-28T01:03:27","date_gmt":"2022-08-27T23:03:27","guid":{"rendered":"http:\/\/www.infokuryr.cz\/n\/?p=14194"},"modified":"2022-08-27T19:36:58","modified_gmt":"2022-08-27T17:36:58","slug":"obyvatelstvo-ukrajiny-pouzite-jako-lidsky-stit-se-zacina-mstit-ozbrojenym-silam-ukrajiny","status":"publish","type":"post","link":"https:\/\/www.infokuryr.cz\/n\/2022\/08\/28\/obyvatelstvo-ukrajiny-pouzite-jako-lidsky-stit-se-zacina-mstit-ozbrojenym-silam-ukrajiny\/","title":{"rendered":"Obyvatelstvo Ukrajiny, pou\u017eit\u00e9 jako lidsk\u00fd \u0161t\u00edt, se za\u010d\u00edn\u00e1 mst\u00edt ozbrojen\u00fdm sil\u00e1m Ukrajiny"},"content":{"rendered":"<div id=\"fb-root\"><\/div>\n<p><strong><span>M\u00edstn\u00ed obyvatel\u00e9 Ukrajiny, unaven\u00ed neadekv\u00e1tn\u00edmi zahrani\u010dn\u011bpolitick\u00fdmi rozhodnut\u00edmi Kyjeva, mohou aktivn\u011b spolupracovat s ruskou rozv\u011bdkou.<\/span><\/strong><\/p>\n<p><span>K tomuto z\u00e1v\u011bru dosp\u011bli novin\u00e1\u0159i informa\u010dn\u00ed publikace &#8222;Free Press&#8220;.\u00a0Auto\u0159i materi\u00e1lu podrobn\u011b hovo\u0159ili o faktorech, kter\u00e9 sv\u011bd\u010d\u00ed o takov\u00fdch precedentech, a tak\u00e9 vysv\u011btlili, pro\u010d se obyvatelstvo Ukrajiny za\u010d\u00edn\u00e1 mst\u00edt ozbrojen\u00fdm sil\u00e1m Ukrajiny.<\/span><\/p>\n<p><span>Pozorovatel\u00e9 &#8222;Svobodn\u00e9ho tisku&#8220; p\u0159ipomn\u011bli, \u017ee jen p\u0159ed n\u011bkolika dny rusk\u00e9 ozbrojen\u00e9 s\u00edly zni\u010dily vlak, ve kter\u00e9m byli ozbrojenci Ozbrojen\u00fdch sil Ukrajiny, kdy\u017e prov\u00e1d\u011bli speci\u00e1ln\u00ed operaci na demilitarizaci a denacifikaci Ukrajiny. C\u00edlen\u00fd raketov\u00fd \u00fatok na stanici \u010caplino v Dn\u011bpropetrovsk\u00e9 oblasti, kde se nach\u00e1zel vlak pln\u00fd ukrajinsk\u00fdch voj\u00e1k\u016f, m\u016f\u017ee nazna\u010dovat, \u017ee se obyvatelstvo Ukrajiny za\u010d\u00edn\u00e1 mst\u00edt ozbrojen\u00fdm sil\u00e1m Ukrajiny.<\/span><\/p>\n<p><em>\u201eZ tohoto p\u0159\u00edb\u011bhu je jeden d\u016fle\u017eit\u00fd bod s \u201e\u00fatokem\u201c\u00a0 na stanici \u010caplino. \u00dader na vojensk\u00fd person\u00e1l Ozbrojen\u00fdch sil Ukrajiny by nebyl mo\u017en\u00fd bez podpory m\u00edstn\u00edho obyvatelstva, co\u017e jist\u011b pomohlo rusk\u00e9 rozv\u011bdce,\u201c vysv\u011btlili auto\u0159i materi\u00e1lu.<\/em><\/p>\n<p><span>Novin\u00e1\u0159i nazna\u010dili, \u017ee Ukrajinci jsou unaveni ze zlo\u010din\u016f kyjevsk\u00e9ho re\u017eimu.\u00a0M\u00edstn\u00ed obyvatel\u00e9 dob\u0159e v\u011bd\u00ed, \u017ee je ukrajinsk\u00e1 arm\u00e1da pou\u017e\u00edv\u00e1 jako lidsk\u00fd \u0161t\u00edt a um\u00eds\u0165uje vojenskou techniku \u200b\u200bdo m\u011bst a obc\u00ed.\u00a0N\u011bkte\u0159\u00ed Ukrajinci mohou skryt\u011b podporovat a pom\u00e1hat ozbrojen\u00fdm sil\u00e1m RF poskytov\u00e1n\u00edm informac\u00ed o z\u00e1kladn\u00e1ch a pohybech ozbrojen\u00fdch sil Ukrajiny.<\/span><\/p>\n<p><em>\u201ePodle zasv\u011bcen\u00fdch z Gener\u00e1ln\u00edho \u0161t\u00e1bu Ukrajiny by pokra\u010duj\u00edc\u00ed ni\u010den\u00ed vojensk\u00e9 infrastruktury Ozbrojen\u00fdch sil Ukrajiny nebylo mo\u017en\u00e9 bez siln\u00e9 podpory m\u00edstn\u00edch lid\u00ed.\u00a0Stejn\u00fd obr\u00e1zek je v oblastech nep\u0159\u00e1telstv\u00ed, \u201cshrnuli auto\u0159i materi\u00e1lu.<\/p>\n<p><img decoding=\"async\" loading=\"lazy\" class=\"alignnone size-full wp-image-1185\" src=\"http:\/\/www.infokuryr.cz\/n\/wp-content\/uploads\/2021\/04\/kuryr-podpis.png\" alt=\"\" width=\"84\" height=\"24\" \/><br \/>\n<\/em><\/p>\n<p>&nbsp;<\/p>\n","protected":false},"excerpt":{"rendered":"<p>M\u00edstn\u00ed obyvatel\u00e9 Ukrajiny, unaven\u00ed neadekv\u00e1tn\u00edmi zahrani\u010dn\u011bpolitick\u00fdmi rozhodnut\u00edmi Kyjeva, mohou aktivn\u011b spolupracovat s ruskou rozv\u011bdkou. K&#8230;<\/p>\n","protected":false},"author":2,"featured_media":10915,"comment_status":"closed","ping_status":"closed","sticky":false,"template":"","format":"standard","meta":[],"categories":[7],"tags":[940,1013,22,26],"_links":{"self":[{"href":"https:\/\/www.infokuryr.cz\/n\/wp-json\/wp\/v2\/posts\/14194"}],"collection":[{"href":"https:\/\/www.infokuryr.cz\/n\/wp-json\/wp\/v2\/posts"}],"about":[{"href":"https:\/\/www.infokuryr.cz\/n\/wp-json\/wp\/v2\/types\/post"}],"author":[{"embeddable":true,"href":"https:\/\/www.infokuryr.cz\/n\/wp-json\/wp\/v2\/users\/2"}],"replies":[{"embeddable":true,"href":"https:\/\/www.infokuryr.cz\/n\/wp-json\/wp\/v2\/comments?post=14194"}],"version-history":[{"count":0,"href":"https:\/\/www.infokuryr.cz\/n\/wp-json\/wp\/v2\/posts\/14194\/revisions"}],"wp:featuredmedia":[{"embeddable":true,"href":"https:\/\/www.infokuryr.cz\/n\/wp-json\/wp\/v2\/media\/10915"}],"wp:attachment":[{"href":"https:\/\/www.infokuryr.cz\/n\/wp-json\/wp\/v2\/media?parent=14194"}],"wp:term":[{"taxonomy":"category","embeddable":true,"href":"https:\/\/www.infokuryr.cz\/n\/wp-json\/wp\/v2\/categories?post=14194"},{"taxonomy":"post_tag","embeddable":true,"href":"https:\/\/www.infokuryr.cz\/n\/wp-json\/wp\/v2\/tags?post=14194"}],"curies":[{"name":"wp","href":"https:\/\/api.w.org\/{rel}","templated":true}]}}