{"id":14193,"date":"2022-08-28T01:02:39","date_gmt":"2022-08-27T23:02:39","guid":{"rendered":"http:\/\/www.infokuryr.cz\/n\/?p=14193"},"modified":"2022-08-27T19:23:23","modified_gmt":"2022-08-27T17:23:23","slug":"profesor-safin-a-pravda-o-ruskem-filozofovi-duginovi","status":"publish","type":"post","link":"https:\/\/www.infokuryr.cz\/n\/2022\/08\/28\/profesor-safin-a-pravda-o-ruskem-filozofovi-duginovi\/","title":{"rendered":"Profesor \u0160afin a pravda o rusk\u00e9m filozofovi Duginovi&#8230;"},"content":{"rendered":"<div id=\"fb-root\"><\/div>\n<h2 id=\"hdname\">Profesor \u0160afin a pravda o rusk\u00e9m filozofovi Duginovi, kter\u00fd dlouhodob\u011b odhaluje okultn\u00ed pozad\u00ed fungov\u00e1n\u00ed glob\u00e1ln\u00edch \u201eelit\u201c a jejich okultn\u00edch praktik jako n\u00e1stroji pro ovl\u00e1d\u00e1n\u00ed lid\u00ed a cel\u00e9 z\u00e1padn\u00ed civilizace<\/h2>\n<p><span class=\"perex\">Vedouc\u00ed Katedry c\u00edrkevn\u00edch d\u011bjin a byzantologie, d\u011bkan Pravoslavn\u00e9 bohosloveck\u00e9 fakulty Pre\u0161ovsk\u00e9 univerzity v Pre\u0161ov\u011b Prof.\u00a0ThDr.\u00a0Jan \u0160AFIN, PhD.\u00a0komentoval v r\u00e1diu InfoV\u00e1lka fale\u0161n\u00fd p\u0159\u00edb\u011bh vytvo\u0159en\u00fd m\u00e9dii na Z\u00e1pad\u011b o rusk\u00e9m filozofovi Alexandru Duginovi a p\u0159ibli\u017euje skute\u010dnou realitu kolem jeho kontroverznosti.<\/span><\/p>\n<div class=\"body\">\n<p><strong>V\u00edce ve videu:<\/strong><\/p>\n<p><iframe loading=\"lazy\" src=\"https:\/\/www.youtube.com\/embed\/zQ2dXo4WIRk\" width=\"860\" height=\"482\" allowfullscreen=\"allowfullscreen\" data-mce-fragment=\"1\"><\/iframe><\/p>\n<p><img decoding=\"async\" loading=\"lazy\" class=\"alignnone size-full wp-image-1185\" src=\"http:\/\/www.infokuryr.cz\/n\/wp-content\/uploads\/2021\/04\/kuryr-podpis.png\" alt=\"\" width=\"84\" height=\"24\" \/><\/p>\n<p>&nbsp;<\/p>\n<\/div>\n","protected":false},"excerpt":{"rendered":"<p>Profesor \u0160afin a pravda o rusk\u00e9m filozofovi Duginovi, kter\u00fd dlouhodob\u011b odhaluje okultn\u00ed pozad\u00ed fungov\u00e1n\u00ed glob\u00e1ln\u00edch&#8230;<\/p>\n","protected":false},"author":2,"featured_media":13911,"comment_status":"closed","ping_status":"closed","sticky":false,"template":"","format":"standard","meta":[],"categories":[7],"tags":[3112,29,3160,889],"_links":{"self":[{"href":"https:\/\/www.infokuryr.cz\/n\/wp-json\/wp\/v2\/posts\/14193"}],"collection":[{"href":"https:\/\/www.infokuryr.cz\/n\/wp-json\/wp\/v2\/posts"}],"about":[{"href":"https:\/\/www.infokuryr.cz\/n\/wp-json\/wp\/v2\/types\/post"}],"author":[{"embeddable":true,"href":"https:\/\/www.infokuryr.cz\/n\/wp-json\/wp\/v2\/users\/2"}],"replies":[{"embeddable":true,"href":"https:\/\/www.infokuryr.cz\/n\/wp-json\/wp\/v2\/comments?post=14193"}],"version-history":[{"count":0,"href":"https:\/\/www.infokuryr.cz\/n\/wp-json\/wp\/v2\/posts\/14193\/revisions"}],"wp:featuredmedia":[{"embeddable":true,"href":"https:\/\/www.infokuryr.cz\/n\/wp-json\/wp\/v2\/media\/13911"}],"wp:attachment":[{"href":"https:\/\/www.infokuryr.cz\/n\/wp-json\/wp\/v2\/media?parent=14193"}],"wp:term":[{"taxonomy":"category","embeddable":true,"href":"https:\/\/www.infokuryr.cz\/n\/wp-json\/wp\/v2\/categories?post=14193"},{"taxonomy":"post_tag","embeddable":true,"href":"https:\/\/www.infokuryr.cz\/n\/wp-json\/wp\/v2\/tags?post=14193"}],"curies":[{"name":"wp","href":"https:\/\/api.w.org\/{rel}","templated":true}]}}