{"id":14180,"date":"2022-08-27T04:42:38","date_gmt":"2022-08-27T02:42:38","guid":{"rendered":"http:\/\/www.infokuryr.cz\/n\/?p=14180"},"modified":"2022-08-27T04:42:38","modified_gmt":"2022-08-27T02:42:38","slug":"v-evrope-se-uz-nebude-varit-pivo-nejnovejsi-vysledek-bruselske-politiky-co-nam-doporuci-pit-misto-piva-ceska-marie-antoinetta","status":"publish","type":"post","link":"https:\/\/www.infokuryr.cz\/n\/2022\/08\/27\/v-evrope-se-uz-nebude-varit-pivo-nejnovejsi-vysledek-bruselske-politiky-co-nam-doporuci-pit-misto-piva-ceska-marie-antoinetta\/","title":{"rendered":"V Evrop\u011b se u\u017e nebude va\u0159it pivo! Nejnov\u011bj\u0161\u00ed v\u00fdsledek Bruselsk\u00e9 politiky! Co n\u00e1m doporu\u010d\u00ed p\u00edt m\u00edsto piva \u010desk\u00e1 Marie-Antoinetta?"},"content":{"rendered":"<div id=\"fb-root\"><\/div>\n<p>Ceny plynu a elekt\u0159iny v\u010dera<a href=\"https:\/\/www.ansa.it\/sito\/notizie\/politica\/2022\/08\/26\/emergenza-gas-e-bollette.-salvini-fare-in-fretta-lega-pronta-a-votare-le-misure_8070d0eb-a320-470f-8fe8-d70b9bccac75.html\">\u00a0l\u00e1maly dal\u0161\u00ed rekordy<\/a>.\u00a0<a href=\"https:\/\/www.ansa.it\/sito\/notizie\/economia\/2022\/08\/26\/-borsa-europa-peggiora-con-discorso-powell-milano-15-_8a98adf0-5bcb-42fa-9e27-17c9790b5eab.html\">Evropsk\u00e9 burzy padaly<\/a>\u00a0a\u00a0<a href=\"https:\/\/www.politico.eu\/article\/alarm-ringing-pub-farmer-fertilizer-plant-threaten-shutdown\/\">firmy oznamovaly zastaven\u00ed v\u00fdroby a propou\u0161t\u011bn\u00ed zam\u011bstnanc\u016f<\/a>\u00a0\u2013 v\u0161e v d\u016fsledku drah\u00e9ho plynu a elekt\u0159iny. Dokonce: Pivovarn\u00edci po cel\u00e9 Evrop\u011b v\u010dera hromadn\u011b oznamovali, \u017ee p\u0159estanou va\u0159it pivo! Tak to tu je\u0161t\u011b nebylo!<\/p>\n<p><a href=\"https:\/\/www.politico.eu\/article\/alarm-ringing-pub-farmer-fertilizer-plant-threaten-shutdown\/\">Pro\u010d se nebude v Evrop\u011b va\u0159it pivo \u2013 proto\u017ee pivovarn\u00edci pot\u0159ebuj\u00ed k v\u00fdrob\u011b piva plyn CO2<\/a>. Brusel plyn CO2 nen\u00e1vid\u00ed,<a href=\"https:\/\/snizujemeco2.cz\/cs\/uhlikova-stopa\">\u00a0proto\u017ee pr\u00fd zp\u016fsobuje glob\u00e1ln\u00ed oteplov\u00e1n\u00ed<\/a>.\u00a0 Plyn CO2, kter\u00fd pivovarn\u00edci pot\u0159ebuj\u00ed na v\u00fdrobu piva, je vedlej\u0161\u00edm produktem v\u00fdroby hnojiv. Proto\u017ee v\u0161ichni nejv\u011bt\u0161\u00ed v\u00fdrobci hnojiv v Evrop\u011b v\u010dera hromadn\u011b zastavili v\u00fdrobu, proto\u017ee plyn u\u017e je tak drah\u00fd, \u017ee si nemohou dovolit vyr\u00e1b\u011bt hnojiva, nebude vyroben ani plyn CO2, a bez n\u011bj se ned\u00e1 uva\u0159it pivo!<\/p>\n<p>Jak vid\u00edte v\u0161e je propojen\u00e9 se v\u0161\u00edm dohromady, a d\u00edky Bruselu, tak v Evrop\u011b nebudou ani hnojiva, ani potraviny, a ani pivo.<\/p>\n<p>Kupodivu produkce plynu CO2, kter\u00fd se vypou\u0161t\u00ed spalov\u00e1n\u00edm plynu do ovzdu\u0161\u00ed, se nesn\u00ed\u017e\u00ed ani o kilogram!\u00a0 Pro\u010d? Proto\u017ee Rusko plyn, kter\u00fd kv\u016fli sankc\u00edm nedod\u00e1v\u00e1 do Evropy, spaluje ve speci\u00e1ln\u00edch spalovn\u00e1ch plynu. Ty byly v minulosti postaveny, aby v p\u0159\u00edpad\u011b poruch plynovod\u016f spalovaly jeho vyt\u011b\u017een\u00e9 p\u0159ebytky. A te\u010f spaluj\u00ed sankciovan\u00fd plyn na pln\u00fd v\u00fdkon.\u00a0<a href=\"https:\/\/www.merkur.de\/politik\/ukraine-krieg-waffen-news-aktuell-scholz-spd-verhandlungen-selenskyj-putin-russland-aktuell-zr-91746515.html\">Jenom spalovna v rusk\u00e9m m\u011bst\u011b Portovaja u finsk\u00fdch hranic sp\u00e1l\u00ed<\/a>\u00a0denn\u011b\u00a0<a href=\"https:\/\/ekonomickydenik.cz\/spotreba-zemniho-plynu-v-cesku-opet-roste-loni-byla-nejvyssi-od-roku-2005\/\">17% ve\u0161ker\u00e9 denn\u00ed \u010desk\u00e9 spot\u0159eby plynu<\/a>. Jak vid\u00edte \u2013 plyn CO2 se vypou\u0161t\u00ed do ovzdu\u0161\u00ed v Rusku oby\u010dejn\u00fdm spalov\u00e1n\u00edm, m\u00edsto toho, aby v Evrop\u011b byl vypu\u0161t\u011bn, p\u0159i v\u00fdrob\u011b hnojiv, potravin a elekt\u0159iny, a m\u011blo to aspo\u0148 n\u011bjak\u00fd u\u017eitek.\u00a0 Rus\u016fm spalov\u00e1n\u00ed plynu nevad\u00ed, proto\u017ee d\u00edky jeho n\u011bkolikan\u00e1sobn\u00e9 cen\u011b oproti lo\u0148sku maj\u00ed pokladnice narvan\u00e9 k prasknut\u00ed.<\/p>\n<p>Je nejvy\u0161\u0161\u00ed \u010das s t\u00edm n\u011bco ud\u011blat, nebo zmrzneme a um\u0159eme hlady, a CO2 se bude do ovzdu\u0161\u00ed vypou\u0161t\u011bt naprosto bez u\u017eitku!<\/p>\n<p>3. z\u00e1\u0159\u00ed, za p\u00e1r dn\u00ed, se u Kon\u011b na V\u00e1clav\u00e1ku sejde demonstrace proti Drahot\u011b a vl\u00e1dn\u00ed neschopnosti ji ukon\u010dit. Na demonstraci budu a m\u016f\u017eeme spolu zase pokecat jako v P\u0159\u00ed\u010dovech. Vy tentokr\u00e1te m\u00e1te ale mo\u017enost sv\u00e9 \u017eivotn\u00ed burzovn\u00ed investice. Pokud investujete do cesty na demonstraci, a na demonstraci p\u0159ijedete, tato investice se V\u00e1m mnohon\u00e1sobn\u011b vr\u00e1t\u00ed, proto\u017ee pokud bude na V\u00e1clav\u00e1ku dostatek lid\u00ed, vl\u00e1da se lekne, a za\u010dne s drahotou bojovat. Vy tak vyd\u011bl\u00e1te na rychl\u00e9m poklesu cen mnohem v\u00edce pen\u011bz zp\u00e1tky na levn\u00e9 elekt\u0159in\u011b a plynu, ne\u017e utrat\u00edte za cestu na demonstraci. Je to tedy velmi v\u00fdhodn\u00e9.<\/p>\n<p>Vysv\u011btl\u00edme pro\u010d.\u00a0<a href=\"https:\/\/tass.com\/economy\/1498861\">Rusk\u00fd Dimitrij Medved\u011bv v\u010dera ozn\u00e1mil<\/a>, \u017ee Rusko dod\u00e1 do Evropy tolik plynu kolik si bude Evropa p\u0159\u00e1t, za t\u0159\u00ed podm\u00ednek:<\/p>\n<ul>\n<li>Za prv\u00e9 \u2013 pust\u00ed se plynovod Nord Stream 2, kter\u00fd u\u017e je napln\u011bn\u00fd plynem, jenom ho Brusel zak\u00e1zal pustit.<\/li>\n<li>Za druh\u00e9 \u2013 Evropa bude platit za plyn v Rublech a nebude zabavovat \u017e\u00e1dn\u00e9 pen\u00edze za rusk\u00e9 dod\u00e1vky.<\/li>\n<li>Za t\u0159et\u00ed \u2013 Evropa uzav\u0159e na dod\u00e1vky plynu \u0159\u00e1dn\u00e9 smlouvy s Ruskem.<\/li>\n<\/ul>\n<p>Jak vid\u00edte \u0159e\u0161en\u00ed probl\u00e9mu Drahoty je naprosto jednoduch\u00e9, a u\u017e za p\u00e1r dn\u00ed mnohou ceny plynu klesnout na lo\u0148skou \u00farove\u0148, a d\u00edky kapacit\u00e1m plynovod\u016f Nord Stream I a Nord Stream II bude v Evrop\u011b plynu dost, bude levn\u00fd, a tak bude v\u0161e levn\u00e9, a budou se zase vyr\u00e1b\u011bt, jak hnojiva, tak va\u0159it pivo.<\/p>\n<p>Na druhou stranu Medv\u011bd\u011bv ozn\u00e1mil, \u017ee pokud bude Brusel pokra\u010dovat ve sv\u00fdch plynov\u00fdch obstrukc\u00edch, Rusko nezaru\u010duje, \u017ee dod\u00e1 Evrop\u011b plyn v pot\u0159ebn\u00e9m mno\u017estv\u00ed, kter\u00e9 Evropa nutn\u011b pot\u0159ebuje, aby nezkrachovala!<\/p>\n<p>Dod\u00e1vky Rusk\u00e9ho plynu si takto u\u017e zajistilo Ma\u010farsko, a jak jsme ozn\u00e1mili p\u0159ed p\u00e1r dny,\u00a0<a href=\"https:\/\/www.intellinews.com\/ministers-warn-bulgaria-risks-losing-billions-of-dollars-in-arbitrage-against-gazprom-254609\/\">Bulharsko se k tomu chyst\u00e1 v nejbli\u017e\u0161\u00edch dnech<\/a>. \u010cesk\u00e1 vl\u00e1da se boj\u00ed jednat s Ruskem asi proto, \u017ee tam nem\u016f\u017ee poslat \u017e\u00e1dn\u00e9ho \u010desk\u00e9ho ministra vyjednava\u010de. Ministr zahrani\u010d\u00ed Lipavsk\u00fd je v Rusku pova\u017eov\u00e1n slu\u0161n\u011b \u0159e\u010deno za personu non grata, a ministryn\u011b \u010cernochov\u00e1 dokonce za teroristku. S takovou to partou jsou nad\u011bje na ukon\u010den\u00ed drahoty v \u010cesku naprosto beznad\u011bjn\u00e9.<\/p>\n<p>Jak dopadne \u010cesko, bude-li tato vl\u00e1da pokra\u010dovat, si m\u016f\u017eete p\u0159edstavit na smutn\u00e9m konci It\u00e1lie. Podle listu Financial Times u\u017e nejv\u011bt\u0161\u00ed sv\u011btov\u00e9 hedgeov\u00e9 fondy spekulativn\u00edho kapit\u00e1lu vsadily jenom v\u00a0<a href=\"https:\/\/rmx.news\/italy\/italian-debt-default-could-be-biggest-ever-shock-to-eurozone-hedge-funds-bet-e39-billion-against-italy-in-august-alone\/\">m\u011bs\u00edci srpnu 39 miliard dolar\u016f do spekulace, \u017ee It\u00e1lie vyhl\u00e1s\u00ed bankrot<\/a>\u00a0a p\u0159estane spl\u00e1cet sv\u00e9 dluhy. To znamen\u00e1, \u017ee burzi\u00e1ni a bank\u00e9\u0159i u\u017e v\u011bd\u00ed, \u017ee Italov\u00e9 budou trp\u011bt jako \u0158ekov\u00e9, sn\u00ed\u017e\u00ed se jim d\u016fchody, zdravotn\u00ed p\u00e9\u010de, a vyprod\u00e1 se jejich st\u00e1tn\u00ed majetek. A vsadili miliardy, \u017ee na tom krachu It\u00e1lie vyd\u011blaj\u00ed raketu!<\/p>\n<p>\u010cesko dopadne jako It\u00e1lie, proto\u017ee jsou jen \u010dty\u0159i mno\u017en\u00e1 \u0159e\u0161en\u00ed sou\u010dasn\u00e9 drahoty:<\/p>\n<ul>\n<li>\u0158e\u0161en\u00ed prvn\u00ed: Drah\u00fd plyn a elekt\u0159inu zaplat\u00ed ob\u010dan\u00e9 a firmy. V tom p\u0159\u00edpad\u011b ob\u010dan\u00e9 zmrznou a budou m\u00edt hlad, a firmy propust\u00ed v\u011bt\u0161inu zam\u011bstnanc\u016f, a \u0159ada z nich zkrachuje.<\/li>\n<li>\u0158e\u0161en\u00ed druh\u00e9: Drah\u00fd plyn a elekt\u0159inu zaplat\u00ed vl\u00e1da nekryt\u00fdmi, a nedej bo\u017ee vyp\u016fj\u010den\u00fdmi pen\u011bzi. V tom p\u0159\u00edpad\u011b se v\u0161echno mnohon\u00e1sobn\u011b zdra\u017e\u00ed, a inflace do roka zp\u016fsob\u00ed ten sam\u00fd kolaps, jako \u0159e\u0161en\u00ed prvn\u00ed.<\/li>\n<li>\u0158e\u0161en\u00ed t\u0159et\u00ed: Drah\u00fd plyn a elekt\u0159inu zaplat\u00ed Brusel nekryt\u00fdmi EURY. Dopadne to \u00fapln\u011b stejn\u011b jako \u0159e\u0161en\u00ed druh\u00e9.<\/li>\n<li>\u0158e\u0161en\u00ed \u010dtvrt\u00e9: Vl\u00e1da, a nebo Brusel podep\u00ed\u0161\u00ed s Ruskem smlouvy na plyn a elekt\u0159inu a spust\u00ed Nord Stream II. Do jednoho m\u011bs\u00edce spadnou ceny elekt\u0159iny a plynu na lo\u0148skou \u00farove\u0148, a ceny potravin se p\u0159estanou zvy\u0161ovat, vysok\u00e9 u\u017e z\u016fstanou, proto\u017ee jejich cena je zp\u016fsobena u\u017e vyti\u0161t\u011bn\u00fdmi nekryt\u00fdmi EURY v minul\u00fdch letech.<\/li>\n<\/ul>\n<p>Jak vid\u00edte, m\u016f\u017eete si vybrat, bu\u010f hlad, b\u00edda a zima, a nebo \u017eivot jako v minul\u00fdch letech. Pokud chcete \u017e\u00edt, mus\u00edte p\u0159ij\u00edt na demonstraci. Tak jako bank\u00e9\u0159i vsadili miliardy na krach It\u00e1lie i V\u00e1s, mus\u00edte i vy vsadit cenu cesty do Prahy a zp\u011bt. Pokud V\u00e1s vsad\u00ed dostate\u010dn\u00e9 mno\u017estv\u00ed \u2013 budete m\u00edt vysok\u00fd zisk \u2013 vyhrajete zp\u00e1tky slu\u0161n\u00fd \u017eivot V\u00e1s i Va\u0161ich d\u011bt\u00ed.<\/p>\n<p><a href=\"https:\/\/www.michalapetr.com\/mip-111-v-evrope-se-uz-nebude-varit-pivo-nejnovejsi-vysledek-bruselske-politiky-co-vam-nam-doporuci-pit-misto-piva-ceska-marie-antoinetta\/\">ZDROJ<\/a><\/p>\n<p>&nbsp;<\/p>\n","protected":false},"excerpt":{"rendered":"<p>Ceny plynu a elekt\u0159iny v\u010dera\u00a0l\u00e1maly dal\u0161\u00ed rekordy.\u00a0Evropsk\u00e9 burzy padaly\u00a0a\u00a0firmy oznamovaly zastaven\u00ed v\u00fdroby a propou\u0161t\u011bn\u00ed zam\u011bstnanc\u016f\u00a0\u2013&#8230;<\/p>\n","protected":false},"author":2,"featured_media":14181,"comment_status":"closed","ping_status":"closed","sticky":false,"template":"","format":"standard","meta":[],"categories":[6],"tags":[285,41,283,371,891],"_links":{"self":[{"href":"https:\/\/www.infokuryr.cz\/n\/wp-json\/wp\/v2\/posts\/14180"}],"collection":[{"href":"https:\/\/www.infokuryr.cz\/n\/wp-json\/wp\/v2\/posts"}],"about":[{"href":"https:\/\/www.infokuryr.cz\/n\/wp-json\/wp\/v2\/types\/post"}],"author":[{"embeddable":true,"href":"https:\/\/www.infokuryr.cz\/n\/wp-json\/wp\/v2\/users\/2"}],"replies":[{"embeddable":true,"href":"https:\/\/www.infokuryr.cz\/n\/wp-json\/wp\/v2\/comments?post=14180"}],"version-history":[{"count":0,"href":"https:\/\/www.infokuryr.cz\/n\/wp-json\/wp\/v2\/posts\/14180\/revisions"}],"wp:featuredmedia":[{"embeddable":true,"href":"https:\/\/www.infokuryr.cz\/n\/wp-json\/wp\/v2\/media\/14181"}],"wp:attachment":[{"href":"https:\/\/www.infokuryr.cz\/n\/wp-json\/wp\/v2\/media?parent=14180"}],"wp:term":[{"taxonomy":"category","embeddable":true,"href":"https:\/\/www.infokuryr.cz\/n\/wp-json\/wp\/v2\/categories?post=14180"},{"taxonomy":"post_tag","embeddable":true,"href":"https:\/\/www.infokuryr.cz\/n\/wp-json\/wp\/v2\/tags?post=14180"}],"curies":[{"name":"wp","href":"https:\/\/api.w.org\/{rel}","templated":true}]}}