{"id":14174,"date":"2022-08-27T04:17:24","date_gmt":"2022-08-27T02:17:24","guid":{"rendered":"http:\/\/www.infokuryr.cz\/n\/?p=14174"},"modified":"2022-08-27T04:17:24","modified_gmt":"2022-08-27T02:17:24","slug":"takhle-nas-cernochova-ohrozila-uz-nejen-ostuda-rajchl-vi-sve-k-afere-duginova","status":"publish","type":"post","link":"https:\/\/www.infokuryr.cz\/n\/2022\/08\/27\/takhle-nas-cernochova-ohrozila-uz-nejen-ostuda-rajchl-vi-sve-k-afere-duginova\/","title":{"rendered":"Takhle n\u00e1s \u010cernochov\u00e1 ohrozila. U\u017e nejen ostuda. Rajchl v\u00ed sv\u00e9 k \u201eaf\u00e9\u0159e Duginov\u00e1\u201c"},"content":{"rendered":"<div id=\"fb-root\"><\/div>\n<p><strong>Advok\u00e1t a p\u0159edseda strany PRO upozor\u0148uje, \u017ee ministryn\u011b Jana \u010cernochov\u00e1 ud\u011blala botu nikoliv lok\u00e1ln\u00edho, ale mezin\u00e1rodn\u00edho rozm\u011bru. \u201ePan\u00ed \u010cernochov\u00e1 n\u00e1m v tuto chv\u00edli d\u011bl\u00e1 monstr\u00f3zn\u00ed ostudu i na b\u00e1zi OSN. Je to jedin\u00e1 reprezentantka v\u0161ech st\u00e1t\u016f sdru\u017een\u00fdch v OSN, kter\u00e1 \u00fatok neodsoudila,\u201c \u0159\u00edk\u00e1. Jej\u00ed slova jsou podle n\u011bho ohro\u017een\u00edm pro celou \u010cR. Schvalov\u00e1n\u00ed terorismu se toti\u017e m\u016f\u017ee vymst\u00edt a p\u0159it\u00e1hnout teroristick\u00e9 \u00fatoky. \u201eOtev\u00edr\u00e1 Pando\u0159inu sk\u0159\u00ed\u0148ku,\u201c uvedl Jind\u0159ich Rajchl.<\/strong><\/p>\n<p><strong>Strana PRO zve\u0159ejnila ve\u0159ejnou v\u00fdzvu k odstoupen\u00ed Jany \u010cernochov\u00e9 z postu ministryn\u011b obrany \u010cR. Jednalo se o reakci na jej\u00ed vyj\u00e1d\u0159en\u00ed na soci\u00e1ln\u00ed s\u00edti Twitter ze dne 21. 8. 2022, ve kter\u00e9m uvedla, \u017ee j\u00ed \u201enen\u00ed l\u00edto dcery ani truchl\u00edc\u00edho otce\u201c v souvislosti s atent\u00e1tem na dceru Putinova hlavn\u00edho ideologa Alexandra Dugina. Jak\u00e9 m\u00e1te reakce?<\/strong><\/p>\n<p>M\u011b naprosto \u0161okovala n\u00e1sledn\u00e1 reakce pan\u00ed \u010cernochov\u00e9. Pokud ud\u011bl\u00e1 politik chybu, d\u00e1 se to pochopit. Je pot\u0159eba se omluvit a vyvodit d\u016fsledky. V moment\u011b, kdy ud\u011bl\u00e1 extra botu mezin\u00e1rodn\u00edho rozm\u011bru a v podstat\u011b se sna\u017e\u00ed trvat na tom, \u017ee vyj\u00e1d\u0159en\u00ed bylo spr\u00e1vn\u00e9 a adekv\u00e1tn\u00ed, n\u00e1s po\u0161kozuje v o\u010d\u00edch cel\u00e9ho sv\u011bta. Pan\u00ed \u010cernochov\u00e1 n\u00e1m v tuto chv\u00edli d\u011bl\u00e1 monstr\u00f3zn\u00ed ostudu i na b\u00e1zi OSN. Je to jedin\u00e1 reprezentantka v\u0161ech st\u00e1t\u016f sdru\u017een\u00fdch v OSN, kter\u00e1 \u00fatok neodsoudila. Uv\u011bdomili si to u\u017e \u00fapln\u011b v\u0161ichni. \u00datok odsoudili p\u0159edstavitel\u00e9 Spojen\u00fdch st\u00e1t\u016f i pape\u017e.<\/p>\n<p>V\u0161ichni si uv\u011bdomuj\u00ed, \u017ee terorismus nem\u016f\u017ee b\u00fdt nikdy legitimizov\u00e1n jako zp\u016fsob boje v jak\u00e9mkoliv konfliktu. Otev\u00edr\u00e1 Pando\u0159inu sk\u0159\u00ednku. M\u016f\u017ee to m\u00edt neuv\u011b\u0159iteln\u00e9 n\u00e1sledky nejen z hlediska mezin\u00e1rodn\u00ed politiky, ale i z hlediska bezpe\u010dnostn\u00edho rizika pro \u010ceskou republiku. Ministryn\u011b n\u00e1s po\u0161kodila a setrv\u00e1v\u00e1 na l\u017ei. Darja Duginov\u00e1 nikdy ne\u0159ekla o Ukrajinc\u00edch, \u017ee jsou podlid\u00e9, ale \u0159ekla o v\u00e1le\u010dn\u00fdch zlo\u010dinc\u00edch, \u017ee jsou nelid\u00e9 a \u017ee by zaslou\u017eili b\u00fdt souzeni u tribun\u00e1lu. Je naprostou l\u017e\u00ed, \u017ee by \u0159ekla, \u017ee by si p\u0159\u00e1la jejich vyhlazen\u00ed. Pan\u00ed ministryn\u011b p\u0159evzala hoax, le\u017e, kter\u00e1 byla \u0161\u00ed\u0159en\u00e1 na twitteru a je\u0161t\u011b t\u00edm ospravedl\u0148uje sv\u00e9 skand\u00e1ln\u00ed jedn\u00e1n\u00ed. Touto cestou bych ji cht\u011bl znovu vyzvat, a\u0165 dolo\u017e\u00ed, \u017ee Darja Duginov\u00e1 \u0159ekla o v\u0161ech Ukrajinc\u00edch, \u017ee jsou to podlid\u00e9 a a\u0165 dolo\u017e\u00ed, \u017ee \u0159ekla, \u017ee si p\u0159eje jejich vyhlazen\u00ed a smrt. Nebo a\u0165 odstoup\u00ed, proto\u017ee lhala a \u0161\u00ed\u0159ila nepravdiv\u00e9 informace.<\/p>\n<p><strong>P\u0159edpokl\u00e1d\u00e1te, \u017ee bude na va\u0161i v\u00fdzvu n\u011bjak reagovat ministryn\u011b obrany nebo n\u011bkdo z ministerstva?<\/strong><\/p>\n<p>Ne. Ani neo\u010dek\u00e1v\u00e1m. Arogance sou\u010dasn\u00e9 vl\u00e1dy a speci\u00e1ln\u011b pan\u00ed ministryn\u011b obrany dosahuje nebesk\u00fdch v\u00fd\u0161in. Nezn\u00e1m arogantn\u011bj\u0161\u00edho \u010dlov\u011bka, ne\u017e je pan\u00ed \u010cernochov\u00e1. Kdy\u017e se snoub\u00ed arogance s hloupost\u00ed, je to smrteln\u00fd koktejl. Jsem naprosto \u0161okov\u00e1n t\u00edm, \u017ee m\u00e9dia z\u00e1sadn\u00edm zp\u016fsobem netla\u010d\u00ed na pan\u00ed \u010cernochovou, aby se bu\u010f omluvila, nebo odstoupila. Znovu \u0159\u00edk\u00e1m, \u00fatok na Darju Duginovou odsoudily Spojen\u00e9 st\u00e1ty, Ukrajina, pape\u017e, \u00fapln\u011b v\u0161ichni. Jen my, jako civilizovan\u00e1 zem\u011b, jsme se \u00fasty pan\u00ed ministryn\u011b v podstat\u011b vyj\u00e1d\u0159ili, \u017ee je v\u0161echno v po\u0159\u00e1dku. To je \u0161\u00edlen\u00fdm lapsem v r\u00e1mci diplomacie. V\u0161echny st\u00e1ty sleduj\u00ed, co \u0159\u00edkaj\u00ed ministrov\u00e9 obrany a zahrani\u010d\u00ed. \u010cesk\u00e1 republika v tuto chv\u00edli utrp\u011bla obrovskou mezin\u00e1rodn\u00ed ostudu. Z\u00e1sadn\u00edm zp\u016fsobem to sni\u017euje n\u00e1\u0161 kredit a zvy\u0161uje obrovsk\u00fdm zp\u016fsobem bezpe\u010dnostn\u00ed riziko. Pokud za\u010dnete schvalovat terorismus, \u0159\u00edk\u00e1te si o to, aby se roz\u0161\u00ed\u0159il na va\u0161e \u00fazem\u00ed. To je n\u011bco, co nehodl\u00e1m akceptovat. Pokud by u n\u00e1s k n\u011b\u010demu takov\u00e9mu do\u0161lo, pan\u00ed ministryn\u011b za to ponese plnou odpov\u011bdnost. Ona si sv\u00fdm skand\u00e1ln\u00edm v\u00fdrokem o takov\u00e9 riziko \u0159\u00edk\u00e1.<\/p>\n<p><strong>Rusk\u00fd velvyslanec p\u0159i OSN Vasilij N\u011bbenzja v \u00fater\u00fd na zased\u00e1n\u00ed Rady bezpe\u010dnosti OSN obvinil \u010deskou ministryni obrany Janu \u010cernochovou z podpory terorismu. \u201eDne\u0161n\u00ed velvyslanec v OSN, kter\u00fd zastupuje dnes nejaktivn\u011bj\u0161\u00edho teroristu na sv\u011bt\u011b, co\u017e je rusk\u00fd st\u00e1t, kter\u00fd terorizuje miliony lid\u00ed na Ukrajin\u011b, nem\u00e1 v\u016fbec pr\u00e1vo takov\u00e9 hodnocen\u00ed \u0159\u00edci,\u201c uvedl k tomu ministr pr\u00e1ce a soci\u00e1ln\u00edch v\u011bci Marian Jure\u010dka. Jure\u010dka \u0159\u00edk\u00e1, \u017ee kdy\u017e se chovaj\u00ed jako terorist\u00e9, nemohou se Rusov\u00e9 divit, \u017ee p\u0159ich\u00e1zej\u00ed i tyto reakce. Co vy na to?<\/strong><\/p>\n<p>Pletou se dojmy s pojmy. Terorismus je \u00fatok na civiln\u00ed obyvatelstvo v m\u00edst\u011b, kde se nev\u00e1l\u010d\u00ed. Kdy\u017e to n\u011bkdo sm\u011b\u0161uje nap\u0159\u00edklad s atent\u00e1tem na Reinharda Heydricha? Reinhard Heydrich byl protektor T\u0159et\u00ed \u0159\u00ed\u0161e u n\u00e1s v \u010cesk\u00e9 republice a voj\u00e1k, Darja Duginov\u00e1 byla \u017eurnalistka. Jestli za\u010dneme zab\u00edjet novin\u00e1\u0159e za to, \u017ee p\u00ed\u0161\u00ed n\u011bco, co se n\u00e1m nel\u00edb\u00ed, tak ka\u017ed\u00fd soudn\u00fd \u010dlov\u011bk mus\u00ed vid\u011bt, \u017ee je to otev\u0159en\u00ed Pando\u0159iny sk\u0159\u00ed\u0148ky. Neexistuje st\u00e1t, kter\u00fd by se vyj\u00e1d\u0159il podobn\u00fdm zp\u016fsobem. Reakce pana Jure\u010dky a dal\u0161\u00edch mi p\u0159ipom\u00edn\u00e1 \u0161estilet\u00e9ho chlapce, kter\u00fd rozbije kamenem okno a m\u00edsto toho, aby se p\u0159iznal a \u0159ekl: Rozbil jsem okno, ud\u011blal jsem chybu, omlouv\u00e1m se, \u0159\u00edk\u00e1, \u017ee Pepa m\u011b nem\u00e1 za co kritizovat, proto\u017ee Pepa rozbil okno tak\u00e9. D\u011btinsk\u00e9, hloup\u00e9, naivn\u00ed a nen\u00ed to v\u016fbec d\u016fstojn\u00e9 z hlediska reprezentace na\u0161\u00ed zem\u011b.<\/p>\n<p><strong>Ocituji v\u00e1m je\u0161t\u011b jednu v\u011btu, kter\u00e1 se t\u00fdk\u00e1 vyj\u00e1d\u0159en\u00ed rusk\u00e9ho velvyslance. \u201eTato vyj\u00e1d\u0159en\u00ed jsou sou\u010d\u00e1st\u00ed informa\u010dn\u00ed a hybridn\u00ed v\u00e1lky, kterou s n\u00e1mi Rusko vede ji\u017e dlouhou dobu,\u201c poznamenala ministryn\u011b pro v\u011bdu, v\u00fdzkum a inovace Helena Lang\u0161\u00e1dlov\u00e1\u2026<\/strong><\/p>\n<p>O pan\u00ed Lang\u0161\u00e1dlov\u00e9 jsem sly\u0161el poprv\u00e9, od t\u00e9 doby, co je ve vl\u00e1d\u011b. Realita je, \u017ee se jedn\u00e1 o teroristick\u00fd \u00fatok. \u017de jej Rusko odsoudilo, je jasn\u00e9. Ale odsoudili ho v\u0161ichni ostatn\u00ed. V\u0161ichni na sv\u011bt\u011b, kdo maj\u00ed jen trochu rozum, uzn\u00e1vaj\u00ed, \u017ee se jedn\u00e1 o teroristick\u00fd \u00fatok a ten nelze nikde na sv\u011bt\u011b schvalovat. Terorismus nem\u016f\u017ee b\u00fdt uzn\u00e1n jako prost\u0159edek legitimn\u00edho boje a prosazov\u00e1n\u00ed jak\u00e9koli agendy. To, co p\u0159edv\u00e1d\u00ed na\u0161e politick\u00e1 reprezentace, je ostudou mezin\u00e1rodn\u00edho kalibru. Pan\u00ed \u010cernochov\u00e1 se ve sv\u00e9m v\u00fdlevu na twitteru jednozna\u010dn\u011b utrhla a m\u00edsto toho, aby se omluvila, sna\u017e\u00ed se ona i jej\u00ed kolegov\u00e9 ve vl\u00e1d\u011b ukazovat prstem na Rusko. Realita je takov\u00e1, \u017ee v\u016fbec nejde o Rusko. Teroristick\u00fd akt odsoudily v\u0161echny st\u00e1ty krom\u011b \u010cesk\u00e9 republiky. T\u00edm jsme se dostali na \u00farove\u0148 Mosambiku, proto\u017ee nikdy nem\u016f\u017eeme schvalovat terorismus jako legitimn\u00ed prost\u0159edek boje a prosazov\u00e1n\u00ed jak\u00e9koli agendy.<\/p>\n<p><strong>Za vra\u017edou Darji Duginov\u00e9 je rusk\u00e1 tajn\u00e1 slu\u017eba FSB, ukrajinsk\u00e9 zpravodajsk\u00e9 slu\u017eby takto nepracuj\u00ed, uvedl tajemn\u00edk ukrajinsk\u00e9 bezpe\u010dnostn\u00ed rady Oleksij Danilov. Do jak\u00e9 m\u00edry tato informace, kter\u00e1 pro\u0161la m\u00e9dii, m\u011bn\u00ed situaci?<\/strong><\/p>\n<p>Sklapla past nad v\u0161emi, kte\u0159\u00ed \u00fatok schvalovali. Te\u010f mus\u00ed \u0159\u00edct, \u017ee bu\u010f Ukrajinci l\u017eou, to je jedna varianta, nebo \u017ee schv\u00e1lili \u00fatok FSB, to je druh\u00e1 varianta. Moje prvn\u00ed teze je, \u017ee v\u0161ichni, kdo schv\u00e1lili \u00fatok v\u010detn\u011b pan\u00ed \u010cernochov\u00e9, by \u0159ekli, jestli Ukrajinci l\u017eou, nebo jestli se radovali nad t\u00edm, \u017ee FSB zabila oponenta Putinova re\u017eimu. Teze \u010d\u00edslo dva je, \u017ee ve zpravodajsk\u00fdch hr\u00e1ch nikdy nem\u016f\u017eete spolehliv\u011b \u0159\u00edct, kdo to ud\u011blal. Nikdy. Ka\u017ed\u00e1 zpravodajsk\u00e1 slu\u017eba se to bude sna\u017eit hodit na toho druh\u00e9ho. Realita je takov\u00e1, \u017ee a\u0165 u\u017e to ud\u011blal kdokoliv, nen\u00ed mo\u017en\u00e9 takov\u00fd \u00fatok schvalovat a v \u017e\u00e1dn\u00e9m p\u0159\u00edpad\u011b vyj\u00e1d\u0159it nel\u00edtost nad \u00fatokem. Je nezbytn\u00e9 jasn\u011b, otev\u0159en\u011b a tvrd\u011b ka\u017ed\u00fd teroristick\u00fd \u00fatok kdekoliv na sv\u011bt\u011b jasn\u011b odsoudit. Pokud to neud\u011bl\u00e1te, pak se u\u017e jako zem\u011b vy\u0159azujete z okruhu civilizovan\u00fdch zem\u00ed. Je to mezin\u00e1rodn\u00ed ostuda, kterou vn\u00edmaj\u00ed v\u0161echny st\u00e1ty. \u010cesk\u00e1 republika m\u00e1 z ostudy kab\u00e1t d\u00edky pan\u00ed \u010cernochov\u00e9. Zd\u016fraz\u0148uji, \u017ee lhala p\u0159i ospravedl\u0148ov\u00e1n\u00ed sv\u00e9ho v\u00fdroku. Darja Duginov\u00e1 nikdy ne\u0159ekla o Ukrajinc\u00edch, obecn\u011b o n\u00e1rodu, \u017ee jsou podlid\u00e9, vyj\u00e1d\u0159ila se o t\u011bch, kte\u0159\u00ed p\u00e1chaj\u00ed v\u00e1le\u010dn\u00e9 zlo\u010diny, \u017ee jsou nelid\u00e9 a nikdy ne\u0159ekla, \u017ee si p\u0159eje vyhlazen\u00ed v\u0161ech Ukrajinc\u016f. To je le\u017e. Pan\u00ed \u010cernochov\u00e1 lhala a politik, kter\u00fd l\u017ee, by m\u011bl odstoupit. Bu\u010f a\u0165 prok\u00e1\u017ee, \u017ee to, co \u0159\u00edkala je pravda, nebo a\u0165 okam\u017eit\u011b odstoup\u00ed, proto\u017ee lhala.<\/p>\n<p><strong>Odkud vy \u010derp\u00e1te informace, kdy\u017e tvrd\u00edte, \u017ee pan\u00ed ministryn\u011b l\u017ee?<\/strong><\/p>\n<p>Jednak jsem si na\u0161el celou report\u00e1\u017e, kde Darja Duginov\u00e1 hovo\u0159\u00ed o v\u00e1le\u010dn\u00fdch zlo\u010dinech, kter\u00e9 byly p\u00e1ch\u00e1ny na \u00fazem\u00ed Ukrajiny, v Mariupolu atp. Pou\u017eila v\u00fdrok nelid\u00e9 nikoli podlid\u00e9, to je podstatn\u00fd rozd\u00edl a nepou\u017eila to ve vztahu k cel\u00e9mu ukrajinsk\u00e9mu n\u00e1rodu, ale ke konkr\u00e9tn\u00edm pachatel\u016fm v\u00e1le\u010dn\u00fdch zv\u011brstvech. Co se t\u00fdk\u00e1 toho, \u017ee by si p\u0159\u00e1la vyhlazen\u00ed v\u0161ech Ukrajinc\u016f, to byla informace, kter\u00e1 se objevila na twitteru od jedn\u00e9 ukrajinsk\u00e9 propagandistick\u00e9 skupiny a pot\u00e9, co se uk\u00e1zalo, \u017ee to nen\u00ed pravda, skupina ji smazala. Pan\u00ed \u010cernochov\u00e1 \u0161\u00ed\u0159\u00ed nepravdu a le\u017e, aby ospravedlnila sv\u016fj skand\u00e1ln\u00ed v\u00fdrok. Znovu \u0159\u00edk\u00e1m, \u017ee je to d\u011btinsk\u00e9, ned\u016fstojn\u00e9 a takov\u00fd \u010dlov\u011bk by nem\u011bl b\u00fdt v takto vysok\u00e9 politick\u00e9 funkci ani minutu.<\/p>\n<p><a href=\"https:\/\/bit.ly\/3QRv4QB\">ZDROJ<\/a><\/p>\n<p><img decoding=\"async\" loading=\"lazy\" class=\"wp-image-11759 aligncenter\" src=\"http:\/\/www.infokuryr.cz\/n\/wp-content\/uploads\/2022\/06\/Jindrich-Raich-PRO-300x170.png\" alt=\"\" width=\"434\" height=\"246\" srcset=\"https:\/\/www.infokuryr.cz\/n\/wp-content\/uploads\/2022\/06\/Jindrich-Raich-PRO-300x170.png 300w, https:\/\/www.infokuryr.cz\/n\/wp-content\/uploads\/2022\/06\/Jindrich-Raich-PRO-768x435.png 768w, https:\/\/www.infokuryr.cz\/n\/wp-content\/uploads\/2022\/06\/Jindrich-Raich-PRO.png 777w\" sizes=\"(max-width: 434px) 100vw, 434px\" \/><\/p>\n<p>&nbsp;<\/p>\n<p>&nbsp;<\/p>\n","protected":false},"excerpt":{"rendered":"<p>Advok\u00e1t a p\u0159edseda strany PRO upozor\u0148uje, \u017ee ministryn\u011b Jana \u010cernochov\u00e1 ud\u011blala botu nikoliv lok\u00e1ln\u00edho, ale&#8230;<\/p>\n","protected":false},"author":2,"featured_media":14175,"comment_status":"closed","ping_status":"closed","sticky":false,"template":"","format":"standard","meta":[],"categories":[6],"tags":[2854,2992,2663,1052],"_links":{"self":[{"href":"https:\/\/www.infokuryr.cz\/n\/wp-json\/wp\/v2\/posts\/14174"}],"collection":[{"href":"https:\/\/www.infokuryr.cz\/n\/wp-json\/wp\/v2\/posts"}],"about":[{"href":"https:\/\/www.infokuryr.cz\/n\/wp-json\/wp\/v2\/types\/post"}],"author":[{"embeddable":true,"href":"https:\/\/www.infokuryr.cz\/n\/wp-json\/wp\/v2\/users\/2"}],"replies":[{"embeddable":true,"href":"https:\/\/www.infokuryr.cz\/n\/wp-json\/wp\/v2\/comments?post=14174"}],"version-history":[{"count":0,"href":"https:\/\/www.infokuryr.cz\/n\/wp-json\/wp\/v2\/posts\/14174\/revisions"}],"wp:featuredmedia":[{"embeddable":true,"href":"https:\/\/www.infokuryr.cz\/n\/wp-json\/wp\/v2\/media\/14175"}],"wp:attachment":[{"href":"https:\/\/www.infokuryr.cz\/n\/wp-json\/wp\/v2\/media?parent=14174"}],"wp:term":[{"taxonomy":"category","embeddable":true,"href":"https:\/\/www.infokuryr.cz\/n\/wp-json\/wp\/v2\/categories?post=14174"},{"taxonomy":"post_tag","embeddable":true,"href":"https:\/\/www.infokuryr.cz\/n\/wp-json\/wp\/v2\/tags?post=14174"}],"curies":[{"name":"wp","href":"https:\/\/api.w.org\/{rel}","templated":true}]}}