{"id":14169,"date":"2022-08-27T03:59:29","date_gmt":"2022-08-27T01:59:29","guid":{"rendered":"http:\/\/www.infokuryr.cz\/n\/?p=14169"},"modified":"2022-08-27T03:59:29","modified_gmt":"2022-08-27T01:59:29","slug":"jen-par-dni-po-21-srpnu-se-na-ceske-wikipedii-rozhorela-valka-o-prepisovani-historie","status":"publish","type":"post","link":"https:\/\/www.infokuryr.cz\/n\/2022\/08\/27\/jen-par-dni-po-21-srpnu-se-na-ceske-wikipedii-rozhorela-valka-o-prepisovani-historie\/","title":{"rendered":"Jen p\u00e1r dn\u00ed po 21. srpnu se na \u010desk\u00e9 Wikipedii rozho\u0159ela v\u00e1lka o p\u0159episov\u00e1n\u00ed historie&#8230;"},"content":{"rendered":"<div id=\"fb-root\"><\/div>\n<h4>Jen p\u00e1r dn\u00ed po 21. srpnu se na \u010desk\u00e9 Wikipedii rozho\u0159ela v\u00e1lka o p\u0159episov\u00e1n\u00ed historie ve snaze ud\u011blat z Ukrajince Leonida Bre\u017en\u011bva rodil\u00e9ho Rusa! Nejprve m\u011bl n\u00e1rodnost ukrajinskou i ruskou, potom z n\u011bj ud\u011blali rusk\u00e9ho Ukrajince a po posledn\u00ed zm\u011bn\u011b se z Bre\u017en\u011bva stal Rus! A pro\u010d to p\u0159episov\u00e1n\u00ed? Proto\u017ee v roce 1968 invazi do \u010cSSR odhlasovalo Nejvy\u0161\u0161\u00ed politbyro \u00daV KSSS ovl\u00e1dan\u00e9 7 Ukrajinci a pouze jedin\u00fd Rus byl proti! A tahle fakta neskute\u010dn\u011b vad\u00ed sou\u010dasn\u00e9 Fialov\u011b vl\u00e1d\u011b a jej\u00edm p\u0159episova\u010d\u016fm u\u010debnic a historie! A k tomu Ukrajina vyd\u00e1v\u00e1 fotky zavra\u017ed\u011bn\u00fdch d\u011bt\u00ed z Beslanu za zabit\u00e9 rusk\u00e9 voj\u00e1ky v Rostov\u011b na Donu!<\/h4>\n<p>V posledn\u00edch n\u011bkolika hodin\u00e1ch se na \u010desk\u00e9 Wikipedii za\u010dala odehr\u00e1vat neuv\u011b\u0159iteln\u00e1 mela.\u00a0<strong>Skupinka \u010desk\u00fdch aktivist\u016f podporuj\u00edc\u00edch Ukrajinu se sna\u017e\u00ed p\u0159epsat [<a href=\"https:\/\/href.li\/?https:\/\/cs.wikipedia.org\/w\/index.php?title=Leonid_Ilji%C4%8D_Bre%C5%BEn%C4%9Bv&amp;action=history\" target=\"_blank\" rel=\"nofollow noopener\">1<\/a>] historickou linku v profilu b\u00fdval\u00e9ho gener\u00e1ln\u00edho tajemn\u00edka \u00dast\u0159edn\u00edho v\u00fdboru Komunistick\u00e9 strany Sov\u011btsk\u00e9ho svazu, p\u0159edsedy prez\u00eddia Nejvy\u0161\u0161\u00edho Sov\u011btu a \u010dlena Nejvy\u0161\u0161\u00edho politbyra \u00daV KSSS Leonida Ilji\u010de Bre\u017en\u011bva a cht\u011bj\u00ed z n\u011bho ud\u011blat Rusa.<\/strong><\/p>\n<p>\u010cesk\u00e1 verze Wikipedie se toti\u017e sna\u017e\u00ed neust\u00e1le p\u0159episovat a redefinovat Bre\u017en\u011bvovu n\u00e1rodnost. Podle internetov\u00e9ho archivu tato snaha sah\u00e1 zp\u00e1tky a\u017e do roku 2017, kdy se na Wikipedii uv\u00e1d\u011blo\u00a0<strong>[<a href=\"https:\/\/href.li\/?https:\/\/web.archive.org\/web\/20170103065347\/https:\/\/cs.wikipedia.org\/wiki\/Leonid_Ilji%C4%8D_Bre%C5%BEn%C4%9Bv\" target=\"_blank\" rel=\"nofollow noopener\">2<\/a>],<\/strong>\u00a0\u017ee Bre\u017en\u011bv m\u011bl ukrajinskou a ruskou n\u00e1rodnost sou\u010dasn\u011b. V roce 2018 na \u010desk\u00e9 Wikipedii u\u017e bylo uvedeno\u00a0<strong>[<a href=\"https:\/\/href.li\/?https:\/\/web.archive.org\/web\/20181008082653\/https:\/\/cs.wikipedia.org\/wiki\/Leonid_Ilji%C4%8D_Bre%C5%BEn%C4%9Bv\" target=\"_blank\" rel=\"nofollow noopener\">3<\/a>]<\/strong>, \u017ee Bre\u017en\u011bv byl \u201c<em>rusk\u00fd Ukrajinec<\/em>\u201d a v p\u00e1tek do\u0161lo k dal\u0161\u00edmu posunu a Bre\u017en\u011bv se stal Rusem.<\/p>\n<figure id=\"attachment_52948\" class=\"wp-caption aligncenter\" style=\"width: 733px;\"><a href=\"https:\/\/aeronet.news\/wp-content\/uploads\/Brezhnev_LI_Pasport_1947.jpg\"><img decoding=\"async\" loading=\"lazy\" class=\"wp-image-52948 \" src=\"https:\/\/aeronet.news\/wp-content\/uploads\/Brezhnev_LI_Pasport_1947.jpg\" sizes=\"(max-width: 747px) 100vw, 747px\" srcset=\"https:\/\/aeronet.news\/wp-content\/uploads\/Brezhnev_LI_Pasport_1947.jpg 747w, https:\/\/aeronet.news\/wp-content\/uploads\/Brezhnev_LI_Pasport_1947-300x220.jpg 300w, https:\/\/aeronet.news\/wp-content\/uploads\/Brezhnev_LI_Pasport_1947-700x514.jpg 700w, https:\/\/aeronet.news\/wp-content\/uploads\/Brezhnev_LI_Pasport_1947-487x357.jpg 487w, https:\/\/aeronet.news\/wp-content\/uploads\/Brezhnev_LI_Pasport_1947-658x483.jpg 658w\" alt=\"\" width=\"733\" height=\"538\" \/><\/a><figcaption class=\"wp-caption-text\">Bre\u017en\u011bv\u016fv cestovn\u00ed pas z roku 1947 jasn\u011b uv\u00e1d\u00ed jeho n\u00e1rodnost jako \u201cukrajinskou\u201d<\/figcaption><\/figure>\n<p>\u010c\u00e1st editor\u016f Wikipedie s t\u00edmto nesouhlas\u00ed a za\u010dalo maz\u00e1n\u00ed a p\u0159episov\u00e1n\u00ed tam a zp\u00e1tky, po\u0159\u00e1d dokola, a\u017e musela zas\u00e1hnout nad\u0159\u00edzen\u00e9 pobo\u010dka Wikipedie z Dublinu, tzv. administrativn\u00ed dozor. Leonid Bre\u017en\u011bv se narodil ve m\u011bst\u011b Kamenskoje v Carsk\u00e9m Rusku a po bol\u0161evick\u00e9 revoluci v roce 1917 a po \u00fazemn\u00edch reform\u00e1ch bylo Kamenskoje za\u010dlen\u011bno do nov\u011b utvo\u0159en\u00e9 Ukrajiny.<\/p>\n<p><a href=\"https:\/\/aeronet.news\/wp-content\/uploads\/BreznevCZwiki.jpg\"><img decoding=\"async\" loading=\"lazy\" class=\"size-full wp-image-52942 aligncenter\" src=\"https:\/\/aeronet.news\/wp-content\/uploads\/BreznevCZwiki.jpg\" sizes=\"(max-width: 700px) 100vw, 700px\" srcset=\"https:\/\/aeronet.news\/wp-content\/uploads\/BreznevCZwiki.jpg 700w, https:\/\/aeronet.news\/wp-content\/uploads\/BreznevCZwiki-300x278.jpg 300w, https:\/\/aeronet.news\/wp-content\/uploads\/BreznevCZwiki-385x357.jpg 385w, https:\/\/aeronet.news\/wp-content\/uploads\/BreznevCZwiki-521x483.jpg 521w\" alt=\"\" width=\"700\" height=\"649\" \/><\/a><\/p>\n<p>Mluvit o n\u00e1rodnosti v horizontu Sov\u011btsk\u00e9ho svazu je opravdu problematick\u00e9 z pohledu hranic svazov\u00fdch republik, proto\u017ee ty se v dob\u00e1ch SSSR m\u011bnily a nap\u0159. a\u017e do roku 1954 v dob\u00e1ch SSSR pat\u0159il Krym Rusk\u00e9 svazov\u00e9 republice a kdokoliv se narodil na Krymu, mohl by o sob\u011b \u0159\u00edct, \u017ee m\u00e1 ruskou n\u00e1rodnost. Po roce 1954 u\u017e by mohl ale \u0159\u00edct, \u017ee m\u00e1 n\u00e1rodnost ukrajinskou? To jako fakt? Vypad\u00e1 to, \u017ee ot\u00e1zka n\u00e1rodnosti Bre\u017en\u011bva p\u0159edstavuje pro liber\u00e1ly v \u010cR opravdu velk\u00fd probl\u00e9m.<\/p>\n<h6><span style=\"font-size: 18pt;\">Bre\u017en\u011bv byl kovan\u00fd Ukrajinec, proto\u017ee cel\u00fd \u017eivot mluvil ukrajinsk\u00fdm\u00a0<em>sur\u017eykem<\/em>\u00a0a tup\u00ed mlad\u00edci z Wikipedie tu dobu nepamatuj\u00ed<\/span><\/h6>\n<p>V roce 1947 nahl\u00e1sil Leonid Bre\u017en\u011bv do sv\u00e9ho cestovn\u00edho pasu, \u017ee m\u00e1 ukrajinskou n\u00e1rodnost. Hlavn\u00edm vod\u00edtkem pro potvrzen\u00ed toho, \u017ee byl opravdu n\u00e1rodnost\u00ed Ukrajinec, je jeho jazyk, kter\u00fdm mluvil. Bre\u017en\u011bv toti\u017e p\u0159i mluven\u00e9 \u0159e\u010di pou\u017e\u00edval\u00a0<em>sur\u017eyk<\/em>, tedy ukrajinskou ru\u0161tinu, kterou se mluv\u00ed pouze na Ukrajin\u011b a nikde jinde na sv\u011bt\u011b. Pokud mluv\u00edte rusky anebo v minulosti jste se u\u010dili rusky a ovl\u00e1d\u00e1te alespo\u0148 z\u00e1klady, okam\u017eit\u011b\u00a0<em>sur\u017eyk<\/em>\u00a0pozn\u00e1te podle divn\u00e9ho ne-rusk\u00e9ho akcentu.<\/p>\n<p>Je charakterizovan\u00fd obloukov\u00fdmi koncovkami hl\u00e1sek na p\u0159echodech kch, ch, vch, chj, chl, kter\u00e9 mohou p\u0159ipom\u00ednat lehk\u00e9 \u0161i\u0161l\u00e1n\u00ed nebo chropt\u011bn\u00ed (chochol) patrn\u00e9 hlavn\u011b u hl\u00e1sek p\u0159ed \u0428, \u0416 a\u00a0\u0429, kter\u00e9 v ru\u0161tin\u011b se \u010dtou jasn\u011b a zn\u011ble jako \u201c\u0161\u201d, \u201c\u017e\u201d a \u201c\u0161\u010d\u201d, zat\u00edmco sur\u017eyk v\u0161echny tyto hl\u00e1sky rozpl\u00fdv\u00e1 do \u0161i\u0161lav\u00e9ho \u201cch\u0161\u201d.\u00a0<strong>Bre\u017en\u011bv\u016fv ukrajinsk\u00fd\u00a0<em>sur\u017eyk<\/em>\u00a0byl naprosto u\u010debnicov\u00fd a uk\u00e1zkov\u00fd, co\u017e jasn\u011b potvrzovalo, jakou m\u00e1 n\u00e1rodnost, tedy ukrajinskou.<\/strong>\u00a0N\u00e1rodnost je definov\u00e1na jazykem, zat\u00edmco st\u00e1tn\u00ed p\u0159\u00edslu\u0161nost je definov\u00e1na ob\u010dansk\u00fdm pr\u016fkazem \u010di pasem. Mluv\u00ed\u0161-li \u010desky, jsi \u010cech a m\u016f\u017ee\u0161 si napsat n\u00e1rodnost \u010deskou. Slovo\u00a0<em>n\u00e1rodnost<\/em>\u00a0ozna\u010duje, k jak\u00e9mu n\u00e1rodu \u010dlov\u011bk p\u0159\u00edslu\u0161\u00ed, nikoliv, kde se narod\u00ed.<\/p>\n<p><iframe loading=\"lazy\" title=\"\u041d\u0435\u0438\u0437\u0432\u0435\u0441\u0442\u043d\u0430\u044f \u0440\u0435\u0447\u044c \u0411\u0440\u0435\u0436\u043d\u0435\u0432\u0430 \u043d\u0430 \u0437\u0430\u043a\u0440\u044b\u0442\u043e\u043c \u0437\u0430\u0441\u0435\u0434\u0430\u043d\u0438\u0438 \u0441\u044a\u0435\u0437\u0434\u0430 \u041a\u041f\u0421\u0421\" src=\"https:\/\/www.youtube.com\/embed\/atUdNElKtMc?feature=oembed\" width=\"100%\" height=\"394\" frameborder=\"0\" allowfullscreen=\"allowfullscreen\" data-mce-fragment=\"1\"><\/iframe><\/p>\n<p>Toto se velmi \u010dasto zam\u011b\u0148uje p\u0159edev\u0161\u00edm v \u010desk\u00fdch re\u00e1li\u00edch, kde mnoho lid\u00ed nezn\u00e1 rozd\u00edl mezi n\u00e1rodnost\u00ed a st\u00e1tn\u00ed p\u0159\u00edslu\u0161nost\u00ed. Kdy\u017e mluv\u00ed\u0161 polsky a narodil jsi se \u010desk\u00fdm rodi\u010d\u016fm v \u010cech\u00e1ch, m\u00e1\u0161 n\u00e1rodnost polskou a st\u00e1tn\u00ed ob\u010danstv\u00ed \u010cesk\u00e9 republiky.<strong>\u00a0Jazyk je podle Charty OSN ur\u010duj\u00edc\u00edm faktorem pro ur\u010den\u00ed n\u00e1rodnosti jedince. Zapamatovat!<\/strong>\u00a0To je p\u0159edev\u0161\u00edm k\u00e1ranec a fl\u00e1kanec pro ty mameluky na \u010desk\u00e9 Wikipedii. Nikoliv m\u00edsto narozen\u00ed, ale jazyk ur\u010duje n\u00e1rodnost! Bre\u017en\u011bv sice v roce 1977 ve sv\u00e9 knize memo\u00e1r\u016f prohl\u00e1sil, \u017ee se hl\u00e1s\u00ed k rusk\u00e9 n\u00e1rodnosti, ale to nem\u00e1 pr\u00e1vn\u00ed vliv a ani dopad. To je stejn\u00e9, jako kdy\u017e jste \u010cech, mluv\u00edte \u010desky, ale do s\u010d\u00edtac\u00edho formul\u00e1\u0159e nap\u00ed\u0161ete, \u017ee m\u00e1te n\u00e1rodnost n\u011bmeckou. Pokud nemluv\u00edte od mala n\u011bmecky, je to chucpe a dezinformace.<\/p>\n<p>Hl\u00e1s\u00edte se t\u00edm k jin\u00e9mu n\u00e1rodu, ne\u017e k tomu, mezi kter\u00fdm jste s jeho jazykem vyr\u016fstali a \u017eili. Bre\u017en\u011bv o sob\u011b mohl 1000x do memo\u00e1r\u016f ps\u00e1t, \u017ee m\u00e1 ruskou n\u00e1rodnost, ale t\u011b\u017eko mohl zakr\u00fdt sv\u016fj ukrajinsk\u00fd jazyk\u00a0<em>sur\u017eyk<\/em>, kter\u00fd byl p\u0159edm\u011btem rusk\u00fdch vtip\u016f v dob\u00e1ch jeho vl\u00e1dy. Jeden z t\u011bch vtip\u016f zn\u011bl: \u201c<em>V\u00ed\u0161, jak se sm\u011bje Bre\u017en\u011bv? -Ne, nev\u00edm. -Bre\u017en\u011bv se sm\u011bje Chochochochochollllll!<\/em>\u201d Tenhle vtip \u010ce\u0161i nepochop\u00ed, ale Rusov\u00e9 se u toho t\u0159\u00edskali sm\u00edchem, proto\u017ee to byl trefn\u00fd popis Ukrajince Bre\u017en\u011bva. V ru\u0161tin\u011b je \u201c<em>chochol<\/em>\u201d krom\u011b jin\u00e9ho i nad\u00e1vka na Ukrajince, ale hlavn\u00edm motivem tohoto ozna\u010den\u00ed je pro Rusy sm\u011b\u0161n\u00e9 a legra\u010dn\u00ed \u0161i\u0161l\u00e1n\u00ed a chrocht\u00e1n\u00ed s hl\u00e1skami \u201cch\u201d a \u201c\u0161\u201d.<\/p>\n<h6><span style=\"font-size: 18pt;\">Invazi do \u010ceskoslovenska na\u0159\u00eddilo Nejvy\u0161\u0161\u00ed politbyro \u00daV KSSS ovl\u00e1dan\u00e9 7 Ukrajinci, kte\u0159\u00ed invazi prosadili<\/span><\/h6>\n<p>Dne 18. srpna 1968 prob\u011bhlo v Moskv\u011b zased\u00e1n\u00ed Politbyra Nejvy\u0161\u0161\u00edho sov\u011btu, kter\u00e9ho se z\u00fa\u010dastnilo dvan\u00e1ct \u010dlen\u016f politbyra, v\u010detn\u011b Bre\u017en\u011bva a po kr\u00e1tk\u00e9m zhodnocen\u00ed situace v \u010ceskoslovensku se hlasovalo o invazi. Hlasov\u00e1n\u00ed dopadlo 10:2 ve prosp\u011bch invaze. A te\u010f dob\u0159e poslouchejte.\u00a0<strong>Z t\u011bch 10 hlas\u016f\u00a0pro invazi do \u010ceskoslovenska jich 7 bylo Ukrajinc\u016f, v\u010detn\u011b Bre\u017en\u011bva.\u00a0Zb\u00fdvaj\u00edc\u00ed 3 z t\u011bch 10 byli B\u011blorus, Kyrgyz a Kazach. Jedin\u00fd, kdo hlasoval proti, byl Rus! A Litevec se zdr\u017eel hlasov\u00e1n\u00ed! Tak\u017ee v\u00fdsledek 10:2 na konci hlasov\u00e1n\u00ed.<\/strong><\/p>\n<p>A tato fakta neskute\u010dn\u011b \u0161tvou \u010desk\u00e9 p\u0159episova\u010de d\u011bjin, neoliber\u00e1ly a lidi okolo \u010desk\u00e9 BIS, kte\u0159\u00ed n\u011bjak\u00fd ten p\u00e1tek zp\u00e1tky, konkr\u00e9tn\u011b v roce 2019, vyz\u00fdvali\u00a0<strong>[<a href=\"https:\/\/aeronet.news\/reditel-bis-se-sesel-s-lidmi-z-ministerstva-skolstvi-civilni-rozvedka-chce-zmenit-skolni-ucebnice-cuckari-budou-ministrovi-skolstvi-radit-ktere-veci-a-historicke-udalosti-maji-zmizet-z-ucebnic\/\">4<\/a>]<\/strong>\u00a0k p\u0159episov\u00e1n\u00ed \u010desk\u00fdch u\u010debnic d\u011bjepisu, \u010desk\u00e9ho jazyka a literatury, \u017ee pr\u00fd je tam p\u0159\u00edli\u0161 mnoho rusk\u00e9ho vlivu. Proto se skupina p\u0159episova\u010d\u016f historie vrhla na \u010deskou Wikipedii a cht\u011bj\u00ed z Ukrajince jako poleno Bre\u017en\u011bva ud\u011blat Rusa, kter\u00fd ale nikdy rusky nemluvil, proto\u017ee mluvil sur\u017eykem! No to je g\u00f3l! Tupost liber\u00e1l\u016f v \u010cR p\u0159esahuje v\u0161echny meze. Liber\u00e1lov\u00e9 toti\u017e v\u00ed, \u017ee invazi do \u010ceskoslovenska prohlasovalo v politbyru \u00daV KSSS v\u0161ech 7 Ukrajinc\u016f a jedin\u00fd Rus, kter\u00fd tam byl, tak ten byl proti invazi. A tohle prost\u011b \u010du\u010dka\u0159\u016fm v \u010cR kaz\u00ed protirusk\u00fd narativ.<\/p>\n<p><a href=\"https:\/\/aeronet.news\/wp-content\/uploads\/PolitbyroBreznev.jpg\"><img decoding=\"async\" loading=\"lazy\" class=\"wp-image-52941 aligncenter\" src=\"https:\/\/aeronet.news\/wp-content\/uploads\/PolitbyroBreznev.jpg\" sizes=\"(max-width: 1280px) 100vw, 1280px\" srcset=\"https:\/\/aeronet.news\/wp-content\/uploads\/PolitbyroBreznev.jpg 1280w, https:\/\/aeronet.news\/wp-content\/uploads\/PolitbyroBreznev-300x169.jpg 300w, https:\/\/aeronet.news\/wp-content\/uploads\/PolitbyroBreznev-768x433.jpg 768w, https:\/\/aeronet.news\/wp-content\/uploads\/PolitbyroBreznev-1024x577.jpg 1024w, https:\/\/aeronet.news\/wp-content\/uploads\/PolitbyroBreznev-700x394.jpg 700w, https:\/\/aeronet.news\/wp-content\/uploads\/PolitbyroBreznev-634x357.jpg 634w, https:\/\/aeronet.news\/wp-content\/uploads\/PolitbyroBreznev-857x483.jpg 857w\" alt=\"\" width=\"980\" height=\"552\" \/><\/a><\/p>\n<p>Invazi do \u010ceskoslovenska tak \u0159\u00eddilo ukrajinsk\u00e9 veden\u00ed Politbyra Nejvy\u0161\u0161\u00edho sov\u011btu, a t\u00edm to hasne a p\u0159es to nejede vlak! Kdokoliv za\u010dne na v\u00e1s vytahovat bl\u00e1boly o rusk\u00e9 invazi, tak mu vme\u0165te do o\u010d\u00ed fakta, \u017ee\u00a0<strong>v srpnu 1968 cel\u00e9 sov\u011btsk\u00e9 politbyro \u00daV v\u011bt\u0161inov\u011b ovl\u00e1dala ukrajinsk\u00e1 klaka, kter\u00e1 cel\u00e9 politbyro kontrolovala.<\/strong>\u00a0A pam\u011btn\u00edci si jist\u011b pamatuj\u00ed, jak se jen velmi t\u011b\u017eko um\u011bli s rusk\u00fdmi voj\u00e1ky domluvit, proto\u017ee oni nemluvili rusky, mluvili n\u011bjak divn\u011b. Pam\u011btn\u00edci si jist\u011b pamatuj\u00ed na nesrozumitelnou ru\u0161tinu.<\/p>\n<p>No, to nebyla ru\u0161tina. To byl ukrajinsk\u00fd sur\u017eyk jako kombinace ukrajin\u0161tiny a ru\u0161tiny v divn\u00e9m a \u0161i\u0161lav\u00e9m propojen\u00ed.\u00a0<strong>Tak\u017ee, ud\u011blat na \u010desk\u00e9 Wikipedii z Bre\u017en\u011bva Rusa je pro liber\u00e1ly cestou, jak p\u0159epsat historii a \u0159\u00edct, \u017ee invazi na\u0159\u00eddil Rus Bre\u017en\u011bv a hotovo.<\/strong>\u00a0P\u0159esn\u011b toto je c\u00edlem t\u011bchto edita\u010dn\u00edch v\u00e1lek na \u010desk\u00e9 Wikipedii. Pok\u0159ivit fakta a p\u0159evypr\u00e1v\u011bt si je podle zak\u00e1zky a politick\u00e9ho zad\u00e1n\u00ed proti Rusku. Manipulov\u00e1n\u00ed s histori\u00ed je dom\u00e9nou nejen \u010desk\u00fdch uhrovat\u00fdch ml\u00e1denc\u016f z Wikipedie, ale je to hlavn\u011b dom\u00e9na ukrajinsk\u00e9 junty.<\/p>\n<h6><span style=\"font-size: 18pt;\">Ukrajinsk\u00e1 junta zneu\u017eila fotografii zavra\u017ed\u011bn\u00fdch d\u011bt\u00ed z Beslanu a pytle s jejich t\u011bl\u00ed\u010dky ozna\u010dila za zabit\u00e9 rusk\u00e9 voj\u00e1ky odvezen\u00e9 k identifikaci do Rostova na Donu<\/span><\/h6>\n<p>Ta toti\u017e v p\u00e1tek za\u010dala na soci\u00e1ln\u00edch s\u00edt\u00edch \u0161\u00ed\u0159it haox a dezinformaci v podob\u011b fotografie, kter\u00e1 zachycuje stovky pytl\u016f s lidsk\u00fdmi t\u011bly na parkovi\u0161ti a podle ukrajinsk\u00fdch m\u00e9di\u00ed jsou to pr\u00fd mrtvoly rusk\u00fdch voj\u00e1k\u016f p\u0159evezen\u00fdch do rusk\u00e9ho Rostova na Donu k identifikaci. Jen\u017ee, jedn\u00e1 se o podvrh.\u00a0<strong>Fotografie toti\u017e poch\u00e1z\u00ed z roku 2002 a nezachycuje dosp\u011bl\u00e9 lidi, ale d\u011btsk\u00e9 ob\u011bti z masakru ve \u0161kole v Beslanu, kterou sp\u00e1chala teroristick\u00e1 jednotka na pokyn \u010de\u010densk\u00e9ho islamistick\u00e9ho v\u016fdce \u0160amila Basajeva<\/strong>, kter\u00e9ho podporovala americk\u00e1 administrativa, Madeleine Albright a CIA s c\u00edlem odtrhnout \u010ce\u010dnu od Ruska destabilizovat cel\u00fd Kavkaz.<\/p>\n<figure id=\"attachment_52946\" class=\"wp-caption alignnone\" style=\"width: 694px;\"><a href=\"https:\/\/aeronet.news\/wp-content\/uploads\/RostovFake2.jpg\"><img decoding=\"async\" loading=\"lazy\" class=\"wp-image-52946 \" src=\"https:\/\/aeronet.news\/wp-content\/uploads\/RostovFake2-1024x538.jpg\" sizes=\"(max-width: 700px) 100vw, 700px\" srcset=\"https:\/\/aeronet.news\/wp-content\/uploads\/RostovFake2-1024x538.jpg 1024w, https:\/\/aeronet.news\/wp-content\/uploads\/RostovFake2-300x158.jpg 300w, https:\/\/aeronet.news\/wp-content\/uploads\/RostovFake2-768x403.jpg 768w, https:\/\/aeronet.news\/wp-content\/uploads\/RostovFake2-700x368.jpg 700w, https:\/\/aeronet.news\/wp-content\/uploads\/RostovFake2-680x357.jpg 680w, https:\/\/aeronet.news\/wp-content\/uploads\/RostovFake2-920x483.jpg 920w, https:\/\/aeronet.news\/wp-content\/uploads\/RostovFake2.jpg 1200w\" alt=\"\" width=\"694\" height=\"365\" \/><\/a><figcaption class=\"wp-caption-text\">Dezinformace ukrajinsk\u00fdch m\u00e9di\u00ed<\/figcaption><\/figure>\n<p>Kyjev se nezdr\u00e1h\u00e1 zneu\u017e\u00edt fotky zavra\u017ed\u011bn\u00fdch d\u011bt\u00ed z Beslanu k \u0161\u00ed\u0159en\u00ed dezinformac\u00ed a hoax\u016f. To je po\u0159\u00e1d jako na b\u011b\u017e\u00edc\u00edm p\u00e1se. Nejprve Duch Kyjeva z po\u010d\u00edta\u010dov\u00e9 hry ARMA, potom nafingovan\u00e1 Bu\u010da a te\u010f pr\u00fd mrtv\u00ed ru\u0161t\u00ed voj\u00e1ci v Rostov\u011b. Ukrajina opravdu nem\u00e1 nic, co by mohla uk\u00e1zat, n\u011bjak\u00fd \u00fasp\u011bch, n\u011bjak\u00e9 skute\u010dn\u00e9 z\u00e1b\u011bry v\u00edt\u011bzstv\u00ed a vytla\u010den\u00ed Rusk\u00e9 arm\u00e1dy z n\u011bjak\u00e9ho strategick\u00e9ho m\u00edsta, prost\u011b nic takov\u00e9ho Kyjev nem\u00e1, a tak pou\u017e\u00edv\u00e1 podvr\u017een\u00e9 fotografie.<\/p>\n<figure id=\"attachment_52943\" class=\"wp-caption aligncenter\"><a href=\"https:\/\/aeronet.news\/wp-content\/uploads\/RostovFake.jpg\"><img decoding=\"async\" loading=\"lazy\" class=\"wp-image-52943 size-full\" src=\"https:\/\/aeronet.news\/wp-content\/uploads\/RostovFake.jpg\" sizes=\"(max-width: 700px) 100vw, 700px\" srcset=\"https:\/\/aeronet.news\/wp-content\/uploads\/RostovFake.jpg 700w, https:\/\/aeronet.news\/wp-content\/uploads\/RostovFake-300x295.jpg 300w, https:\/\/aeronet.news\/wp-content\/uploads\/RostovFake-363x357.jpg 363w, https:\/\/aeronet.news\/wp-content\/uploads\/RostovFake-491x483.jpg 491w\" alt=\"\" width=\"700\" height=\"689\" \/><\/a><figcaption class=\"wp-caption-text\">Dezinformace ukrajinsk\u00fdch m\u00e9di\u00ed o tom, \u017ee jde o fotky mrtv\u00fdch rusk\u00fdch voj\u00e1k\u016f v Rostov\u011b na Donu<\/figcaption><\/figure>\n<p><strong>Korektn\u00edm tvrzen\u00edm ohledn\u011b Srpna 1968 je v\u00fdrok, \u017ee to byla operace arm\u00e1d Var\u0161avsk\u00e9 smlouvy na z\u00e1klad\u011b zvac\u00edho dopisu \u010d\u00e1sti p\u0159edsednictva \u00daV KS\u010c, a \u017ee vedouc\u00ed \u00falohu v t\u00e9to okupaci m\u011bl Sov\u011btsk\u00fd svaz.<\/strong>\u00a0Pokud ale n\u011bkdo za\u010dne vytahovat n\u00e1rodnosti z dob Sov\u011btsk\u00e9ho svazu, tak riskuje krut\u00fd v\u00fdst\u0159el do vlastn\u00ed nohy, proto\u017ee se uk\u00e1\u017ee, \u017ee nejv\u011bt\u0161\u00edmi\u00a0<em>svin\u011bmi<\/em>\u00a0a str\u016fjci Srpna 1968 byli Ukrajinci a nikoliv Rusov\u00e9! Takov\u00e1 je jedin\u00e1 pravda a konceptu\u00e1ln\u00ed realita! Soudruzi okolo Vasila Bilaka napsali zvac\u00ed dopis do Kremlu a Nejvy\u0161\u0161\u00ed politbyro \u00daV KSSS ovl\u00e1dan\u00e9 7 Ukrajinci jim v \u017e\u00e1dosti 18. srpna vyhov\u011blo. To je cel\u00e1 pravda o srpnu 1968! \u0160mitec!<\/p>\n<figure id=\"attachment_52944\" class=\"wp-caption aligncenter\"><a href=\"https:\/\/aeronet.news\/wp-content\/uploads\/BeslanVictims2002.jpg\"><img decoding=\"async\" loading=\"lazy\" class=\"wp-image-52944 size-large\" src=\"https:\/\/aeronet.news\/wp-content\/uploads\/BeslanVictims2002-1024x610.jpg\" sizes=\"(max-width: 700px) 100vw, 700px\" srcset=\"https:\/\/aeronet.news\/wp-content\/uploads\/BeslanVictims2002-1024x610.jpg 1024w, https:\/\/aeronet.news\/wp-content\/uploads\/BeslanVictims2002-300x179.jpg 300w, https:\/\/aeronet.news\/wp-content\/uploads\/BeslanVictims2002-768x457.jpg 768w, https:\/\/aeronet.news\/wp-content\/uploads\/BeslanVictims2002-700x417.jpg 700w, https:\/\/aeronet.news\/wp-content\/uploads\/BeslanVictims2002-600x357.jpg 600w, https:\/\/aeronet.news\/wp-content\/uploads\/BeslanVictims2002-811x483.jpg 811w, https:\/\/aeronet.news\/wp-content\/uploads\/BeslanVictims2002.jpg 1280w\" alt=\"\" width=\"700\" height=\"417\" \/><\/a><figcaption class=\"wp-caption-text\">Skute\u010dn\u00e1 fotografie agentury AP. T\u011bla zabit\u00fdch \u0161kol\u00e1k\u016f v Beslanu<\/figcaption><\/figure>\n<p>Pokud liber\u00e1lov\u00e9 nerespektuj\u00ed historick\u00e9 r\u00e1mce a mantinely Sov\u011btsk\u00e9ho svazu a jeho existence, pokud cht\u011bj\u00ed SSSR vymazat a nahradit jej Ruskem, tak se dopou\u0161t\u00ed hrub\u00e9ho zkreslov\u00e1n\u00ed a p\u0159episov\u00e1n\u00ed historie, proto\u017ee Sov\u011btsk\u00fd svaz nebylo jen Rusko, ani jenom rusk\u00fd lid! Stalin byl Gruz\u00ednec! Eduard \u0160evarnadze byl Gruz\u00ednec jako \u0161\u00e9f Gorba\u010dovova zamini. Leonid Bre\u017en\u011bv byl Ukrajinec! Nikita Chru\u0161\u010dov byl Ukrajinec!\u00a0<strong>Hovo\u0159it o SSSR jako o Rusku, kter\u00e9 ovl\u00e1dalo SSSR, je chucpe a nehor\u00e1zn\u00e1 drzost p\u0159ekresluj\u00edc\u00ed a p\u0159episuj\u00edc\u00ed celou historii sov\u011btsk\u00e9ho svazu!<\/strong>\u00a0Takovou nehor\u00e1znost m\u016f\u017ee napsat jenom konceptu\u00e1ln\u00ed debil, kter\u00fd o Sov\u011btsk\u00e9m svazu sly\u0161el maxim\u00e1ln\u011b tak v televizi (z Kav\u010d\u00edch hor). A \u017ee takov\u00fdch debil\u016f je na liber\u00e1ln\u00ed front\u011b v \u010cR opravdu po\u017eehnan\u011b, hlavn\u011b na \u010desk\u00e9 Wikipedii.<\/p>\n<p>-VK- \u0160\u00e9fredaktor AE News<\/p>\n<p><a href=\"https:\/\/aeronet.news\/jen-par-dni-po-21-srpnu-se-na-ceske-wikipedii-rozhorela-valka-o-prepisovani-historie-ve-snaze-udelat-z-ukrajince-leonida-brezneva-rodileho-rusa-nejprve-mel-narodnost-ukrajinskou-i-ruskou\/\">ZDROJ<\/a><\/p>\n<p>&nbsp;<\/p>\n","protected":false},"excerpt":{"rendered":"<p>Jen p\u00e1r dn\u00ed po 21. srpnu se na \u010desk\u00e9 Wikipedii rozho\u0159ela v\u00e1lka o p\u0159episov\u00e1n\u00ed historie&#8230;<\/p>\n","protected":false},"author":2,"featured_media":14170,"comment_status":"closed","ping_status":"closed","sticky":false,"template":"","format":"standard","meta":[],"categories":[6],"tags":[1833,28,29,1635,3157],"_links":{"self":[{"href":"https:\/\/www.infokuryr.cz\/n\/wp-json\/wp\/v2\/posts\/14169"}],"collection":[{"href":"https:\/\/www.infokuryr.cz\/n\/wp-json\/wp\/v2\/posts"}],"about":[{"href":"https:\/\/www.infokuryr.cz\/n\/wp-json\/wp\/v2\/types\/post"}],"author":[{"embeddable":true,"href":"https:\/\/www.infokuryr.cz\/n\/wp-json\/wp\/v2\/users\/2"}],"replies":[{"embeddable":true,"href":"https:\/\/www.infokuryr.cz\/n\/wp-json\/wp\/v2\/comments?post=14169"}],"version-history":[{"count":0,"href":"https:\/\/www.infokuryr.cz\/n\/wp-json\/wp\/v2\/posts\/14169\/revisions"}],"wp:featuredmedia":[{"embeddable":true,"href":"https:\/\/www.infokuryr.cz\/n\/wp-json\/wp\/v2\/media\/14170"}],"wp:attachment":[{"href":"https:\/\/www.infokuryr.cz\/n\/wp-json\/wp\/v2\/media?parent=14169"}],"wp:term":[{"taxonomy":"category","embeddable":true,"href":"https:\/\/www.infokuryr.cz\/n\/wp-json\/wp\/v2\/categories?post=14169"},{"taxonomy":"post_tag","embeddable":true,"href":"https:\/\/www.infokuryr.cz\/n\/wp-json\/wp\/v2\/tags?post=14169"}],"curies":[{"name":"wp","href":"https:\/\/api.w.org\/{rel}","templated":true}]}}