{"id":14165,"date":"2022-08-27T01:05:44","date_gmt":"2022-08-26T23:05:44","guid":{"rendered":"http:\/\/www.infokuryr.cz\/n\/?p=14165"},"modified":"2022-08-27T03:50:08","modified_gmt":"2022-08-27T01:50:08","slug":"komentare-ans-k-aktualnimu-deni-25-08-2022","status":"publish","type":"post","link":"https:\/\/www.infokuryr.cz\/n\/2022\/08\/27\/komentare-ans-k-aktualnimu-deni-25-08-2022\/","title":{"rendered":"Koment\u00e1\u0159e ANS k aktu\u00e1ln\u00edmu d\u011bn\u00ed 25.08.2022"},"content":{"rendered":"<div id=\"fb-root\"><\/div>\n<p><span style=\"font-size: 18pt;\"><strong>Koment\u00e1\u0159e k aktu\u00e1ln\u00edmu d\u011bn\u00ed v \u010cesk\u00e9 republice, Evrop\u011b i ve sv\u011bt\u011b.\u00a0<\/strong><\/span><\/p>\n<p><strong>T\u00e9ma:<\/strong><\/p>\n<p>1) Konec vlastiv\u011bdy v \u010desk\u00e9m \u0161kolstv\u00ed? Staneme se \u201educhovn\u00edmi bezdomovci\u201c?<br \/>\n2) \u010cesk\u00e9 historick\u00e9 v\u011bdom\u00ed a jeho ohro\u017een\u00ed<br \/>\n3) Osobnost a d\u00edlo Dr. Edvarda Bene\u0161e<br \/>\n4) Aktu\u00e1ln\u00ed pom\u011bry na \u0161kol\u00e1ch \u2013 je dne\u0161n\u00ed akademick\u00e1 p\u016fda \u201esvobodn\u00fdm a nez\u00e1visl\u00fdm<br \/>\npracovi\u0161t\u011bm\u201c?<\/p>\n<p><strong>Host\u00e9:\u00a0<\/strong><\/p>\n<p><strong>Marek Adam \u2013 1. m\u00edstop\u0159edseda ANS\u00a0<\/strong><br \/>\n<strong>PhDr. Marie Neudorflov\u00e1, Ph.D., \u010desk\u00e1 histori\u010dka a politolo\u017eka<\/strong><\/p>\n<p>&nbsp;<\/p>\n<!--[if lt IE 9]><script>document.createElement('audio');<\/script><![endif]-->\n<audio class=\"wp-audio-shortcode\" id=\"audio-14165-1\" preload=\"none\" style=\"width: 100%;\" controls=\"controls\"><source type=\"audio\/mpeg\" src=\"http:\/\/www.infokuryr.cz\/n\/wp-content\/uploads\/2022\/08\/2022-08-25-Marek-Adam_PhDr.-Marie-Neudorflova_Komentare-ANS-k-aktualnimu-deni_118-min.mp3?_=1\" \/><a href=\"http:\/\/www.infokuryr.cz\/n\/wp-content\/uploads\/2022\/08\/2022-08-25-Marek-Adam_PhDr.-Marie-Neudorflova_Komentare-ANS-k-aktualnimu-deni_118-min.mp3\">http:\/\/www.infokuryr.cz\/n\/wp-content\/uploads\/2022\/08\/2022-08-25-Marek-Adam_PhDr.-Marie-Neudorflova_Komentare-ANS-k-aktualnimu-deni_118-min.mp3<\/a><\/audio>\n<p>&nbsp;<\/p>\n<p><img decoding=\"async\" loading=\"lazy\" class=\"alignnone size-medium wp-image-9908\" src=\"http:\/\/www.infokuryr.cz\/n\/wp-content\/uploads\/2022\/04\/ANS-300x169.png\" alt=\"\" width=\"300\" height=\"169\" srcset=\"https:\/\/www.infokuryr.cz\/n\/wp-content\/uploads\/2022\/04\/ANS-300x169.png 300w, https:\/\/www.infokuryr.cz\/n\/wp-content\/uploads\/2022\/04\/ANS-1024x576.png 1024w, https:\/\/www.infokuryr.cz\/n\/wp-content\/uploads\/2022\/04\/ANS-768x432.png 768w, https:\/\/www.infokuryr.cz\/n\/wp-content\/uploads\/2022\/04\/ANS.png 1180w\" sizes=\"(max-width: 300px) 100vw, 300px\" \/><\/p>\n<p>&nbsp;<\/p>\n<p>&nbsp;<\/p>\n<p>&nbsp;<\/p>\n","protected":false},"excerpt":{"rendered":"<p>Koment\u00e1\u0159e k aktu\u00e1ln\u00edmu d\u011bn\u00ed v \u010cesk\u00e9 republice, Evrop\u011b i ve sv\u011bt\u011b.\u00a0 T\u00e9ma: 1) Konec vlastiv\u011bdy&#8230;<\/p>\n","protected":false},"author":2,"featured_media":12219,"comment_status":"closed","ping_status":"closed","sticky":false,"template":"","format":"standard","meta":[],"categories":[6],"tags":[1016,3156,29],"_links":{"self":[{"href":"https:\/\/www.infokuryr.cz\/n\/wp-json\/wp\/v2\/posts\/14165"}],"collection":[{"href":"https:\/\/www.infokuryr.cz\/n\/wp-json\/wp\/v2\/posts"}],"about":[{"href":"https:\/\/www.infokuryr.cz\/n\/wp-json\/wp\/v2\/types\/post"}],"author":[{"embeddable":true,"href":"https:\/\/www.infokuryr.cz\/n\/wp-json\/wp\/v2\/users\/2"}],"replies":[{"embeddable":true,"href":"https:\/\/www.infokuryr.cz\/n\/wp-json\/wp\/v2\/comments?post=14165"}],"version-history":[{"count":0,"href":"https:\/\/www.infokuryr.cz\/n\/wp-json\/wp\/v2\/posts\/14165\/revisions"}],"wp:featuredmedia":[{"embeddable":true,"href":"https:\/\/www.infokuryr.cz\/n\/wp-json\/wp\/v2\/media\/12219"}],"wp:attachment":[{"href":"https:\/\/www.infokuryr.cz\/n\/wp-json\/wp\/v2\/media?parent=14165"}],"wp:term":[{"taxonomy":"category","embeddable":true,"href":"https:\/\/www.infokuryr.cz\/n\/wp-json\/wp\/v2\/categories?post=14165"},{"taxonomy":"post_tag","embeddable":true,"href":"https:\/\/www.infokuryr.cz\/n\/wp-json\/wp\/v2\/tags?post=14165"}],"curies":[{"name":"wp","href":"https:\/\/api.w.org\/{rel}","templated":true}]}}