{"id":14157,"date":"2022-08-27T01:03:10","date_gmt":"2022-08-26T23:03:10","guid":{"rendered":"http:\/\/www.infokuryr.cz\/n\/?p=14157"},"modified":"2022-08-26T16:29:11","modified_gmt":"2022-08-26T14:29:11","slug":"eva-hrindova-ratlici-postekavaji-a-svet-se-riti-do-propasti","status":"publish","type":"post","link":"https:\/\/www.infokuryr.cz\/n\/2022\/08\/27\/eva-hrindova-ratlici-postekavaji-a-svet-se-riti-do-propasti\/","title":{"rendered":"Eva Hrindov\u00e1: Ratl\u00edci po\u0161t\u011bk\u00e1vaj\u00ed a sv\u011bt se \u0159\u00edt\u00ed do propasti"},"content":{"rendered":"<div id=\"fb-root\"><\/div>\n<div class=\"anotace\">\n<div class=\"field field-name-field-anotace field-type-text-long field-label-hidden\">\n<div class=\"field-items\">\n<div class=\"field-item even\"><strong>Kdo nev\u011b\u0159\u00ed m\u00e9di\u00edm a propagand\u011b a nenech\u00e1 se vl\u00e1\u010det r\u016fzn\u00fdmi &#8222;fobick\u00fdmi&#8220; ideologiemi, d\u00e1v\u00e1 si v\u011bci do souvislost\u00ed s\u00e1m. Sleduju r\u016fzn\u00e1 videa, kde hovo\u0159\u00ed lid\u00e9 o sv\u00fdch z\u00e1\u017eitc\u00edch a zku\u0161enostech, studuju si v\u011bci z historie, hled\u00e1m nez\u00e1visl\u00e9 zpr\u00e1vy. A d\u011bl\u00e1m to tak u\u017e dlouho&#8230;<\/strong><\/div>\n<\/div>\n<\/div>\n<\/div>\n<div class=\"text\">\n<div class=\"field field-name-body field-type-text-with-summary field-label-hidden\">\n<div class=\"field-items\">\n<div class=\"field-item even\">\n<p>A nastal \u010das to v\u0161echno shrnout. Rusko le\u017e\u00ed v \u017ealudku sv\u011btov\u00fdm mocnostem u\u017e po stalet\u00ed. Je to velk\u00e1 zem\u011b, maj\u00ed dostatek surovin, maj\u00ed mo\u0159e, obrovsk\u00e9 \u0159eky, velk\u00e1 \u00fazem\u00ed, kde m\u016f\u017eou cokoliv p\u011bstovat nebo t\u011b\u017eit. A maj\u00ed nepoddajn\u00e9 lidi, kte\u0159\u00ed jsou zvykl\u00ed na zimu, mus\u00ed sv\u00e9 \u017eivobyt\u00ed z\u00edsk\u00e1vat tvrdou prac\u00ed, a to je zocelilo a zoceluje. Maj\u00ed historii, kter\u00e1 se ned\u00e1 bagatelizovat. Jejich mrtv\u00ed v druh\u00e9 sv\u011btov\u00e9 v\u00e1lce, kdy\u017e hnali Hitlera a\u017e do Berl\u00edna, jim nedovol\u00ed zapomenout, \u017ee za n\u011bco pokl\u00e1dali \u017eivoty. Ne za n\u011bkoho, za n\u011bco!<\/p>\n<p>Rusko dr\u00e1\u017ed\u00ed, provokuje. V\u0161echno se to\u010d\u00ed okolo jejich neochoty se podvolit, okolo jejich samostatnosti. Do nikoho se nepletou, jen si h\u00e1j\u00ed to svoje.<\/p>\n<p>Dnes si do nich kopne ka\u017ed\u00fd pitomec. Vid\u00edme p\u0159ehl\u00eddku ratl\u00edk\u016f, kte\u0159\u00ed se p\u0159edh\u00e1n\u011bj\u00ed v tom, kdo na n\u011b bude \u0161t\u011bkat v\u00edc. Je to stejn\u00e9, jako kdy\u017e hod\u00edte do pl\u00e9na mr\u0161inu, v\u0161ichni mrcho\u017erouti se seb\u011bhnou. Hlup\u00e1ci v\u00ed, \u017ee za \u0161t\u011bk\u00e1n\u00ed a sk\u00e1k\u00e1n\u00ed dostanou odm\u011bnu, jen \u010dekaj\u00ed na povel a sign\u00e1l. A tak jim jejich p\u00e1n\u00ed\u010dkov\u00e9 h\u00e1\u017eou ty mr\u0161iny a oni plivou, p\u0159edh\u00e1n\u011bj\u00ed se v invektiv\u00e1ch a ve\u010der us\u00ednaj\u00ed s dobr\u00fdm pocitem, \u017ee splnili \u00fakol.<\/p>\n<p>Ale kdo by cht\u011bl b\u00fdt ratl\u00edkem. Nen\u00ed lep\u0161\u00ed b\u00fdt svobodn\u00fdm a samostatn\u00fdm vlkem? Nen\u00ed lep\u0161\u00ed b\u00fdt siln\u00fdm a samostatn\u00fdm zv\u00ed\u0159etem, kter\u00e9 klidn\u011b pozoruje a hl\u00edd\u00e1 si sv\u00e9?<\/p>\n<p>Mo\u017en\u00e1 ta p\u0159irovn\u00e1n\u00ed ke zv\u00ed\u0159ec\u00ed \u0159\u00ed\u0161i nesed\u00ed, ale nemohu si pomoci. Kdy\u017e vid\u00edm n\u011bkter\u00e9 politiky, vid\u00edm jen ratl\u00edky, kte\u0159\u00ed za plotem \u0161t\u011bkaj\u00ed jak \u0161\u00edlen\u00ed, hlava nehlava. M\u00e1me jich plnou sn\u011bmovnu a vl\u00e1du. Jak ostudn\u00e9. Hlavn\u011b \u017ee d\u011blaj\u00ed hluk, a hlavn\u011b \u017ee dostanou odm\u011bnu a je jim jedno od koho a za co.<\/p>\n<p>Sil\u00e1ck\u00e9 \u0159e\u010di jsou jen sil\u00e1ck\u00e9 \u0159e\u010di, je\u0161t\u011b jsem si nev\u0161imla, \u017ee by n\u011bkomu n\u011bco p\u0159inesly. Lep\u0161\u00ed je pracovat, poctiv\u011b obchodovat, tvo\u0159it spolupr\u00e1ce, hl\u00eddat si pln\u011bn\u00ed dohod a budovat si pov\u011bst spolehliv\u00e9ho a v r\u00e1mci mo\u017enost\u00ed loaj\u00e1ln\u00edho partnera. U takov\u00e9 systematick\u00e9 pr\u00e1ce nem\u00e1te \u010das na d\u011bl\u00e1n\u00ed hluku! Nezlobte se na m\u011b, ale nemysl\u00edm si, \u017ee loajalitou je, kdy\u017e od USA nakupujeme p\u0159edra\u017een\u00e9 st\u00edha\u010dky, kter\u00e9 nepot\u0159ebujeme. To je jen potvrzen\u00ed na\u0161\u00ed pod\u0159\u00edzenosti. Jako kdy\u017e ratl\u00edk ud\u011bl\u00e1 cokoli, aby ho p\u00e1n\u00ed\u010dek podrbal za u\u0161ima.<\/p>\n<p>Rusko dr\u00e1\u017ed\u00ed, proto\u017ee takov\u00e9 v\u011bci ned\u011bl\u00e1. D\u011bl\u00e1 si politiku po sv\u00e9m a n\u00e1m je po tom prd. Nejsme schopni si zam\u00e9st p\u0159ed vlastn\u00edm prahem, nem\u00e1me n\u00e1rok mistrovat druh\u00e9 zem\u011b, nato\u017epak Rusko. Oni m\u00edsto toho, aby n\u011bkde pan\u00e1\u010dkovali a lezli do zadku t\u011bm, kte\u0159\u00ed ovl\u00e1daj\u00ed byrokratick\u00e9 instituce, prost\u011b buduj\u00ed svou nez\u00e1vislost. Nejsou z\u00e1visl\u00ed na \u017e\u00e1dn\u00e9m &#8222;Bruselu&#8220; a kdy\u017e cht\u011bj\u00ed ulevit ob\u010dan\u016fm, tak jim ulev\u00ed a nemus\u00ed se nikoho pt\u00e1t.<\/p>\n<p>Na\u0161e vl\u00e1da jen p\u0159em\u00fd\u0161l\u00ed a jedn\u00e1 a na pozad\u00ed jejich PR aktivit krachuj\u00ed \u010desk\u00e9 firmy. Lid\u00e9 nev\u00ed, jak zaplat\u00ed elekt\u0159inu a v\u0161echno se \u0159\u00edt\u00ed jen do pekel a do ch\u0159t\u00e1nu &#8222;z\u00e1padn\u00edch&#8220; investor\u016f, kte\u0159\u00ed do na\u0161\u00ed zdevastovan\u00e9 zem\u011b p\u0159ijdou a v\u0161echno skoup\u00ed. Pak u\u017e nebude nikdo protestovat. V\u0161ichni budou jen makat a za\u0159ez\u00e1vat. U\u017e nebudeme m\u00edt ani ty \u0161t\u011bkaj\u00edc\u00ed politiky. Nebudou pot\u0159eba. Ale ani potom n\u011bkter\u00fdm nedojde, \u010demu sv\u00fdm \u0161t\u011bk\u00e1n\u00edm slou\u017eili. Vy\u0161t\u011bkat si v\u00e1lku, chudobu a frustraci, to u\u017e je pane\u010dku v\u00fdkon.<\/p>\n<p>Nen\u00ed to p\u011bkn\u00fd pohled. Vid\u00edm nez\u00e1visl\u00e9 a siln\u00e9 Rusko, kter\u00e9 se br\u00e1n\u00ed a u\u0159van\u00fd Z\u00e1pad, kter\u00fd \u00fato\u010d\u00ed. Vid\u00edm Ukrajinu, kter\u00e1 devastuje sv\u00e9 obyvatele v\u00a0ciz\u00edm z\u00e1jmu a Ukrajinci se tomu neum\u00ed vzep\u0159\u00edt. S\u00edla propagandy a s\u00edla nen\u00e1vistn\u00fdch emoc\u00ed je mocn\u00e1. Vid\u00edm \u010ceskou republiku, kter\u00e1 je sv\u00fdmi politiky (kter\u00e9 si ov\u0161em ob\u010dan\u00e9 sami zvolili nebo naopak nezvolili) vl\u00e1\u010dena do propasti. A vid\u00edm, \u017ee kdo m\u00e1 odvahu to \u0159\u00edct nahlas, p\u0159itahuje v\u0161echny ratl\u00edky, co jich jen u n\u00e1s je.<\/p>\n<p>Zm\u011bn\u00ed se to n\u011bkdy? \u0158\u00edk\u00e1 se, \u017ee probl\u00e9m m\u016f\u017eete vy\u0159e\u0161it teprve tehdy, a\u017e jste ho schopni spr\u00e1vn\u011b pojmenovat. A p\u0159iznejme si \u2013 spole\u010dnost je\u0161t\u011b nedo\u0161la k\u00a0tomu, aby v\u011bt\u0161ina byla schopna aspo\u0148 spr\u00e1vn\u011b pojmenovat a popsat realitu. Je\u0161t\u011b t\u00e1peme, tak\u017ee si toho \u0161t\u011bk\u00e1n\u00ed, kter\u00e9 ohlu\u0161uje, u\u017eijeme je\u0161t\u011b dost.<\/p>\n<\/div>\n<\/div>\n<\/div>\n<\/div>\n<p><a href=\"https:\/\/www.evahrindova.cz\/ratlici-postekavaji-svet-se-riti-do-propasti\">Eva Hrindov\u00e1<\/a><\/p>\n<p>&nbsp;<\/p>\n","protected":false},"excerpt":{"rendered":"<p>Kdo nev\u011b\u0159\u00ed m\u00e9di\u00edm a propagand\u011b a nenech\u00e1 se vl\u00e1\u010det r\u016fzn\u00fdmi &#8222;fobick\u00fdmi&#8220; ideologiemi, d\u00e1v\u00e1 si v\u011bci&#8230;<\/p>\n","protected":false},"author":2,"featured_media":14158,"comment_status":"closed","ping_status":"closed","sticky":false,"template":"","format":"standard","meta":[],"categories":[6],"tags":[506,29,22,26,365],"_links":{"self":[{"href":"https:\/\/www.infokuryr.cz\/n\/wp-json\/wp\/v2\/posts\/14157"}],"collection":[{"href":"https:\/\/www.infokuryr.cz\/n\/wp-json\/wp\/v2\/posts"}],"about":[{"href":"https:\/\/www.infokuryr.cz\/n\/wp-json\/wp\/v2\/types\/post"}],"author":[{"embeddable":true,"href":"https:\/\/www.infokuryr.cz\/n\/wp-json\/wp\/v2\/users\/2"}],"replies":[{"embeddable":true,"href":"https:\/\/www.infokuryr.cz\/n\/wp-json\/wp\/v2\/comments?post=14157"}],"version-history":[{"count":0,"href":"https:\/\/www.infokuryr.cz\/n\/wp-json\/wp\/v2\/posts\/14157\/revisions"}],"wp:featuredmedia":[{"embeddable":true,"href":"https:\/\/www.infokuryr.cz\/n\/wp-json\/wp\/v2\/media\/14158"}],"wp:attachment":[{"href":"https:\/\/www.infokuryr.cz\/n\/wp-json\/wp\/v2\/media?parent=14157"}],"wp:term":[{"taxonomy":"category","embeddable":true,"href":"https:\/\/www.infokuryr.cz\/n\/wp-json\/wp\/v2\/categories?post=14157"},{"taxonomy":"post_tag","embeddable":true,"href":"https:\/\/www.infokuryr.cz\/n\/wp-json\/wp\/v2\/tags?post=14157"}],"curies":[{"name":"wp","href":"https:\/\/api.w.org\/{rel}","templated":true}]}}