{"id":14156,"date":"2022-08-27T01:04:52","date_gmt":"2022-08-26T23:04:52","guid":{"rendered":"http:\/\/www.infokuryr.cz\/n\/?p=14156"},"modified":"2022-08-26T16:02:37","modified_gmt":"2022-08-26T14:02:37","slug":"nova-valka-na-obzoru-ruska-flotila-zablokovala-jaderske-more-srbsko-a-nato-stahuji-vojska-k-hranicim-kosova","status":"publish","type":"post","link":"https:\/\/www.infokuryr.cz\/n\/2022\/08\/27\/nova-valka-na-obzoru-ruska-flotila-zablokovala-jaderske-more-srbsko-a-nato-stahuji-vojska-k-hranicim-kosova\/","title":{"rendered":"Nov\u00e1 v\u00e1lka na obzoru?! Rusk\u00e1 flotila zablokovala Jadersk\u00e9 mo\u0159e! Srbsko a NATO stahuj\u00ed vojska k hranic\u00edm Kosova!"},"content":{"rendered":"<div id=\"fb-root\"><\/div>\n<p>Po\u0159\u00e1dn\u011b husto za\u010d\u00edn\u00e1 b\u00fdt na Balk\u00e1n\u011b! Jak informuj\u00ed italsk\u00e1 m\u00e9dia \u2013 p\u0159ed p\u00e1r dny nejprve rusk\u00e1 flotila (vlajkov\u00e1 lo\u010f \u2013\u00a0<a href=\"https:\/\/en.wikipedia.org\/wiki\/Slava-class_cruiser\">raketov\u00fd k\u0159i\u017en\u00edk Varjag<\/a>\u00a0s atomov\u00fdmi raketami na palub\u011b) ne\u010dekan\u011b vplula do Jadersk\u00e9ho mo\u0159e a agresivn\u00edm man\u00e9vrov\u00e1n\u00edm zablokovala Otrantsk\u00fd pr\u016fliv a donutila americk\u00e9 \u00fato\u010dn\u00e9 uskupen\u00ed v \u010dele s letadlovou lod\u00ed Truman zanechat demonstrac\u00ed s\u00edly proto Srbsku, a\u00a0<a href=\"https:\/\/www.itamilradar.com\/2022\/08\/20\/confront-between-italian-and-russian-navies-in-the-adriatic-sea\/\">st\u00e1hnout se do St\u0159edozemn\u00edho mo\u0159e<\/a>.<\/p>\n<p><img decoding=\"async\" loading=\"lazy\" class=\"size-full wp-image-1289 aligncenter\" src=\"https:\/\/www.michalapetr.com\/wp-content\/uploads\/2022\/08\/1661147520_flot.jpg\" sizes=\"(max-width: 800px) 100vw, 800px\" srcset=\"https:\/\/www.michalapetr.com\/wp-content\/uploads\/2022\/08\/1661147520_flot.jpg 800w, https:\/\/www.michalapetr.com\/wp-content\/uploads\/2022\/08\/1661147520_flot-300x176.jpg 300w, https:\/\/www.michalapetr.com\/wp-content\/uploads\/2022\/08\/1661147520_flot-768x449.jpg 768w, https:\/\/www.michalapetr.com\/wp-content\/uploads\/2022\/08\/1661147520_flot-705x412.jpg 705w, https:\/\/www.michalapetr.com\/wp-content\/uploads\/2022\/08\/1661147520_flot-450x263.jpg 450w\" alt=\"\" width=\"800\" height=\"468\" \/><\/p>\n<p>A sou\u010dasn\u011b dal\u0161\u00ed rusk\u00fd raketov\u00fd k\u0159i\u017en\u00edk Mar\u0161\u00e1l Ustinov operoval v z\u00e1padn\u00edm St\u0159edomo\u0159\u00ed a pozd\u011bji odplul do Atlantiku. Ob\u011b rusk\u00e9 eskadry operovaly s c\u00edlem b\u00fdt neust\u00e1le na bl\u00edzku americk\u00e9 letadlov\u00e9 lodi Truman, tak aby mohla b\u00fdt v p\u0159\u00edpad\u011b konfliktu rychle zni\u010dena. Operace rusk\u00fdch eskader ve St\u0159edomo\u0159\u00ed trvaj\u00ed u\u017e n\u011bkolik m\u011bs\u00edc\u016f a zintenzivnily se v souvislosti s nap\u011bt\u00edm na Kosovsk\u00e9 hranici. Podle n\u011bkter\u00fdch informac\u00ed \u2013 jedna z lod\u00ed escadry \u201cVarjag\u201d rusk\u00fd torp\u00e9doborec Admir\u00e1l Tributs u\u017e na misi operoval vyzbrojen raketami Kin\u017e\u00e1l. \u00a0(V tomto p\u0159\u00edpad\u011b se jedn\u00e1 o raketov\u00fd n\u00e1mo\u0159n\u00ed protiletadlov\u00fd syst\u00e9m TOR-1,\u00a0<a class=\"urlextern\" title=\"https:\/\/cs.wikipedia.org\/wiki\/Tor_(raketov%C3%BD_syst%C3%A9m)\" href=\"https:\/\/cs.wikipedia.org\/wiki\/Tor_(raketov%C3%BD_syst%C3%A9m)\" rel=\"nofollow\">jeho\u017e n\u00e1mo\u0159n\u00ed varianta se jmenuje Kin\u017e\u00e1l<\/a>. D\u011bkuji odborn\u00edk\u016fm za upozorn\u011bn\u00ed na na\u0161i nep\u0159esnost.)<\/p>\n<p><a href=\"https:\/\/twitter.com\/ItaMilRadar\/status\/1562704617539977216\">25. srpna odpoledne USA vyslaly do st\u0159edomo\u0159\u00ed \u010derstv\u00e9 posily dal\u0161\u00ed letadlovou lo\u010f<\/a>\u00a0\u2013 Bush a<a href=\"https:\/\/twitter.com\/ItaMilRadar\/status\/1562897013796392960\">\u00a025. srpna ve\u010der se v \u0159eck\u00fdch vod\u00e1ch u Soudy<\/a>\u00a0objevila jadern\u00e1 ponorka t\u0159\u00eddy\u00a0<a href=\"https:\/\/cs.wikipedia.org\/wiki\/T%C5%99%C3%ADda_Ohio\">Ohio \u2013 Florida,<\/a>\u00a0kter\u00e1 je p\u0159estav\u011bn\u00e1 na nosi\u010d 154 st\u0159el s plochou dr\u00e1hou letu Tomahawk. (Zbra\u0148 prvn\u00edho \u00faderu)<\/p>\n<p><img decoding=\"async\" loading=\"lazy\" class=\"size-full wp-image-1290 aligncenter\" src=\"https:\/\/www.michalapetr.com\/wp-content\/uploads\/2022\/08\/FbCGjQkXgAAeyK5.jpg\" sizes=\"(max-width: 680px) 100vw, 680px\" srcset=\"https:\/\/www.michalapetr.com\/wp-content\/uploads\/2022\/08\/FbCGjQkXgAAeyK5.jpg 680w, https:\/\/www.michalapetr.com\/wp-content\/uploads\/2022\/08\/FbCGjQkXgAAeyK5-300x199.jpg 300w, https:\/\/www.michalapetr.com\/wp-content\/uploads\/2022\/08\/FbCGjQkXgAAeyK5-450x299.jpg 450w\" alt=\"\" width=\"680\" height=\"452\" \/><\/p>\n<p><img decoding=\"async\" loading=\"lazy\" class=\"size-full wp-image-1291 aligncenter\" src=\"https:\/\/www.michalapetr.com\/wp-content\/uploads\/2022\/08\/T5_se4HK.png\" sizes=\"(max-width: 680px) 100vw, 680px\" srcset=\"https:\/\/www.michalapetr.com\/wp-content\/uploads\/2022\/08\/T5_se4HK.png 680w, https:\/\/www.michalapetr.com\/wp-content\/uploads\/2022\/08\/T5_se4HK-300x169.png 300w, https:\/\/www.michalapetr.com\/wp-content\/uploads\/2022\/08\/T5_se4HK-450x254.png 450w\" alt=\"\" width=\"680\" height=\"384\" \/><\/p>\n<p>USA te\u010f nev\u00ed kam d\u0159\u00edv poslat sv\u00e9 lod\u011b. V Ji\u017en\u00edm Pacifiku zah\u00e1jila 25. srpna man\u00e9vry proti Tchaj-wanu \u00fapln\u00e1 bojov\u00e1\u00a0<a href=\"https:\/\/www.globaltimes.cn\/page\/202208\/1273881.shtml\">skupina \u010d\u00ednsk\u00e9 letadlov\u00e9 lodi Shandong<\/a>\u00a0(v\u010detn\u011b jadern\u00fdch ponorek) a sou\u010dasn\u011b Rusko a \u010c\u00edna (jak ozn\u00e1mili \u010c\u00ed\u0148an\u00e9 \u2013\u00a0<a href=\"https:\/\/www.globaltimes.cn\/page\/202208\/1273883.shtml\">hlavn\u00ed vojensk\u00e9 mocnosti sv\u011bta<\/a>!) chystaj\u00ed od 30.srpna nejv\u011bt\u0161\u00ed vojensk\u00e9 man\u00e9vry v historii\u00a0<a href=\"https:\/\/thekootneeti.in\/2022\/08\/20\/vostok-2022-the-military-exercise-to-watch-out-for\/\">Vostok-22<\/a>. Poprv\u00e9 v d\u011bjin\u00e1ch vys\u00edl\u00e1 \u010c\u00edna do Ruska ke spole\u010dn\u00fdm man\u00e9vr\u016fm pozemn\u00ed, leteck\u00e1 i n\u00e1mo\u0159n\u00ed uskupen\u00ed velk\u00e9 s\u00edly. Man\u00e9vr\u016f se maj\u00ed z\u00fa\u010dastnit pod Rusk\u00fdm velen\u00edm dal\u0161\u00ed spojeneck\u00e9 arm\u00e1dy \u2013 Mongolska, Indie, T\u00e1d\u017eikist\u00e1nu, B\u011bloruska a dal\u0161\u00edch zem\u00ed.<\/p>\n<p>V\u0161e pr\u00fd souvis\u00ed s eskalac\u00ed na Kosovsk\u00e9 hranici. Podle tohoto videa se\u00a0<a href=\"https:\/\/t.me\/rybar\/37689\">srbsk\u00e1 arm\u00e1da rozmis\u0165uje na hranici s Kosovem<\/a>. Na druh\u00e9 stran\u011b hranice se rozmis\u0165uj\u00ed s\u00edly NATO. Viz mapa ze v\u010derej\u0161\u00edho ve\u010dera:<\/p>\n<p><img decoding=\"async\" loading=\"lazy\" class=\"size-full wp-image-1292 aligncenter\" src=\"https:\/\/www.michalapetr.com\/wp-content\/uploads\/2022\/08\/photo_2022-08-26_02-09-14.jpg\" sizes=\"(max-width: 832px) 100vw, 832px\" srcset=\"https:\/\/www.michalapetr.com\/wp-content\/uploads\/2022\/08\/photo_2022-08-26_02-09-14.jpg 832w, https:\/\/www.michalapetr.com\/wp-content\/uploads\/2022\/08\/photo_2022-08-26_02-09-14-296x300.jpg 296w, https:\/\/www.michalapetr.com\/wp-content\/uploads\/2022\/08\/photo_2022-08-26_02-09-14-80x80.jpg 80w, https:\/\/www.michalapetr.com\/wp-content\/uploads\/2022\/08\/photo_2022-08-26_02-09-14-768x777.jpg 768w, https:\/\/www.michalapetr.com\/wp-content\/uploads\/2022\/08\/photo_2022-08-26_02-09-14-36x36.jpg 36w, https:\/\/www.michalapetr.com\/wp-content\/uploads\/2022\/08\/photo_2022-08-26_02-09-14-697x705.jpg 697w, https:\/\/www.michalapetr.com\/wp-content\/uploads\/2022\/08\/photo_2022-08-26_02-09-14-120x120.jpg 120w, https:\/\/www.michalapetr.com\/wp-content\/uploads\/2022\/08\/photo_2022-08-26_02-09-14-450x455.jpg 450w\" alt=\"\" width=\"832\" height=\"842\" \/><\/p>\n<p>Medi\u00e1ln\u00ed polnice u\u017e v\u0159e\u0161t\u00ed na poplach na v\u0161ech stran\u00e1ch. Srbsk\u00fd probruselsk\u00fd aktivista Orhan Draga\u0161\u00a0<a href=\"https:\/\/www.euractiv.com\/section\/enlargement\/opinion\/north-korean-volunteers-to-fight-in-ukraine\/\">dokonce ozn\u00e1mil<\/a>, \u017ee Severn\u00ed Korea se u\u017e domluvila s Ruskem a vy\u0161le mu na pomoc proti Ukrajin\u011b 100 tis\u00edc dobrovoln\u00edk\u016f. A burcoval Srby, aby se nespojovali s Ruskem a \u010c\u00ednou do nov\u00e9ho konfliktu.<\/p>\n<p>Srbsko se v dubnu leto\u0161n\u00edho roku po\u0159\u00e1dn\u011b vyzbrojilo \u010d\u00ednsk\u00fdmi raketami,\u00a0<a href=\"https:\/\/apnews.com\/article\/russia-ukraine-europe-china-serbia-nato-682ab79c4239f14ecc1133ff5c7addc9\">kter\u00e9 mu byly z \u010c\u00edny promptn\u011b zasl\u00e1ny n\u011bkolika vojensk\u00fdmi dopravn\u00edmi letadly<\/a>.<\/p>\n<p>Situace na Balk\u00e1n\u011b je velmi napjat\u00e1. P\u0159ed 14 dny konfrontaci de-eskalovaly USA, kter\u00e9 na\u0159\u00eddily Kosovsk\u00e9 vl\u00e1d\u011b, aby se do po\u010d\u00e1tku z\u00e1\u0159\u00ed vyvarovala provokac\u00ed proti Srb\u016fm. Rusk\u00e1 m\u00e9dia maj\u00ed z konfrontace ve St\u0159edomo\u0159\u00ed evidentn\u00ed radost a j\u00e1sala nad \u00fasp\u011b\u0161nou blok\u00e1dou Otrantsk\u00e9ho pr\u016flivu, kter\u00e1 donutila US-Navy se st\u00e1hnout z Jadersk\u00e9ho mo\u0159e. Zda USA s konfrontac\u00ed v Kosovu \u010dekaly do ukon\u010den\u00ed turistick\u00e9 sez\u00f3ny v Chorvatsku, \u010d\u00ed z n\u011bjak\u00fdch d\u016fvod\u016f (p\u0159iplut\u00ed USS Bush do St\u0159edomo\u0159\u00ed) je nejasn\u00e9. V ka\u017ed\u00e9m p\u0159\u00edpad\u011b, do term\u00ednu ozn\u00e1men\u00ed zah\u00e1jen\u00ed operac\u00ed Kosovsk\u00fdch policejn\u00edch sil proti bou\u0159\u00edc\u00edm se Srb\u016fm zb\u00fdv\u00e1 5 dn\u00ed a jak USA, a NATO, tak Srbov\u00e9 s Rusko zat\u00edm demonstruj\u00ed svoji odhodlanost neustoupit!<\/p>\n<p>Na z\u00e1padn\u00edm b\u0159ehu Jadranu v It\u00e1lii mezit\u00edm eskalovala v\u0161eobecn\u00e1 nespokojenost s Bruselskou drahotou do jednozna\u010dn\u00e9ho konce \u2013 logika p\u0159edvolebn\u00edho boje donutila v\u0161echny italsk\u00e9 politick\u00e9 strany, aby se sjednotily na ukon\u010den\u00ed nen\u00e1vid\u011bn\u00e9 bruselsk\u00e9 politiky povolenek CO2, kter\u00e9 ne\u00fam\u011brn\u011b zdra\u017euj\u00ed elekt\u0159inu a plyn. Ukazuje se tak, \u017ee povolenky, se kter\u00fdmi se k\u0161eftuje za nehor\u00e1zn\u00e9 ceny, maj\u00ed posledn\u00edho ochr\u00e1nce \u2013 \u010desk\u00e9ho premi\u00e9ra Petra Fialu, kter\u00fd je evidentn\u011b neschopn\u00fd jako rotuj\u00edc\u00ed p\u0159edseda EU svolat zased\u00e1n\u00ed k jejich ukon\u010den\u00ed, a nebo aspo\u0148 do\u010dasn\u00e9mu zru\u0161en\u00ed.\u00a0\u00a0<a href=\"https:\/\/www.ansa.it\/sito\/notizie\/economia\/2022\/08\/25\/il-gas-vola-allarme-delle-imprese.-il-governo-studia-le-misure_6d5b0a49-55a7-4174-8468-71227f773c95.html\">Z\u00e1rove\u0148 It\u00e1lii zn\u00ed unisono po\u017eadavek na odd\u011blen\u00ed ceny elekt\u0159iny od ceny plynu \u2013 tedy na zru\u0161en\u00ed nen\u00e1vid\u011bn\u00e9 lipsk\u00e9 burzy<\/a>.\u00a0<a href=\"https:\/\/aeronet.news\/cena-plynu-na-burze-v-amsterdamu-prorazila-strop-320-eur-za-1-mwh-a-leti-dal-strme-vzhuru-a-na-burze-v-lipsku-se-to-same-deje-s-elektrinou-ktera-prorazila-hranici-700-eur-za-1-mwh\/\">Pokud Aeronet m\u00e1 pravdu<\/a>, a \u010cEZ u\u017e prodal ve\u0161kerou je\u0161t\u011b nevyrobenou elekt\u0159inu levn\u011b na burze \u2013 m\u00e1 Fiala kari\u00e9ru spo\u010d\u00edtanou \u2013 a \u010ce\u0161i se drah\u00e9 elekt\u0159iny nezbav\u00ed! To by byl nejv\u011bt\u0161\u00ed pr\u016fser v d\u011bjin\u00e1ch \u010ceska. Podivn\u00e9 Fialovo chov\u00e1n\u00ed k vysok\u00fdm cen\u00e1m elekt\u0159iny pro \u010cechy m\u00e1 snad jedin\u00e9 logick\u00e9 mo\u017en\u00e9 od\u016fvodn\u011bn\u00ed pr\u00e1v\u011b v tom, \u017ee Aeronet trefil bingo, a \u010cEZ u\u017e prodal. Modleme se, aby to nebyla pravda.<\/p>\n<p>Italov\u00e9 odhaduj\u00ed, \u017ee sou\u010dasn\u00e9 rekordn\u00ed ceny\u00a0<a href=\"https:\/\/www.ansa.it\/sito\/notizie\/economia\/2022\/08\/25\/energia-confcommercio-a-rischio-120mila-imprese_a01e16d4-253b-4eff-9d4e-7416b1bcde36.html\">plynu zbankrotuj\u00ed 120 tis\u00edc italsk\u00fdch firem<\/a>! Ne pracovn\u00edch m\u00edst!<\/p>\n<p><a href=\"https:\/\/www.michalapetr.com\/mip-110-nova-valka-na-obzoru-ruska-flotila-zablokovala-jaderske-more-srbsko-a-nato-stahuji-vojska-k-hranicim-kosova\/\">ZDROJ<\/a><\/p>\n<p>&nbsp;<\/p>\n","protected":false},"excerpt":{"rendered":"<p>Po\u0159\u00e1dn\u011b husto za\u010d\u00edn\u00e1 b\u00fdt na Balk\u00e1n\u011b! Jak informuj\u00ed italsk\u00e1 m\u00e9dia \u2013 p\u0159ed p\u00e1r dny nejprve&#8230;<\/p>\n","protected":false},"author":2,"featured_media":1937,"comment_status":"closed","ping_status":"closed","sticky":false,"template":"","format":"standard","meta":[],"categories":[6],"tags":[1042,29,22,139,40],"_links":{"self":[{"href":"https:\/\/www.infokuryr.cz\/n\/wp-json\/wp\/v2\/posts\/14156"}],"collection":[{"href":"https:\/\/www.infokuryr.cz\/n\/wp-json\/wp\/v2\/posts"}],"about":[{"href":"https:\/\/www.infokuryr.cz\/n\/wp-json\/wp\/v2\/types\/post"}],"author":[{"embeddable":true,"href":"https:\/\/www.infokuryr.cz\/n\/wp-json\/wp\/v2\/users\/2"}],"replies":[{"embeddable":true,"href":"https:\/\/www.infokuryr.cz\/n\/wp-json\/wp\/v2\/comments?post=14156"}],"version-history":[{"count":0,"href":"https:\/\/www.infokuryr.cz\/n\/wp-json\/wp\/v2\/posts\/14156\/revisions"}],"wp:featuredmedia":[{"embeddable":true,"href":"https:\/\/www.infokuryr.cz\/n\/wp-json\/wp\/v2\/media\/1937"}],"wp:attachment":[{"href":"https:\/\/www.infokuryr.cz\/n\/wp-json\/wp\/v2\/media?parent=14156"}],"wp:term":[{"taxonomy":"category","embeddable":true,"href":"https:\/\/www.infokuryr.cz\/n\/wp-json\/wp\/v2\/categories?post=14156"},{"taxonomy":"post_tag","embeddable":true,"href":"https:\/\/www.infokuryr.cz\/n\/wp-json\/wp\/v2\/tags?post=14156"}],"curies":[{"name":"wp","href":"https:\/\/api.w.org\/{rel}","templated":true}]}}