{"id":14144,"date":"2022-08-26T07:27:51","date_gmt":"2022-08-26T05:27:51","guid":{"rendered":"http:\/\/www.infokuryr.cz\/n\/?p=14144"},"modified":"2022-08-26T07:27:51","modified_gmt":"2022-08-26T05:27:51","slug":"zapadni-vladnouci-elity-maji-na-rukou-krev-darji-duginove","status":"publish","type":"post","link":"https:\/\/www.infokuryr.cz\/n\/2022\/08\/26\/zapadni-vladnouci-elity-maji-na-rukou-krev-darji-duginove\/","title":{"rendered":"Z\u00e1padn\u00ed vl\u00e1dnouc\u00ed elity maj\u00ed na rukou krev Darji Duginov\u00e9"},"content":{"rendered":"<div id=\"fb-root\"><\/div>\n<p><strong>Co se t\u00fd\u010de lid\u00ed na Z\u00e1pad\u011b, ti se mus\u00ed rozhodnout, zda budou i\u00a0nad\u00e1le pokorn\u011b p\u0159ij\u00edmat, \u017ee jim vl\u00e1dnou rasisti\u010dt\u00ed zlo\u010dinci, nebo zda se jim vzep\u0159ou (nebo je alespo\u0148 nebudou podporovat a\u00a0budou m\u00edt p\u0159inejmen\u0161\u00edm tolik slu\u0161nosti, aby se rozhodli, \u017ee nikdy nebudou v\u011bdom\u011b podporovat \u017e\u00e1dnou le\u017e).<\/strong><\/p>\n<ul>\n<li>Vra\u017eda Darji Duginov\u00e9 vyvolala dnes ji\u017e zcela p\u0159edv\u00eddatelnou reakci kolektivn\u00edho Z\u00e1padu: naprostou lhostejnost. To je sotva n\u011bco nov\u00e9ho. Z\u00e1pad nejen\u017ee dosadil v\u00a0Kyjev\u011b k\u00a0moci nacistick\u00fd re\u017eim, ale podporoval ho v\u0161emi mo\u017en\u00fdmi prost\u0159edky, zat\u00edmco tento re\u017eim d\u011blal v\u0161e n\u00e1sleduj\u00edc\u00ed: pou\u017eil sv\u00e9 ozbrojen\u00e9 s\u00edly ve vnit\u0159n\u00ed ob\u010dansk\u00e9 v\u00e1lce, kter\u00e1 je (byla?) podle ukrajinsk\u00e9 \u00fastavy zak\u00e1z\u00e1na a\u00a0kter\u00e1 si za osm let vy\u017e\u00e1dala asi 14\u00a0000 mrtv\u00fdch.<br \/>\n\u201eZel\u201c rozdrtil ve\u0161kerou vnit\u0159n\u00ed opozici, a\u00a0to nejen domn\u011ble \u201eprorusk\u00e9\u201c strany a\u00a0politiky (mnoz\u00ed z\u00a0nich jsou poslanci ukrajinsk\u00e9 Rady), ale i\u00a0jasn\u011b proukrajinsk\u00e9 strany (\u0159ekn\u011bme \u201estrana \u0160ar\u00edja\u201c).<\/li>\n<li>\u201eZel\u201c tak\u00e9 zak\u00e1zal jak\u00e1koli alternativn\u00ed\/svobodn\u00e1 m\u00e9dia uvnit\u0159 Ukrajiny. Z\u00e1padn\u00ed novin\u00e1\u0159i si toho nev\u0161imli a\u00a0nic nenam\u00edtali.<\/li>\n<li>Ukrajinsk\u00e9 ozbrojen\u00e9 s\u00edly nyn\u00ed ji\u017e n\u011bkolik let ost\u0159eluj\u00ed\/bombarduj\u00ed civiln\u00ed infrastrukturu LDNR (a\u00a0pokusily se od\u0159\u00edznout Krymsk\u00fd poloostrov od vody). Posledn\u00ed p\u0159\u00edklad zde.<\/li>\n<li>Ukronacist\u00e9 se opakovan\u011b pokusili za\u00fato\u010dit na jadern\u00e9 a\u00a0chemick\u00e9 z\u00e1vody.<\/li>\n<li>Kyjevsk\u00fd re\u017eim rovn\u011b\u017e opakovan\u011b za\u00fato\u010dil na civiln\u00ed rozvodnou s\u00ed\u0165.<\/li>\n<li>Nacistick\u00e9 speci\u00e1ln\u00ed jednotky provedly \u0159adu atent\u00e1t\u016f v\u00a0LNR a\u00a0DNR a\u00a0pokusily se o\u00a0n\u011b i\u00a0na Krymu a\u00a0v\u00a0Rusku (jak dokazuje p\u0159\u00edpad Dugina).<\/li>\n<li>Tis\u00edce lid\u00ed na Ukrajin\u011b zmizely v\u00a0mu\u010d\u00edc\u00edch centrech ve stylu CIA.<\/li>\n<li>Mu\u010den\u00ed je dnes b\u011b\u017enou prax\u00ed ukronacistick\u00fdch vojensk\u00fdch a\u00a0bezpe\u010dnostn\u00edch slu\u017eeb.<\/li>\n<li>V\u011bt\u0161ina rusk\u00fdch v\u00e1le\u010dn\u00fdch zajatc\u016f byla systematicky mu\u010dena a\u00a0vra\u017ed\u011bna.<\/li>\n<li>Rusk\u00fd vojensk\u00fd person\u00e1l se stal ter\u010dem chemick\u00fdch \u00fatok\u016f (viz\u00a0<a href=\"https:\/\/www.rt.com\/russia\/561214-ukraine-chemical-poisoning-moscow\/\">zde<\/a>\u00a0a\u00a0<a href=\"https:\/\/sputniknews.com\/20220820\/russian-defense-ministry-proof-of-ukraines-chemical-terrorism-to-be-sent-to-opcw-soon-1099800667.html\">zde<\/a>).<\/li>\n<li>Ukronacist\u00e9 tak\u00e9 zabili stovky (ne-li v\u00edce) ukrajinsk\u00fdch voj\u00e1k\u016f, kte\u0159\u00ed se odm\u00edtli nechat vyu\u017e\u00edt jako potrava pro d\u011bla a\u00a0bojovat proti Rus\u016fm v\u00a0beznad\u011bjn\u00fdch, sebevra\u017eedn\u00fdch, \u00fatoc\u00edch.<\/li>\n<li>Ukrajinsk\u00e9 s\u00edly se systematicky schov\u00e1valy za civilisty ve \u0161kol\u00e1ch, n\u00e1kupn\u00edch centrech, nemocnic\u00edch a\u00a0dokonce i\u00a0v\u00a0mate\u0159sk\u00fdch \u0161kol\u00e1ch.<\/li>\n<li>Ukrajin\u0161t\u00ed politici opakovan\u011b ozna\u010dovali rusk\u00fd lid za \u201epodlidi\u201c \u201eprasata\u201c \u201ebiomateri\u00e1l\u201c a\u00a0otev\u0159en\u011b vyz\u00fdvali k\u00a0zabit\u00ed co nejv\u011bt\u0161\u00edho po\u010dtu Rus\u016f (v\u010detn\u011b nebojuj\u00edc\u00edch) (posledn\u00ed p\u0159\u00edklad\u00a0<a href=\"https:\/\/www.rt.com\/russia\/561372-kazakhstan-condemns-ukraine-ambassador\/\">zde<\/a>).<\/li>\n<li>Nacist\u00e9 masivn\u011b pou\u017e\u00edvali zak\u00e1zanou kazetovou munici, v\u010detn\u011b kazetov\u00e9 munice obsahuj\u00edc\u00ed neleg\u00e1ln\u00ed protip\u011bchotn\u00ed miny, kter\u00e9 zmrza\u010dily des\u00edtky civilist\u016f.<br \/>\nA\u00a0mohl bych pokra\u010dovat d\u00e1l a\u00a0d\u00e1l. Ale mysl\u00edm, \u017ee obraz je pom\u011brn\u011b jasn\u00fd. Ukazuje, \u017ee:<\/li>\n<li>Z\u00e1pad bude podporovat naprosto jak\u00e1koli zv\u011brstva p\u00e1chan\u00e1 sv\u00fdmi zmocn\u011bnci v\u00a0Ukronazii.<\/li>\n<li>Z\u00e1pad Rusko hluboce a\u00a0nitern\u011b nen\u00e1vid\u00ed: proti prokl\u00ednan\u00fdm a\u00a0nen\u00e1vid\u011bn\u00fdm Rus\u016fm je dovoleno cokoli, naprosto cokoli.<\/li>\n<li>Z\u00e1pad nejen\u017ee nebude vystupovat proti ukronacistick\u00fdm zv\u011brstv\u016fm, ale bude v\u00e9st otev\u0159en\u00e9 a\u00a0zcela bez obalu kampan\u011b za uml\u010den\u00ed jak\u00fdchkoli nesouhlasn\u00fdch hlas\u016f (posledn\u00ed p\u0159\u00edklad\u00a0<a href=\"https:\/\/www.rt.com\/news\/561340-twitter-embassy-ban-serbia\/\">zde<\/a>). Amnesty International se nyn\u00ed omluvila za svou zpr\u00e1vu o\u00a0poru\u0161ov\u00e1n\u00ed lidsk\u00fdch pr\u00e1v na Ukrajin\u011b.<br \/>\nVe skute\u010dnosti, a\u00a0v\u00a0jednom z\u00a0nejpokryte\u010dt\u011bj\u0161\u00edch prohl\u00e1\u0161en\u00ed ve sv\u011btov\u00fdch d\u011bjin\u00e1ch, americk\u00fd Sen\u00e1t prohl\u00e1sil, \u017ee Rusko je sponzorem terorismu, co\u017e je dosti ironick\u00e9 vzhledem k\u00a0tomu, \u017ee USA jsou zdaleka hlavn\u00edm sponzorem terorismu ve sv\u011bt\u011b i\u00a0doma!<\/li>\n<li>Z\u00e1padn\u00ed st\u00e1tn\u00ed akt\u00e9\u0159i tak\u00e9 organizuj\u00ed a\u00a0financuj\u00ed centra PSYOP\/kybernetick\u00e9 v\u00e1lky, kter\u00e1 napadaj\u00ed dokonce i\u00a0osobn\u00ed blogy (jako je blog Saker), aby se pokusila uml\u010det jak\u00fdkoli nesouhlasn\u00fd hlas. (<em>Stejn\u011b na americk\u00fd p\u0159\u00edkaz jsou od 25.4.2022 cenzurov\u00e1ny weby alternativy v\u00a0\u010cR, Polsku, Bulharsku a\u00a0dal\u0161\u00edch zem\u00edch *- pozn. red. N.R. \u2013 vd-<\/em>)<\/li>\n<li>Z\u00e1pad po\u00a0ka\u017ed\u00e9m nacistick\u00e9m zv\u011brstvu znovu a\u00a0znovu zdvojn\u00e1sobuje a\u00a0je\u0161t\u011b V\u00cdCE podporuje Ukrajinu (USA pr\u00e1v\u011b p\u0159idaly dal\u0161\u00ed 3 miliardy dolar\u016f \u201epomoci\u201c za v\u0161echny v\u00fd\u0161e popsan\u00e9 akce).<br \/>\nTvrd\u00edm, \u017ee z\u00e1sadn\u00ed jsou zde skute\u010dn\u011b dv\u011b v\u011bci: v\u00fd\u0161e popsan\u00fd vzorec je nem\u011bnn\u00fd p\u0159inejmen\u0161\u00edm od k\u0159\u00ed\u017eov\u00fdch v\u00fdprav a\u00a0tento vzorec dnes jednomysln\u011b sd\u00edlej\u00ed v\u0161echny z\u00e1padn\u00ed vl\u00e1dy. Nen\u00ed to \u017e\u00e1dn\u00e1 n\u00e1hoda, \u017e\u00e1dn\u00fd omyl, ale j\u00e1dro sv\u011bton\u00e1zoru sd\u00edlen\u00e9ho v\u0161emi z\u00e1padn\u00edmi vl\u00e1dnouc\u00edmi elitami, zejm\u00e9na severoevropsk\u00fdmi (realita ji\u017en\u00ed Evropy a\u00a0st\u0159edomo\u0159sk\u00e9 kulturn\u00ed reality, k\u00a0n\u00ed\u017e ji\u017en\u00ed Evropa pat\u0159ila, je nuancovan\u011bj\u0161\u00ed a\u00a0slo\u017eit\u011bj\u0161\u00ed).<\/li>\n<\/ul>\n<p>Darija Dugina byla zavra\u017ed\u011bna jedin\u00fdm ukronacistick\u00fdm teroristou v\u00a0re\u017eii SBU, kter\u00e1 je zase jen z\u00e1stupn\u00fdm org\u00e1nem CIA\/MI6. Ale nevinn\u00e1 krev Dariji Duginy, stejn\u011b jako krev MILION\u016e dal\u0161\u00edch nevinn\u00fdch lid\u00ed v\u00a0cel\u00e9 historii, je na rukou vl\u00e1dnouc\u00ed t\u0159\u00eddy, kter\u00e1 se tv\u00e1\u0159\u00ed, \u017ee nic nevid\u00ed, a\u00a0p\u0159itom se na tom v\u0161em p\u0159\u00edmo pod\u00edl\u00ed. Co se t\u00fd\u010de lid\u00ed na Z\u00e1pad\u011b, ti se mus\u00ed rozhodnout, zda budou i\u00a0nad\u00e1le pokorn\u011b p\u0159ij\u00edmat, \u017ee jim vl\u00e1dnou rasisti\u010dt\u00ed zlo\u010dinci, nebo zda se jim vzep\u0159ou (nebo je alespo\u0148 nebudou podporovat a\u00a0budou m\u00edt p\u0159inejmen\u0161\u00edm tolik slu\u0161nosti, aby se rozhodli, \u017ee nikdy nebudou v\u011bdom\u011b podporovat \u017e\u00e1dnou le\u017e).<\/p>\n<p>Zat\u00edm mus\u00edm smutn\u011b p\u0159iznat, \u017ee na m\u011b moc velk\u00fd dojem neud\u011blali. Vid\u00edm postpravdivou spole\u010dnost, v\u00a0n\u00ed\u017e samotn\u00fd pojem pravdy ztratil jak\u00fdkoli v\u00fdznam. \u017de naprost\u00e1 a\u00a0tot\u00e1ln\u00ed lhostejnost k\u00a0samotn\u00e9mu pojmu pravdy je jedinou zb\u00fdvaj\u00edc\u00ed skute\u010dnou \u201ez\u00e1padn\u00ed hodnotou\u201c.<\/p>\n<p><em>Autor:\u00a0<strong>Andrei<\/strong>, zdroj:\u00a0<a href=\"https:\/\/thesaker.is\/western-ruling-elites-have-dariia-duginas-blood-on-their-hands\/\">The Saker<\/a><\/em><\/p>\n<p>&nbsp;<\/p>\n","protected":false},"excerpt":{"rendered":"<p>Co se t\u00fd\u010de lid\u00ed na Z\u00e1pad\u011b, ti se mus\u00ed rozhodnout, zda budou i\u00a0nad\u00e1le pokorn\u011b p\u0159ij\u00edmat,&#8230;<\/p>\n","protected":false},"author":2,"featured_media":14145,"comment_status":"closed","ping_status":"closed","sticky":false,"template":"","format":"standard","meta":[],"categories":[7],"tags":[3152,3123,1147,1947,82,365],"_links":{"self":[{"href":"https:\/\/www.infokuryr.cz\/n\/wp-json\/wp\/v2\/posts\/14144"}],"collection":[{"href":"https:\/\/www.infokuryr.cz\/n\/wp-json\/wp\/v2\/posts"}],"about":[{"href":"https:\/\/www.infokuryr.cz\/n\/wp-json\/wp\/v2\/types\/post"}],"author":[{"embeddable":true,"href":"https:\/\/www.infokuryr.cz\/n\/wp-json\/wp\/v2\/users\/2"}],"replies":[{"embeddable":true,"href":"https:\/\/www.infokuryr.cz\/n\/wp-json\/wp\/v2\/comments?post=14144"}],"version-history":[{"count":0,"href":"https:\/\/www.infokuryr.cz\/n\/wp-json\/wp\/v2\/posts\/14144\/revisions"}],"wp:featuredmedia":[{"embeddable":true,"href":"https:\/\/www.infokuryr.cz\/n\/wp-json\/wp\/v2\/media\/14145"}],"wp:attachment":[{"href":"https:\/\/www.infokuryr.cz\/n\/wp-json\/wp\/v2\/media?parent=14144"}],"wp:term":[{"taxonomy":"category","embeddable":true,"href":"https:\/\/www.infokuryr.cz\/n\/wp-json\/wp\/v2\/categories?post=14144"},{"taxonomy":"post_tag","embeddable":true,"href":"https:\/\/www.infokuryr.cz\/n\/wp-json\/wp\/v2\/tags?post=14144"}],"curies":[{"name":"wp","href":"https:\/\/api.w.org\/{rel}","templated":true}]}}