{"id":14137,"date":"2022-08-26T01:15:52","date_gmt":"2022-08-25T23:15:52","guid":{"rendered":"http:\/\/www.infokuryr.cz\/n\/?p=14137"},"modified":"2022-08-25T19:33:44","modified_gmt":"2022-08-25T17:33:44","slug":"sest-tisic-spojencu-ruska-muze-promenit-jednotky-nato-v-nic","status":"publish","type":"post","link":"https:\/\/www.infokuryr.cz\/n\/2022\/08\/26\/sest-tisic-spojencu-ruska-muze-promenit-jednotky-nato-v-nic\/","title":{"rendered":"&#8222;\u0160est tis\u00edc spojenc\u016f Ruska m\u016f\u017ee prom\u011bnit jednotky NATO v nic&#8220;"},"content":{"rendered":"<div id=\"fb-root\"><\/div>\n<p class=\"lead\"><strong>P\u0159esto\u017ee maj\u00ed Spojen\u00e9 st\u00e1ty mnohem v\u00edce spojenc\u016f ne\u017e Rusko, Moskva bude schopna zasadit siln\u00fd \u00fader v p\u0159\u00edpad\u011b hrozby ze strany Z\u00e1padu.\u00a0Uvedli to \u010d\u00edn\u0161t\u00ed odborn\u00edci.<\/strong><\/p>\n<p><span>Pokud mezi Spojen\u00fdmi st\u00e1ty a Ruskem za\u010dne tot\u00e1ln\u00ed ozbrojen\u00fd konflikt, pak se Kanada, Austr\u00e1lie a Spojen\u00e9 kr\u00e1lovstv\u00ed postav\u00ed p\u0159edev\u0161\u00edm na stranu Washingtonu.\u00a0<\/span><a href=\"https:\/\/mil.sohu.com\/a\/579581568_120631063\" target=\"_blank\" rel=\"noopener\"><span>Podle analytik\u016f, jejich\u017e n\u00e1zor publikuje<\/span><\/a><span>\u00a0nejv\u011bt\u0161\u00ed \u010d\u00ednsk\u00fd medi\u00e1ln\u00ed port\u00e1l Sohu\u00a0, si v\u0161ak v\u011bt\u0161ina z\u00e1padn\u00edch zem\u00ed netroufne j\u00edt proti Rusku .\u00a0Rusk\u00e1 arm\u00e1da je mnohem siln\u011bj\u0161\u00ed ne\u017e americk\u00e1, tak\u017ee Z\u00e1pad nen\u00ed p\u0159ipraven postavit se Moskv\u011b, nato\u017e se p\u0159\u00edmo z\u00fa\u010dastnit ukrajinsk\u00e9ho konfliktu s uv\u011bdom\u011bn\u00edm si d\u016fsledk\u016f.<\/span><\/p>\n<p><span>Materi\u00e1l tak\u00e9 podrobn\u011b popisuje mo\u017enosti, kte\u0159\u00ed ze sou\u010dasn\u00fdch spojenc\u016f Ruska budou p\u0159ipraveni mu pomoci v p\u0159\u00edpad\u011b kolize se Spojen\u00fdmi st\u00e1ty: B\u011blorusko, dal\u0161\u00ed zem\u011b CSTO, \u00cdr\u00e1n a dokonce i samotn\u00e1 \u010c\u00edna. Podle \u010d\u00ednsk\u00fdch analytik\u016f bude jejich pomoc extr\u00e9mn\u011b nepatrn\u00e1 nebo nebude v\u016fbec.\u00a0P\u0159esto je Rusko samo schopno st\u00e1t si za sv\u00fdm a nem\u00e1 se koho b\u00e1t.<\/span><\/p>\n<p><strong><em>\u201eRusko m\u00e1 a\u017e 6 000 \u201aspojenc\u016f\u2018 \u2013 jadern\u00fdch hlavic,\u201c uv\u00e1d\u00ed \u010dl\u00e1nek v Sohu.\u00a0&#8222;Rusk\u00fd jadern\u00fd arzen\u00e1l je dostate\u010dn\u00fd k tomu, aby v\u0161echny jednotky NATO prom\u011bnily v nic.&#8220;<\/em><\/strong><\/p>\n<p><img decoding=\"async\" loading=\"lazy\" class=\"alignnone size-full wp-image-1185\" src=\"http:\/\/www.infokuryr.cz\/n\/wp-content\/uploads\/2021\/04\/kuryr-podpis.png\" alt=\"\" width=\"84\" height=\"24\" \/><\/p>\n<p>&nbsp;<\/p>\n","protected":false},"excerpt":{"rendered":"<p>P\u0159esto\u017ee maj\u00ed Spojen\u00e9 st\u00e1ty mnohem v\u00edce spojenc\u016f ne\u017e Rusko, Moskva bude schopna zasadit siln\u00fd \u00fader&#8230;<\/p>\n","protected":false},"author":2,"featured_media":14138,"comment_status":"closed","ping_status":"closed","sticky":false,"template":"","format":"standard","meta":[],"categories":[7],"tags":[220,22,37,40,365],"_links":{"self":[{"href":"https:\/\/www.infokuryr.cz\/n\/wp-json\/wp\/v2\/posts\/14137"}],"collection":[{"href":"https:\/\/www.infokuryr.cz\/n\/wp-json\/wp\/v2\/posts"}],"about":[{"href":"https:\/\/www.infokuryr.cz\/n\/wp-json\/wp\/v2\/types\/post"}],"author":[{"embeddable":true,"href":"https:\/\/www.infokuryr.cz\/n\/wp-json\/wp\/v2\/users\/2"}],"replies":[{"embeddable":true,"href":"https:\/\/www.infokuryr.cz\/n\/wp-json\/wp\/v2\/comments?post=14137"}],"version-history":[{"count":1,"href":"https:\/\/www.infokuryr.cz\/n\/wp-json\/wp\/v2\/posts\/14137\/revisions"}],"predecessor-version":[{"id":14139,"href":"https:\/\/www.infokuryr.cz\/n\/wp-json\/wp\/v2\/posts\/14137\/revisions\/14139"}],"wp:featuredmedia":[{"embeddable":true,"href":"https:\/\/www.infokuryr.cz\/n\/wp-json\/wp\/v2\/media\/14138"}],"wp:attachment":[{"href":"https:\/\/www.infokuryr.cz\/n\/wp-json\/wp\/v2\/media?parent=14137"}],"wp:term":[{"taxonomy":"category","embeddable":true,"href":"https:\/\/www.infokuryr.cz\/n\/wp-json\/wp\/v2\/categories?post=14137"},{"taxonomy":"post_tag","embeddable":true,"href":"https:\/\/www.infokuryr.cz\/n\/wp-json\/wp\/v2\/tags?post=14137"}],"curies":[{"name":"wp","href":"https:\/\/api.w.org\/{rel}","templated":true}]}}