{"id":14135,"date":"2022-08-26T01:14:09","date_gmt":"2022-08-25T23:14:09","guid":{"rendered":"http:\/\/www.infokuryr.cz\/n\/?p=14135"},"modified":"2022-08-25T19:06:39","modified_gmt":"2022-08-25T17:06:39","slug":"zapad-dostava-turecko-pod-tlak-konfrontace-s-ruskem-nebo-ozbrojene-recko","status":"publish","type":"post","link":"https:\/\/www.infokuryr.cz\/n\/2022\/08\/26\/zapad-dostava-turecko-pod-tlak-konfrontace-s-ruskem-nebo-ozbrojene-recko\/","title":{"rendered":"Z\u00e1pad dost\u00e1v\u00e1 Turecko pod tlak: konfrontace s Ruskem nebo ozbrojen\u00e9 \u0158ecko"},"content":{"rendered":"<div id=\"fb-root\"><\/div>\n<p><strong>Nov\u00e1 eskalace mezi Ankarou a At\u00e9nami souvis\u00ed p\u0159edev\u0161\u00edm s v\u00e1lkou na Ukrajin\u011b.\u00a0Jeho prost\u0159ednictv\u00edm se USA poda\u0159ilo v dohledn\u00e9 dob\u011b zvr\u00e1tit jak\u00e9koli sbli\u017eov\u00e1n\u00ed Evropy a Ruska.\u00a0Situace na Ukrajin\u011b se nyn\u00ed zd\u00e1 b\u00fdt pro USA vhodn\u00e1 k sabotov\u00e1n\u00ed vztah\u016f mezi Ruskem a Tureckem.<\/strong><\/p>\n<p>Zat\u00edmco v\u00e1lka na Ukrajin\u011b zu\u0159\u00ed od \u00fanora 2022, situace se zhor\u0161uje i v jin\u00fdch regionech Evropy.\u00a0Nap\u011bt\u00ed mezi \u0158eckem a Tureckem v Egejsk\u00e9m mo\u0159i a jihov\u00fdchodn\u00edm St\u0159edomo\u0159\u00ed u\u017e t\u00fddny roste.\u00a0Turecko znovu zpochybnilo \u0159eckou suverenitu nad n\u011bkolika ostrovy v Egejsk\u00e9m mo\u0159i, zat\u00edmco \u0158ecko za\u010dalo militarizovat \u0159eck\u00e9 ostrovy ve v\u00fdchodn\u00edm Egejsk\u00e9m mo\u0159i v rozporu se smlouvou z Lausanne z roku 1923.<\/p>\n<p>Turecko vyslalo dal\u0161\u00ed vrtnou lo\u010f do v\u00fdchodn\u00edho St\u0159edomo\u0159\u00ed v polovin\u011b srpna, \u010d\u00edm\u017e o\u017eivilo star\u00fd probl\u00e9m pr\u016fzkumn\u00fdch vrt\u016f ve v\u00fdchodn\u00edm St\u0159edomo\u0159\u00ed pot\u00e9, co Turecko v roce 2020 pozastavilo pr\u016fzkum plynu ve sporn\u00fdch vod\u00e1ch St\u0159edozemn\u00edho mo\u0159e.\u00a0Turecko si v \u00fater\u00fd p\u0159edvolalo \u0159eck\u00e9ho vojensk\u00e9ho ata\u0161\u00e9\u00a0<a href=\"https:\/\/apnews.com\/article\/nato-middle-east-greece-ankara-96f4d9f7f932a4f606ed79253ce59169\" target=\"_blank\" rel=\"noopener noreferrer\">a<\/a>\u00a0podalo st\u00ed\u017enost NATO pot\u00e9, co \u0159eck\u00e9 st\u00edha\u010dky \u00fadajn\u011b obt\u011b\u017eovaly tureck\u00e1 v\u00e1le\u010dn\u00e1 letadla nad St\u0159edozemn\u00edm mo\u0159em.<\/p>\n<p>Severov\u00fdchodn\u00ed \u0159eck\u00e9 p\u0159\u00edstavn\u00ed m\u011bsto Alexandroupoli pobl\u00ed\u017e tureck\u00fdch hranic se stalo centrem dod\u00e1vek zbran\u00ed a vojensk\u00e9 techniky na Ukrajinu.\u00a0USA mimo jin\u00e9 pos\u00edlaj\u00ed p\u0159es Alexandroupoli v\u00fdzbroj do Bulharska, Polska a Rumunska, aby pos\u00edlily v\u00fdchodn\u00ed k\u0159\u00eddlo NATO.<\/p>\n<p>Nov\u00e1 eskalace mezi Ankarou a At\u00e9nami nespadla z nebe, ale souvis\u00ed p\u0159edev\u0161\u00edm s v\u00e1lkou na Ukrajin\u011b.\u00a0Ankara st\u00e1le nepodporuje z\u00e1padn\u00ed sankce proti Rusku, a Z\u00e1pad proto zvy\u0161uje tlak na Turecko, aby zav\u00e1zalo zemi ke sv\u00e9 konfronta\u010dn\u00ed linii v\u016f\u010di Rusku.\u00a0Tureck\u00e1 obchodn\u00ed asociace nyn\u00ed ozn\u00e1mila, \u017ee m\u00e1\u00a0<a href=\"https:\/\/www.middleeasteye.net\/news\/us-warns-turkeys-business-group-russia-sanctions-risks\" target=\"_blank\" rel=\"noopener noreferrer\">dopis<\/a>n\u00e1m\u011bstek americk\u00e9ho ministra financ\u00ed Wally Adeyemo, kter\u00fd varoval p\u0159ed mo\u017en\u00fdmi sankcemi, pokud si tureck\u00e9 spole\u010dnosti rozvinou vazby se sankcionovan\u00fdmi rusk\u00fdmi spole\u010dnostmi a jednotlivci.\u00a0V\u00e1lkou na Ukrajin\u011b se USA poda\u0159ilo zabr\u00e1nit jak\u00e9mukoli sbli\u017eov\u00e1n\u00ed Evropy a Ruska v bl\u00edzk\u00e9 i vzd\u00e1len\u00e9 budoucnosti.\u00a0Zd\u00e1 se, \u017ee USA nyn\u00ed vyu\u017e\u00edvaj\u00ed situace na Ukrajin\u011b k sabotov\u00e1n\u00ed vztah\u016f mezi Ruskem a Tureckem.<\/p>\n<p>Washington nyn\u00ed hraje velmi vypo\u010d\u00edtav\u011b s kartou \u0158ecka, aby p\u0159im\u011bl Turecko zm\u011bnit kurz v\u016f\u010di Rusku.\u00a0<a href=\"https:\/\/www.handelsblatt.com\/politik\/international\/kampfjets-wettruesten-mit-der-tuerkei-griechenland-will-f-35-bestellen\/28472958.html\" target=\"_blank\" rel=\"noopener noreferrer\">USA<\/a>\u00a0ned\u00e1vno pohrozily, \u017ee\u00a0\u0158ecko vyzbroj\u00ed nejmodern\u011bj\u0161\u00edmi st\u00edha\u010dkami F-35, \u010d\u00edm\u017e ukon\u010d\u00ed ur\u010ditou p\u0159evahu tureck\u00e9ho letectva nad ostrovy v Egejsk\u00e9m mo\u0159i.\u00a0USA ji\u017e zak\u00e1zaly Turecku stav\u011bt a pozd\u011bji dod\u00e1vat st\u00edha\u010dky F-35, proto\u017ee Ankara v roce 2019 koupila rusk\u00fd syst\u00e9m protivzdu\u0161n\u00e9 obrany S-400, navzdory varov\u00e1n\u00edm a protest\u016fm Washingtonu.<\/p>\n<p>\u0158ecko ji\u017e v roce 2021 p\u011btin\u00e1sobn\u011b zv\u00fd\u0161ilo sv\u00e9 v\u00fddaje na nov\u00e9 vojensk\u00e9 vybaven\u00ed z 500 milion\u016f na 2,5 miliardy eur.\u00a0Loni podepsaly At\u00e9ny mimo jin\u00e9 historickou vojenskou dohodu s Franci\u00ed.\u00a0Poskytuje vz\u00e1jemnou pomoc, pokud je jedna strana napadena t\u0159et\u00ed stranou, i kdy\u017e je tato strana z NATO.\u00a0P\u0159ezbrojen\u00edm chce \u0158ecko pos\u00edlit strategickou roli sv\u00e9 zem\u011b jako nov\u00e9 ba\u0161ty NATO ve v\u00fdchodn\u00edm St\u0159edomo\u0159\u00ed.\u00a0A USA tuto ambici vyu\u017e\u00edvaj\u00ed jako p\u00e1ku proti Turecku.\u00a0Jin\u00fdmi slovy, At\u00e9ny se sna\u017e\u00ed vyzvat Ankaru jako nejd\u016fle\u017eit\u011bj\u0161\u00edho bezpe\u010dnostn\u00edho partnera USA ve v\u00fdchodn\u00edm St\u0159edomo\u0159\u00ed \u2013 tak\u00e9 s argumentem, \u017ee Turecko se postavilo proti \u201eizolaci Ruska\u201c.<\/p>\n<p>Krom\u011b toho m\u016f\u017ee Rusko v zim\u011b pl\u00e1novat dobyt\u00ed p\u0159\u00edstavn\u00edho m\u011bsta Od\u011bsa, \u010d\u00edm\u017e se pln\u011b upevn\u00ed jeho p\u0159\u00edtomnost v \u010cern\u00e9m mo\u0159i, a t\u00edm v\u00e1\u017en\u011b naru\u0161\u00ed svobodu pohybu NATO v tomto strategicky d\u016fle\u017eit\u00e9m regionu.\u00a0Pouze s novou eskalac\u00ed v tomto regionu mohl Washington zabr\u00e1nit Rusku, aby skl\u00edzelo plody sv\u00e9 siln\u00e9 p\u0159\u00edtomnosti v \u010cern\u00e9m mo\u0159i a v\u00fdchodn\u00edm St\u0159edomo\u0159\u00ed.\u00a0Nyn\u00ed mus\u00ed Turecko u\u010dinit rozhodnut\u00ed: bu\u010f konfrontaci s Ruskem, nebo masivn\u011b vyzbrojen\u00e9 \u0158ecko v jeho sousedstv\u00ed.<\/p>\n<p><em>Autor: Seyed Alireza Mousavi<\/em><\/p>\n<p>&nbsp;<\/p>\n","protected":false},"excerpt":{"rendered":"<p>Nov\u00e1 eskalace mezi Ankarou a At\u00e9nami souvis\u00ed p\u0159edev\u0161\u00edm s v\u00e1lkou na Ukrajin\u011b.\u00a0Jeho prost\u0159ednictv\u00edm se USA&#8230;<\/p>\n","protected":false},"author":2,"featured_media":2703,"comment_status":"closed","ping_status":"closed","sticky":false,"template":"","format":"standard","meta":[],"categories":[7],"tags":[220,539,125,3151,365],"_links":{"self":[{"href":"https:\/\/www.infokuryr.cz\/n\/wp-json\/wp\/v2\/posts\/14135"}],"collection":[{"href":"https:\/\/www.infokuryr.cz\/n\/wp-json\/wp\/v2\/posts"}],"about":[{"href":"https:\/\/www.infokuryr.cz\/n\/wp-json\/wp\/v2\/types\/post"}],"author":[{"embeddable":true,"href":"https:\/\/www.infokuryr.cz\/n\/wp-json\/wp\/v2\/users\/2"}],"replies":[{"embeddable":true,"href":"https:\/\/www.infokuryr.cz\/n\/wp-json\/wp\/v2\/comments?post=14135"}],"version-history":[{"count":1,"href":"https:\/\/www.infokuryr.cz\/n\/wp-json\/wp\/v2\/posts\/14135\/revisions"}],"predecessor-version":[{"id":14136,"href":"https:\/\/www.infokuryr.cz\/n\/wp-json\/wp\/v2\/posts\/14135\/revisions\/14136"}],"wp:featuredmedia":[{"embeddable":true,"href":"https:\/\/www.infokuryr.cz\/n\/wp-json\/wp\/v2\/media\/2703"}],"wp:attachment":[{"href":"https:\/\/www.infokuryr.cz\/n\/wp-json\/wp\/v2\/media?parent=14135"}],"wp:term":[{"taxonomy":"category","embeddable":true,"href":"https:\/\/www.infokuryr.cz\/n\/wp-json\/wp\/v2\/categories?post=14135"},{"taxonomy":"post_tag","embeddable":true,"href":"https:\/\/www.infokuryr.cz\/n\/wp-json\/wp\/v2\/tags?post=14135"}],"curies":[{"name":"wp","href":"https:\/\/api.w.org\/{rel}","templated":true}]}}