{"id":14133,"date":"2022-08-26T01:13:59","date_gmt":"2022-08-25T23:13:59","guid":{"rendered":"http:\/\/www.infokuryr.cz\/n\/?p=14133"},"modified":"2022-08-25T18:22:31","modified_gmt":"2022-08-25T16:22:31","slug":"svet-bez-spravedlnosti-patriarcha-kirill-vyjadril-to-o-cem-na-zapade-mlci","status":"publish","type":"post","link":"https:\/\/www.infokuryr.cz\/n\/2022\/08\/26\/svet-bez-spravedlnosti-patriarcha-kirill-vyjadril-to-o-cem-na-zapade-mlci\/","title":{"rendered":"\u201eSV\u011aT BEZ SPRAVEDLNOSTI\u201c: PATRIARCHA KIRIL VYJ\u00c1D\u0158IL TO, O \u010cEM NA Z\u00c1PAD\u011a ML\u010c\u00cd"},"content":{"rendered":"<div id=\"fb-root\"><\/div>\n<div class=\"article__intro\">\n<p>Patriarcha Moskvy a cel\u00e9ho Ruska Kiril p\u0159edsedal pravideln\u00e9mu zased\u00e1n\u00ed Svat\u00e9ho synodu Rusk\u00e9 pravoslavn\u00e9 c\u00edrkve. V \u00favodu setk\u00e1n\u00ed p\u0159ipomn\u011bl p\u016fvod speci\u00e1ln\u00ed operace na Ukrajin\u011b a to, \u017ee \u201esv\u011bt bez spravedlnosti je t\u00edm, co stmeluje a upev\u0148uje lidsk\u00e9 utrpen\u00ed\u201c. Jeho Svatost patriarcha tak\u00e9 hovo\u0159il o tom, o \u010dem se na Z\u00e1pad\u011b z\u00e1m\u011brn\u011b ml\u010d\u00ed, hovo\u0159il o Donbasu a NVO.<\/p>\n<\/div>\n<p><strong><em>Setk\u00e1v\u00e1me se v dob\u011b, kdy, jak v\u00edte, v rozlehl\u00fdch oblastech Svat\u00e9 Rusi nen\u00ed v\u0161e klidn\u00e9.\u00a0Mnoho lid\u00ed dnes trp\u00ed, opravdu trp\u00ed,<\/em><\/strong><\/p>\n<p>&#8211; Patriarcha Moskvy a cel\u00e9 Rusi Kiril upozornil na pr\u00e1ci p\u0159\u00ed\u0161t\u00edho zased\u00e1n\u00ed Posv\u00e1tn\u00e9ho synodu Rusk\u00e9 pravoslavn\u00e9 c\u00edrkve.<\/p>\n<p>Upozornil na skute\u010dnost, \u017ee \u201etoto utrpen\u00ed neza\u010dalo nyn\u00ed, jak n\u011bkte\u0159\u00ed tvrd\u00ed, ale trv\u00e1 posledn\u00edch osm let\u201c.\u00a0O tom v z\u00e1padn\u00edm tisku, stejn\u011b jako v politick\u00e9m prost\u0159ed\u00ed, kv\u016fli nacistick\u00e9mu kyjevsk\u00e9mu re\u017eimu rad\u011bji ml\u010d\u00ed.<\/p>\n<p>Jeho Svatost patriarcha ve sv\u00e9m uv\u00edtac\u00edm projevu tak\u00e9 odpov\u011bd\u011bl v\u0161em, kte\u0159\u00ed se na Z\u00e1pad\u011b sna\u017e\u00ed o\u010dernit ruskou pravoslavnou c\u00edrkev v souvislosti s vojenskou speci\u00e1ln\u00ed operac\u00ed, kterou Rusko prov\u00e1d\u00ed za demilitarizaci a denacifikaci Ukrajiny.<\/p>\n<p><strong><em>Na\u0161e c\u00edrkev v\u017edy nese slovo m\u00edru, sm\u00ed\u0159en\u00ed, &#8211; zd\u016fraznil patriarcha Kiril. &#8211; Pro c\u00edrkev nem\u016f\u017ee b\u00fdt jin\u00e9 slovo. Ale nelze \u0159\u00edci \u201em\u00edr\u201c, ani\u017e bychom sou\u010dasn\u011b nemluvili o spravedlnosti. Sv\u011bt bez spravedlnosti je t\u00edm, co stmeluje a udr\u017euje lidsk\u00e9 utrpen\u00ed.<\/em><\/strong><\/p>\n<p>Jeho Svatost patriarcha tak\u00e9 poznamenal, \u017ee \u201e\u017e\u00e1dn\u00fd m\u00edr bez spravedlnosti nen\u00ed stabiln\u00ed\u201c a nebude trvat dlouho.\u00a0A nab\u00eddl, \u017ee se bude modlit za brzk\u00fd m\u00edr a spravedlnost v zemi Donbasu.<\/p>\n<p><strong><em>Proto se dnes modl\u00edme za m\u00edr a spravedlnost, abychom nav\u0161t\u00edvili ty, kte\u0159\u00ed proch\u00e1zej\u00ed opravdu t\u011b\u017ek\u00fdm obdob\u00edm, pro\u017e\u00edvaj\u00ed osobn\u00ed utrpen\u00ed a sd\u00edlej\u00ed utrpen\u00ed sv\u00e9ho lidu, &#8211; \u0159ekl patriarcha Kirill.\u00a0\u201eBudeme se modlit, aby v\u0161echny tyto ud\u00e1losti co nejd\u0159\u00edve skon\u010dily, aby na zemi v Donbasu nastoupil m\u00edr a spravedlnost, aby zde byly p\u0159\u00edle\u017eitosti pro m\u00edrovou existenci lid\u00ed, pro dal\u0161\u00ed ekonomick\u00fd, duchovn\u00ed a kulturn\u00ed rozvoj t\u011bchto region\u016f.<\/em><\/strong><\/p>\n<p><img decoding=\"async\" loading=\"lazy\" class=\"alignnone size-full wp-image-1185\" src=\"http:\/\/www.infokuryr.cz\/n\/wp-content\/uploads\/2021\/04\/kuryr-podpis.png\" alt=\"\" width=\"84\" height=\"24\" \/><\/p>\n<p>&nbsp;<\/p>\n","protected":false},"excerpt":{"rendered":"<p>Patriarcha Moskvy a cel\u00e9ho Ruska Kiril p\u0159edsedal pravideln\u00e9mu zased\u00e1n\u00ed Svat\u00e9ho synodu Rusk\u00e9 pravoslavn\u00e9 c\u00edrkve. V&#8230;<\/p>\n","protected":false},"author":2,"featured_media":14134,"comment_status":"closed","ping_status":"closed","sticky":false,"template":"","format":"standard","meta":[],"categories":[7],"tags":[3149,2254,3150,22,1461],"_links":{"self":[{"href":"https:\/\/www.infokuryr.cz\/n\/wp-json\/wp\/v2\/posts\/14133"}],"collection":[{"href":"https:\/\/www.infokuryr.cz\/n\/wp-json\/wp\/v2\/posts"}],"about":[{"href":"https:\/\/www.infokuryr.cz\/n\/wp-json\/wp\/v2\/types\/post"}],"author":[{"embeddable":true,"href":"https:\/\/www.infokuryr.cz\/n\/wp-json\/wp\/v2\/users\/2"}],"replies":[{"embeddable":true,"href":"https:\/\/www.infokuryr.cz\/n\/wp-json\/wp\/v2\/comments?post=14133"}],"version-history":[{"count":0,"href":"https:\/\/www.infokuryr.cz\/n\/wp-json\/wp\/v2\/posts\/14133\/revisions"}],"wp:featuredmedia":[{"embeddable":true,"href":"https:\/\/www.infokuryr.cz\/n\/wp-json\/wp\/v2\/media\/14134"}],"wp:attachment":[{"href":"https:\/\/www.infokuryr.cz\/n\/wp-json\/wp\/v2\/media?parent=14133"}],"wp:term":[{"taxonomy":"category","embeddable":true,"href":"https:\/\/www.infokuryr.cz\/n\/wp-json\/wp\/v2\/categories?post=14133"},{"taxonomy":"post_tag","embeddable":true,"href":"https:\/\/www.infokuryr.cz\/n\/wp-json\/wp\/v2\/tags?post=14133"}],"curies":[{"name":"wp","href":"https:\/\/api.w.org\/{rel}","templated":true}]}}