{"id":14097,"date":"2022-08-25T01:16:05","date_gmt":"2022-08-24T23:16:05","guid":{"rendered":"http:\/\/www.infokuryr.cz\/n\/?p=14097"},"modified":"2022-08-25T07:00:32","modified_gmt":"2022-08-25T05:00:32","slug":"ceskemu-narodu-neni-pomoci","status":"publish","type":"post","link":"https:\/\/www.infokuryr.cz\/n\/2022\/08\/25\/ceskemu-narodu-neni-pomoci\/","title":{"rendered":"\u010cesk\u00e9mu n\u00e1rodu nen\u00ed pomoci"},"content":{"rendered":"<div id=\"fb-root\"><\/div>\n<p>Ani ve snu by mne nenapadlo, \u017ee volby mohou dopadnout tak stra\u0161liv\u00fdm zp\u016fsobem, \u017ee \u010ce\u0161i tak rychle zapomenou na brut\u00e1ln\u00ed devastaci \u010cR p\u0159i vl\u00e1d\u00e1ch ODS a TOP09. Mlad\u00fdm bych to odpustil. Maj\u00ed rychl\u00e9 soudy, nic si nep\u0159e\u010dtou, nepoc\u00edtili na vlastn\u00ed k\u016f\u017ei tu devastaci na\u0161\u00ed zem\u011b za pravicov\u00fdch vl\u00e1d. Nev\u00ed nic o t\u00e9 arm\u00e1d\u011b kmotr\u016f a mafi\u00e1n\u016f p\u0159is\u00e1t\u00fdch na dan\u011b n\u00e1s v\u0161ech, na zlo\u010diny kuponov\u00e9 privatizace, rozkraden\u00fdch 300 mld. d\u016fchodov\u00e9ho fondu, na ekonomickou devastaci rozprod\u00e1n\u00ed v\u0161eho v\u010detn\u011b strategick\u00fdch surovin, ty zlat\u00e9 pad\u00e1ky za zdevastov\u00e1n\u00ed polost\u00e1tn\u00edch podnik\u016f a raketov\u00e9 zadlu\u017eov\u00e1n\u00ed na\u0161\u00ed zem\u011b. Ale co my, kte\u0159\u00ed jsme za\u017eili to utahov\u00e1n\u00ed opask\u016f soci\u00e1ln\u011b slab\u00fdch, aby bylo \u010d\u00edm nakrmit ty Krej\u010d\u00ed\u0159e, Ko\u017een\u00e9, Bakaly Janou\u0161ky? To jsme opravdu u\u017e zapomn\u011bli na tu bezuzdnou lichvu a \u0159\u00e1d\u011bn\u00ed exekutor\u016f, \u010deho\u017e v\u00fdsledkem bylo 60 tis\u00edc bezdomovc\u016f a 800 tis\u00edc lid\u00ed v exekuci, na klienty HSyst\u00e9mu?<\/p>\n<p>Opravdu jsme zapomn\u011bli, \u017ee se p\u0159estaly stav\u011bt d\u00e1lnice byty, proto\u017ee ODS a Top09 byly v\u00edc ne\u017e \u010d\u00edmkoli jin\u00fdm zam\u011bstn\u00e1ny vytv\u00e1\u0159en\u00edm \u010dern\u00fdch d\u011br a tunel\u016f, kter\u00fdmi tekly dan\u011b n\u00e1s v\u0161ech do jejich kapsy? Zapomn\u011bli jsme na MPSV Dr\u00e1bka z TOP09, kter\u00fd ud\u011blal ze soci\u00e1ln\u011b slab\u00fdch \u017eebr\u00e1ky a z t\u011blesn\u011b posti\u017een\u00fdch pr\u00e1ce schopn\u00e9, sebral jim st\u00e1tn\u00ed podporu, proto\u017ee i po mrtvici nebo bez nohou \u010di bez jedn\u00e9 ruky se d\u00e1 j\u00edt do pr\u00e1ce?<\/p>\n<p>Jak jsme mohli tak zmago\u0159it, \u017ee jsme odm\u00edtli \u00fasil\u00ed \u010dlov\u011bka, kter\u00fd n\u00edzkop\u0159\u00edjmov\u00fdm ob\u010dan\u016fm, d\u016fchodc\u016fm u\u010ditel\u016fm a podfinancovan\u00fdm zam\u011bstnanc\u016fm st\u00e1tn\u00ed spr\u00e1vy pomohl v\u00edc ne\u017e smet\u00e1nce? Jak to, \u017ee nechceme \u010dlov\u011bka, kter\u00fd za norm\u00e1ln\u00edho stavu bez pandemie sestavil vyrovnan\u00fd rozpo\u010det a zvedl ekonomickou prosperitu \u010cR, kterou n\u00e1m z\u00e1vid\u011bla cel\u00e1 Evropa. Odsuzujeme \u010dlov\u011bka, kter\u00fd pro n\u00e1s v\u0161echny pracoval 16 hodin denn\u011b \u00fapln\u011b zdarma, kter\u00fd cel\u00fd sv\u016fj plat ka\u017ed\u00fd m\u011bs\u00edc po dobu osmi let pos\u00edlal pot\u0159ebn\u00fdm, kter\u00fd dal \u0161anci na d\u016fstojn\u00fd \u017eivot nejen prominent\u016fm, ale v\u0161em ob\u010dan\u016fm t\u00e9to zem\u011b a kter\u00fd jako jedin\u00fd miliard\u00e1\u0159 sv\u011bta p\u0159i\u0161el p\u0159i sv\u00e9 politick\u00e9 anga\u017eovanosti o nemalou \u010d\u00e1st jm\u011bn\u00ed a v \u017eeb\u0159\u00ed\u010dku \u010desk\u00fdch miliard\u00e1\u0159\u016f se propadl z druh\u00e9ho na \u0161est\u00e9 m\u00edsto.<\/p>\n<p>Jak jsme se mohli nechat op\u00edt rohl\u00edkem, \u00fapln\u011b zblbnout Bakaloviz\u00ed \u010cT09 a cel\u00fdm zkorumpovan\u00fdm medi\u00e1ln\u00edm prostorem ve slu\u017eb\u00e1ch nejv\u011bt\u0161\u00edho polistopadov\u00e9ho gr\u00e1zla Bakaly, kter\u00fd n\u00e1s v\u0161echny okradl o sto mld. a horn\u00edky o 40 tis. byt\u016f, se kter\u00fdmi vesele je\u0161t\u011b ned\u00e1vno k\u0161eftoval? Jak to, \u017ee takov\u00fd zmetek tady naprosto z\u00e1sadn\u011b ovliv\u0148uje politiku v Hospod\u00e1\u0159sk\u00fdch Novin\u00e1ch, Respektu a dal\u0161\u00edch sv\u00fdch m\u00e9di\u00edch (Aktu\u00e1ln\u011b.cz)? To jsme v\u00e1\u017en\u011b neprohl\u00e9dli, \u017ee ve\u0159ejnopr\u00e1vn\u00ed televize, kter\u00e9 mus\u00edme povinn\u011b odv\u00e1d\u011bt konc. poplatky za cel\u00fdch osm let nevpustila do sv\u00e9ho studia ani na vte\u0159inu jedin\u00e9ho politologa analytika ekonoma, kter\u00fd by za premi\u00e9ra, prezidenta a vl\u00e1du ztratil jedin\u00e9 dobr\u00e9 slovo, \u017ee v nep\u0159etr\u017eit\u00fdch l\u017e\u00edch fabulac\u00edch a tragikomick\u00fdch konspirac\u00edch pron\u00e1sledovala, lyn\u010dovala premi\u00e9ra i jeho rodinu, vl\u00e1du i <u>prezidenta na\u0161\u00ed zem\u011b<\/u>. Jak m\u016f\u017eeme b\u00fdt demokratick\u00fdm st\u00e1tem, kdy\u017e polovina sn\u011bmovny, sen\u00e1t, justice v \u010dele s \u00dastavn\u00edm soudem s obrovskou masivn\u00ed podporou m\u00e9di\u00ed zadup\u00e1vaj\u00ed do zem\u011b v\u00fdsledky svobodn\u00fdch voleb a brut\u00e1ln\u00edm zp\u016fsobem \u0161lapou po principech demokracie.<\/p>\n<p><img decoding=\"async\" loading=\"lazy\" class=\"wp-image-11838 aligncenter\" src=\"http:\/\/www.infokuryr.cz\/n\/wp-content\/uploads\/2022\/06\/bakal-albrich-300x175.jpg\" alt=\"\" width=\"538\" height=\"314\" srcset=\"https:\/\/www.infokuryr.cz\/n\/wp-content\/uploads\/2022\/06\/bakal-albrich-300x175.jpg 300w, https:\/\/www.infokuryr.cz\/n\/wp-content\/uploads\/2022\/06\/bakal-albrich-1024x597.jpg 1024w, https:\/\/www.infokuryr.cz\/n\/wp-content\/uploads\/2022\/06\/bakal-albrich-768x448.jpg 768w, https:\/\/www.infokuryr.cz\/n\/wp-content\/uploads\/2022\/06\/bakal-albrich.jpg 1200w\" sizes=\"(max-width: 538px) 100vw, 538px\" \/><\/p>\n<p>M\u00e9dia maj\u00ed nejv\u011bt\u0161\u00ed moc. Ano, to je pravda, ale nikdy by mne nenapadlo, \u017ee v\u011bt\u0161in\u011b lidem \u00fapln\u011b vypatlaj\u00ed mozek, \u017ee lid\u00e9 onemocn\u00ed anamn\u00e9zou, \u017ee si zvol\u00ed za premi\u00e9ra l\u00eddra gangster\u016f, kte\u0159\u00ed tu 25 let \u0159\u00e1dili jako \u010dern\u00e1 ruka, \u017ee si zvol\u00ed \u010dlov\u011bka, kter\u00e9mu nikdo nev\u011b\u0159\u00ed, kter\u00fd se v \u017eeb\u0159\u00ed\u010dku d\u016fv\u011bryhodnosti politik\u016f pohybuje na posledn\u00edch p\u0159\u00ed\u010dk\u00e1ch, nav\u00edc \u010dlov\u011bka fyzicky zjevn\u011b o\u0161kliv\u00e9ho a\u017e odpudiv\u00e9ho bez \u0161petky charisma, kter\u00e9mu te\u010dou za tragikomick\u00e9 bl\u00e1boly o Barm\u011b miliony do vlastn\u00ed kapsy z jeho neziskovky a jeho\u017e hlavn\u00edm n\u00e1strojem je LE\u017d. A jak se m\u016f\u017ee st\u00e1t, \u017ee v\u00fdsledky voleb n\u00e1m v televizn\u00edm studiu komentuj\u00ed ti nejhor\u0161\u00ed gangste\u0159i politick\u00e9 sc\u00e9ny, kte\u0159\u00ed by v pr\u00e1vn\u00edm st\u00e1t\u011b u\u017e d\u00e1vno hnili v base? M\u00e1me se v\u011bru na co t\u011b\u0161it.<\/p>\n<p>Mlad\u00ed \u0159\u00edkali, \u017ee sta\u0159\u00ed vol\u00ed \u0161patn\u00e9 strany &#8211; No mlad\u00ed si to posrali sami. A\u0165 si to vy\u017eerou.<\/p>\n<p><em>Do\u0161li mailem&#8230;<\/em><\/p>\n<p><img decoding=\"async\" loading=\"lazy\" class=\"alignnone size-full wp-image-1185\" src=\"http:\/\/www.infokuryr.cz\/n\/wp-content\/uploads\/2021\/04\/kuryr-podpis.png\" alt=\"\" width=\"84\" height=\"24\" \/><\/p>\n<p>&nbsp;<\/p>\n","protected":false},"excerpt":{"rendered":"<p>Ani ve snu by mne nenapadlo, \u017ee volby mohou dopadnout tak stra\u0161liv\u00fdm zp\u016fsobem, \u017ee \u010ce\u0161i&#8230;<\/p>\n","protected":false},"author":2,"featured_media":4823,"comment_status":"closed","ping_status":"closed","sticky":false,"template":"","format":"standard","meta":[],"categories":[6],"tags":[161,1025,158,27],"_links":{"self":[{"href":"https:\/\/www.infokuryr.cz\/n\/wp-json\/wp\/v2\/posts\/14097"}],"collection":[{"href":"https:\/\/www.infokuryr.cz\/n\/wp-json\/wp\/v2\/posts"}],"about":[{"href":"https:\/\/www.infokuryr.cz\/n\/wp-json\/wp\/v2\/types\/post"}],"author":[{"embeddable":true,"href":"https:\/\/www.infokuryr.cz\/n\/wp-json\/wp\/v2\/users\/2"}],"replies":[{"embeddable":true,"href":"https:\/\/www.infokuryr.cz\/n\/wp-json\/wp\/v2\/comments?post=14097"}],"version-history":[{"count":1,"href":"https:\/\/www.infokuryr.cz\/n\/wp-json\/wp\/v2\/posts\/14097\/revisions"}],"predecessor-version":[{"id":14098,"href":"https:\/\/www.infokuryr.cz\/n\/wp-json\/wp\/v2\/posts\/14097\/revisions\/14098"}],"wp:featuredmedia":[{"embeddable":true,"href":"https:\/\/www.infokuryr.cz\/n\/wp-json\/wp\/v2\/media\/4823"}],"wp:attachment":[{"href":"https:\/\/www.infokuryr.cz\/n\/wp-json\/wp\/v2\/media?parent=14097"}],"wp:term":[{"taxonomy":"category","embeddable":true,"href":"https:\/\/www.infokuryr.cz\/n\/wp-json\/wp\/v2\/categories?post=14097"},{"taxonomy":"post_tag","embeddable":true,"href":"https:\/\/www.infokuryr.cz\/n\/wp-json\/wp\/v2\/tags?post=14097"}],"curies":[{"name":"wp","href":"https:\/\/api.w.org\/{rel}","templated":true}]}}