{"id":14090,"date":"2022-08-25T01:15:26","date_gmt":"2022-08-24T23:15:26","guid":{"rendered":"http:\/\/www.infokuryr.cz\/n\/?p=14090"},"modified":"2022-08-24T18:40:14","modified_gmt":"2022-08-24T16:40:14","slug":"lotyssti-naciste-s-tezkou-technikou-zborili-legendarni-pamatnik-v-rize","status":"publish","type":"post","link":"https:\/\/www.infokuryr.cz\/n\/2022\/08\/25\/lotyssti-naciste-s-tezkou-technikou-zborili-legendarni-pamatnik-v-rize\/","title":{"rendered":"Loty\u0161\u0161t\u00ed nacist\u00e9 s t\u011b\u017ekou technikou zbo\u0159ili legend\u00e1rn\u00ed pam\u00e1tn\u00edk v Rize"},"content":{"rendered":"<div id=\"fb-root\"><\/div>\n<p><span style=\"font-size: 18pt;\"><strong>Socha \u201eVlast\u201c je pora\u017eena v Loty\u0161sku u pam\u00e1tn\u00edku Osvoboditel\u016f Rigy v Parku v\u00edt\u011bzstv\u00ed.<\/strong><\/span><\/p>\n<p>Nacist\u00e9 pokra\u010duj\u00ed ve sv\u00e9 \u0161pinav\u00e9 pr\u00e1ci.\u00a0P\u0159i demolici pomn\u00edku z podstavce t\u011b\u017ekou stavebn\u00ed technikou plastika spadla a roz\u0161t\u011bpila se.<\/p>\n<p>Rusk\u00e1 ambas\u00e1da ozna\u010dila demolici pam\u011btn\u00edho komplexu, \u201ekter\u00fd se stal nesmrteln\u00fdm symbolem pam\u011bti lid\u00ed a vd\u011bku obyvatel republiky za hrdinsk\u00fd \u010din voj\u00e1k\u016f Rud\u00e9 arm\u00e1dy, barbarsk\u00fdm rusofobn\u00edm trikem a dal\u0161\u00edm vandalsk\u00fdm \u010dinem na st\u00e1tn\u00ed \u00farovni.<\/p>\n<p>Jedn\u00e1 se o flagrantn\u00ed sv\u00e9voli a znesv\u011bcen\u00ed pam\u00e1tky stovek tis\u00edc sov\u011btsk\u00fdch voj\u00e1k\u016f, v\u010detn\u011b Rus\u016f, Loty\u0161\u016f a z\u00e1stupc\u016f dal\u0161\u00edch bratrsk\u00fdch n\u00e1rod\u016f, kte\u0159\u00ed bojovali bok po boku a vyhr\u00e1li smrt\u00edc\u00ed bitvu s absolutn\u00edm zlem &#8211; fa\u0161ismem, br\u00e1n\u00edc\u00edm pr\u00e1vo na existenci. pro Loty\u0161sko a cel\u00fd evropsk\u00fd kontinent.<\/p>\n<p><img decoding=\"async\" loading=\"lazy\" class=\"alignnone size-full wp-image-1185\" src=\"http:\/\/www.infokuryr.cz\/n\/wp-content\/uploads\/2021\/04\/kuryr-podpis.png\" alt=\"\" width=\"84\" height=\"24\" \/><\/p>\n<p>&nbsp;<\/p>\n","protected":false},"excerpt":{"rendered":"<p>Socha \u201eVlast\u201c je pora\u017eena v Loty\u0161sku u pam\u00e1tn\u00edku Osvoboditel\u016f Rigy v Parku v\u00edt\u011bzstv\u00ed. Nacist\u00e9 pokra\u010duj\u00ed&#8230;<\/p>\n","protected":false},"author":2,"featured_media":14091,"comment_status":"closed","ping_status":"closed","sticky":false,"template":"","format":"standard","meta":[],"categories":[7],"tags":[2161,210,871,2071],"_links":{"self":[{"href":"https:\/\/www.infokuryr.cz\/n\/wp-json\/wp\/v2\/posts\/14090"}],"collection":[{"href":"https:\/\/www.infokuryr.cz\/n\/wp-json\/wp\/v2\/posts"}],"about":[{"href":"https:\/\/www.infokuryr.cz\/n\/wp-json\/wp\/v2\/types\/post"}],"author":[{"embeddable":true,"href":"https:\/\/www.infokuryr.cz\/n\/wp-json\/wp\/v2\/users\/2"}],"replies":[{"embeddable":true,"href":"https:\/\/www.infokuryr.cz\/n\/wp-json\/wp\/v2\/comments?post=14090"}],"version-history":[{"count":1,"href":"https:\/\/www.infokuryr.cz\/n\/wp-json\/wp\/v2\/posts\/14090\/revisions"}],"predecessor-version":[{"id":14092,"href":"https:\/\/www.infokuryr.cz\/n\/wp-json\/wp\/v2\/posts\/14090\/revisions\/14092"}],"wp:featuredmedia":[{"embeddable":true,"href":"https:\/\/www.infokuryr.cz\/n\/wp-json\/wp\/v2\/media\/14091"}],"wp:attachment":[{"href":"https:\/\/www.infokuryr.cz\/n\/wp-json\/wp\/v2\/media?parent=14090"}],"wp:term":[{"taxonomy":"category","embeddable":true,"href":"https:\/\/www.infokuryr.cz\/n\/wp-json\/wp\/v2\/categories?post=14090"},{"taxonomy":"post_tag","embeddable":true,"href":"https:\/\/www.infokuryr.cz\/n\/wp-json\/wp\/v2\/tags?post=14090"}],"curies":[{"name":"wp","href":"https:\/\/api.w.org\/{rel}","templated":true}]}}