{"id":14084,"date":"2022-08-25T01:11:18","date_gmt":"2022-08-24T23:11:18","guid":{"rendered":"http:\/\/www.infokuryr.cz\/n\/?p=14084"},"modified":"2022-08-24T17:45:17","modified_gmt":"2022-08-24T15:45:17","slug":"peter-haisenko-usa-chteji-ospravedlnit-kradez-7-miliard-dolaru-z-afghanistanu","status":"publish","type":"post","link":"https:\/\/www.infokuryr.cz\/n\/2022\/08\/25\/peter-haisenko-usa-chteji-ospravedlnit-kradez-7-miliard-dolaru-z-afghanistanu\/","title":{"rendered":"Peter Haisenko: USA cht\u011bj\u00ed ospravedlnit kr\u00e1de\u017e 7 miliard dolar\u016f z Afgh\u00e1nist\u00e1nu"},"content":{"rendered":"<div id=\"fb-root\"><\/div>\n<p class=\"bodytext\"><span>Po potupn\u00e9m \u00fat\u011bku americk\u00e9 arm\u00e1dy z Afgh\u00e1nist\u00e1nu za sebou nechala t\u00e9m\u011b\u0159 ve\u0161kerou vojenskou techniku.\u00a0Americk\u00e1 vl\u00e1da pot\u00e9 zmrazila 7 miliard dolar\u016f, kter\u00e9 pat\u0159ily Afgh\u00e1nist\u00e1nu, ale byly ulo\u017eeny v bank\u00e1ch v New Yorku.\u00a0Nyn\u00ed tvo\u0159\u00ed \u00fa\u010det za v\u00e1le\u010dn\u00fd materi\u00e1l, kter\u00fd po nich z\u016fstal.<\/span><\/p>\n<p class=\"bodytext\"><span>Anal\u00fdza americk\u00e9ho ministerstva obrany za\u010d\u00edn\u00e1 tvrzen\u00edm, \u017ee vl\u00e1da Talibanu \u201ezabavila\u201c americk\u00e9 vybaven\u00ed.\u00a0Tuto formulaci pova\u017euji za nevhodnou.\u00a0USA selhaly nebo nebyly schopny zorganizovat jejich \u00fat\u011bk tak, aby si mohli vz\u00edt sv\u00e9 v\u011bci s sebou.\u00a0Pr\u00e1v\u011b za sebou nechali tuny vysoce nebezpe\u010dn\u00fdch v\u011bc\u00ed.\u00a0Krom\u011b vozidel, letadel a vrtuln\u00edk\u016f jsou to i zbran\u011b, munice a v\u00fdbu\u0161niny, z nich\u017e n\u011bkter\u00e9 jsou natolik po\u0161kozen\u00e9, \u017ee jsou nejen nepou\u017eiteln\u00e9, ale po\u0161kozen\u00edm jsou i extr\u00e9mn\u011b nebezpe\u010dn\u00e9.\u00a0U\u0161et\u0159ili si n\u00e1mahu likvidace t\u011bchto zb\u00fdvaj\u00edc\u00edch z\u00e1sob v\u00e1le\u010dn\u00e9ho materi\u00e1lu sami.\u00a0Jak se d\u00e1 mluvit o konfiskaci\u00a0co kdy\u017e to te\u010f p\u0159evezme K\u00e1bul?\u00a0Nejde sp\u00ed\u0161e o ukl\u00edzen\u00ed necht\u011bn\u00fdch zbytk\u016f po nezvan\u00e9m hostu, kter\u00e9 se v lep\u0161\u00edm p\u0159\u00edpad\u011b je\u0161t\u011b daj\u00ed vyu\u017e\u00edt?<\/span><\/p>\n<p class=\"bodytext\"><span style=\"font-size: 18pt;\"><strong>7 miliard vs 7 miliard?<\/strong><\/span><\/p>\n<p class=\"bodytext\"><span>Ale za\u010dne to b\u00fdt zaj\u00edmav\u00e9, kdy\u017e zjist\u00edte \u201ehodnotu\u201c d\u011bdictv\u00ed ur\u010den\u00e9ho ve Washingtonu.\u00a0M\u011blo by j\u00edt p\u0159esn\u011b o 7,12 miliardy dolar\u016f.\u00a0N\u011bkdo v\u0161ak mohl toto \u010d\u00edslo ur\u010dit.\u00a0Ale toto \u010d\u00edslo m\u00e1 sv\u00e9 pozad\u00ed.\u00a0Vzpom\u00edn\u00e1m si na p\u0159ibli\u017en\u011b sedm miliard afgh\u00e1nsk\u00fdch dolar\u016f, kter\u00e9 Washington \u201ezmrazil\u201c.\u00a0Nen\u00ed to p\u0159esn\u011b 7,12 miliardy?\u00a0Jde tedy skute\u010dn\u011b o legitimizaci kr\u00e1de\u017ee t\u011bchto miliard?\u00a0\u017de je nikdy nemus\u00edte vr\u00e1tit, alespo\u0148 podle americk\u00e9ho ch\u00e1p\u00e1n\u00ed?\u00a0\u017de vl\u00e1da Talibanu st\u00e1le nesm\u00ed pou\u017e\u00edt tyto pen\u00edze ke zm\u00edrn\u011bn\u00ed nekontrolovateln\u00e9ho hladomoru?\u00a0S c\u00edlem uk\u00e1zat sv\u011btu, jak \u0161patn\u00e9 to bude, kdy\u017e vyhod\u00edte Ameri\u010dany?<\/span><\/p>\n<p class=\"bodytext\"><span>K tomuto \u201ehodnocen\u00ed hodnoty\u201c americk\u00e1 strana poznamen\u00e1v\u00e1: Podle zpr\u00e1vy byla v\u011bt\u0161ina hlavn\u00edch obrann\u00fdch za\u0159\u00edzen\u00ed \u201edemilitarizov\u00e1na a znefunk\u010dn\u011bna b\u011bhem evakuace\u201c, a dokonce ani ta, kter\u00e1 nebyla demilitarizov\u00e1na, pravd\u011bpodobn\u011b nebudou slou\u017eit Talibanu po dlouhou dobu. obdob\u00ed, proto\u017ee existuje logistick\u00e1 podpora, n\u00e1hradn\u00ed d\u00edly a nezbytn\u00fd v\u00fdcvik pro s\u00edly Talibanu, aby udr\u017eely zajat\u00e9 vrtuln\u00edky UH-60 Black Hawk ve vzduchu nap\u0159\u00edklad d\u00e9le ne\u017e n\u011bkolik hodin.\u00a0Aha, tak ty chce\u0161 pen\u00edze za v\u011bci, kter\u00e9 jsi ud\u011blal k ni\u010demu.<\/span><\/p>\n<p class=\"bodytext\"><span>Tot\u00e9\u017e v\u0161ak nemus\u00ed nutn\u011b platit pro opu\u0161t\u011bn\u00e9 pu\u0161ky, pistole, bazuky a dal\u0161\u00ed ru\u010dn\u00ed zbran\u011b, jejich\u017e \u201eprovozn\u00ed stav byl nezn\u00e1m\u00fd\u201c, kdy\u017e je b\u011bhem kolapsu ANDSF zabavil Taliban.\u00a0&#8222;Od roku 2005 ministerstvo obrany po\u0159\u00eddilo 427 300 zbran\u00ed v hodnot\u011b 612 milion\u016f USD pro afgh\u00e1nsk\u00e9 vojensk\u00e9 a bezpe\u010dnostn\u00ed s\u00edly, v\u010detn\u011b 258 300 pu\u0161ek, 6 300 odst\u0159elova\u010dsk\u00fdch pu\u0161ek, 64 300 pistol\u00ed, 56 155 kulomet\u016f a kulomet\u016f 24, 31 000 kulomet\u016f. Zpr\u00e1va.<\/span><\/p>\n<p class=\"bodytext\"><span style=\"font-size: 18pt;\"><strong>Jde o pen\u00edze<\/strong><\/span><\/p>\n<p class=\"bodytext\"><span>Tato \u010d\u00edsla ukazuj\u00ed cel\u00e9 \u0161\u00edlenstv\u00ed jak\u00e9koli v\u00e1lky.\u00a0Jak by se dnes lidem v Afgh\u00e1nist\u00e1nu da\u0159ilo, kdyby tam m\u00edsto v\u00e1le\u010dn\u00e9ho materi\u00e1lu byly p\u0159ivezeny p\u0159edm\u011bty, kter\u00e9 by mohly b\u00fdt pou\u017eity pro civiln\u00ed \u00fa\u010dely?\u00a0Ale takov\u00e9 my\u0161lenky zjevn\u011b ve Washingtonu neexistuj\u00ed, jak nazna\u010duj\u00ed koment\u00e1\u0159e republik\u00e1nsk\u00fdch \u010dlen\u016f Kongresu USA v dopise americk\u00e9mu ministru obrany Lloydu Austinovi v lo\u0148sk\u00e9m roce:<\/span><\/p>\n<p class=\"bodytext\"><span>&#8222;Je neodpustiteln\u00e9, \u017ee high-tech vojensk\u00e9 vybaven\u00ed placen\u00e9 americk\u00fdmi da\u0148ov\u00fdmi poplatn\u00edky padlo do rukou Talibanu a jeho teroristick\u00fdch spojenc\u016f. Zabezpe\u010den\u00ed majetku USA by bylo hlavn\u00ed prioritou americk\u00e9ho ministerstva obrany p\u0159ed ozn\u00e1men\u00edm Afgh\u00e1nci se mus\u00ed st\u00e1hnout.&#8220;\u00a0Ve Washingtonu tedy jako v\u017edy nejde o lidsk\u00e9 \u017eivoty, demokracii nebo d\u016fstojnost, ale o pen\u00edze.\u00a0V tomto p\u0159\u00edpad\u011b sm\u011b\u0161n\u00e9 sumy, proto\u017ee co je v dne\u0161n\u00ed dob\u011b sedm miliard?\u00a0Kde americk\u00e9 ministerstvo financ\u00ed v posledn\u00edch letech pravideln\u011b z\u00edsk\u00e1valo tis\u00edce miliard nov\u00fdch p\u016fj\u010dek, aby zakrylo st\u00e1tn\u00ed bankrot.\u00a0V tomto konkr\u00e9tn\u00edm p\u0159\u00edpad\u011b jde ale tak\u00e9 o to, aby se Afgh\u00e1nist\u00e1n po \u00fat\u011bku americk\u00e9 arm\u00e1dy dob\u0159e nerozjel z vlastn\u00edch pen\u011bz.\u00a0Pro americkou arm\u00e1du jsou ale mnohem d\u016fle\u017eit\u011bj\u0161\u00ed ot\u00e1zky.\u00a0Rusov\u00e9 a \u010c\u00ed\u0148an\u00e9 nyn\u00ed maj\u00ed p\u0159\u00edstup k opu\u0161t\u011bn\u00fdm americk\u00fdm zbra\u0148ov\u00fdm syst\u00e9m\u016fm a mohou je ve sv\u00e9m voln\u00e9m \u010dase analyzovat.<\/span><\/p>\n<p class=\"bodytext\"><span style=\"font-size: 18pt;\"><strong>USA a Pipi Dlouh\u00e1 pun\u010docha<\/strong><\/span><\/p>\n<p class=\"bodytext\"><span>USA jednaj\u00ed podle hesla Pipi Dlouh\u00e9 pun\u010dochy: D\u011bl\u00e1m sv\u016fj sv\u011bt tak, jak ho m\u00e1m r\u00e1d.\u00a0Nejprve okradete sedm miliard, pak si mus\u00edte uv\u011bdomit, \u017ee se to nejen chv\u00e1l\u00ed, a pak vytvo\u0159\u00edte nov\u00e1 pravidla, kter\u00e1 maj\u00ed loupe\u017e n\u00e1sledn\u011b legitimizovat.\u00a0Pr\u00e1v\u011b kladen\u00edm po\u017eadavk\u016f, kter\u00e9 jsou n\u00e1hodou p\u0159esn\u011b ve v\u00fd\u0161i, kter\u00e1 odpov\u00edd\u00e1 loupe\u017ei.\u00a0Pravd\u011bpodobn\u011b se tedy chcete postavit nastupuj\u00edc\u00edm po\u017eadavk\u016fm neamerick\u00e9ho sv\u011bta a m\u00edt mo\u017enost si ukraden\u00e9 zbo\u017e\u00ed nav\u017edy ponechat.\u00a0Existuj\u00ed tak\u00e9 nov\u00e1 pravidla, kter\u00e1 jsem d\u0159\u00edve neznal, kdy\u017e po\u017eadujete platbu za n\u011bco, co nebylo po\u017eadov\u00e1no ani po\u017eadov\u00e1no.<\/span><\/p>\n<p class=\"bodytext\"><span>Nezapom\u00ednejme, \u017ee agresivn\u00ed v\u00e1lka proti Afgh\u00e1nist\u00e1nu, ano, j\u00e1 tomu \u0159\u00edk\u00e1m agresivn\u00ed v\u00e1lka analogicky k Ukrajin\u011b, nebyla ni\u010d\u00edm legitimizov\u00e1na.\u00a0Ale pokud USA vyhl\u00e1sily \u201ev\u00e1lku proti teroru\u201c, nepot\u0159ebuj\u00ed plazet od OSN, a pokud jsou to USA, je to obrann\u00e1 v\u00e1lka.\u00a0A to i p\u0159esto, \u017ee Afgh\u00e1nist\u00e1n (nemluv\u011b o Libyi, Ir\u00e1ku \u010di S\u00fdrii) na USA nikdy neza\u00fato\u010dil a nikdy nemohl, a to je v p\u0159\u00edkr\u00e9m rozporu se situac\u00ed mezi Moskvou a Kyjevem.\u00a0Pokud jste sly\u0161eli bojovn\u00e9 t\u00f3ny z Kyjeva, kter\u00fd po\u010d\u00edt\u00e1 se 14 000 mrtv\u00fdmi na Donbasu, nen\u00ed \u00fapln\u011b absurdn\u00ed, aby Moskva vyhl\u00e1sila obrannou v\u00e1lku.<\/span><\/p>\n<p class=\"bodytext\"><span style=\"font-size: 18pt;\"><strong>V Americe miz\u00ed pen\u00edze a zlato<\/strong><\/span><\/p>\n<p class=\"bodytext\"><span>Stejn\u011b jako nikdo nev\u00ed, kde a zda je n\u011bmeck\u00e9 zlato je\u0161t\u011b v USA, nikdo nev\u00ed, kdo se ji\u017e obohatil o afgh\u00e1nsk\u00e9 miliardy.\u00a0Zda v\u016fbec je\u0161t\u011b existuj\u00ed zp\u016fsobem, ke kter\u00e9mu m\u00e1 americk\u00e1 vl\u00e1da p\u0159\u00edstup.\u00a0Tak\u017ee je to op\u011bt jeden z obvykl\u00fdch obchodn\u00edch trik\u016f Washingtonu, kdy\u017e nyn\u00ed tvrd\u00ed, \u017ee to, co se stalo, je p\u0159esn\u011b to, co dlu\u017e\u00ed Afgh\u00e1nist\u00e1nu.\u00a0To je zhruba p\u0159\u00edpad, kdy n\u011bkdo bez povolen\u00ed zaparkoval sv\u016fj star\u00fd moped v ciz\u00ed stodole a o rok pozd\u011bji po\u017eaduje v\u00fdkupn\u00ed cenu za \u0161rot, proto\u017ee s\u00e1m dlu\u017e\u00ed majiteli stodoly v\u00fd\u0161i pohled\u00e1vky.<\/span><\/p>\n<p class=\"bodytext\"><span style=\"font-size: 18pt;\"><strong>USA by musely prov\u00e9st reparace<\/strong><\/span><\/p>\n<p class=\"bodytext\"><span>Ve skute\u010dnosti by to m\u011blo b\u00fdt naopak.\u00a0USA by musely platit reparace Afgh\u00e1nist\u00e1nu za \u0161kody, kter\u00e9 zp\u016fsobily lidem a majetku v zemi.\u00a0Tot\u00e9\u017e plat\u00ed pro v\u0161echny zem\u011b, na kter\u00e9 USA za\u00fato\u010dily \u00fato\u010dn\u00fdmi v\u00e1lkami, kter\u00e9 poru\u0161uj\u00ed mezin\u00e1rodn\u00ed pr\u00e1vo a uvrhly se do b\u00eddy.\u00a0S v\u00e1lkami, kter\u00e9 byly ospravedln\u011bny l\u017e\u00ed a kter\u00e9 nebylo mo\u017en\u00e9 ospravedlnit ni\u010d\u00edm.\u00a0Ale nem\u016f\u017eete si vybrat z kapsy nah\u00e9ho mu\u017ee nebo zem\u011b, kter\u00e1 je ve skute\u010dnosti po desetilet\u00ed v bankrotu.\u00a0Pokud m\u00e1 pak je\u0161t\u011b v ruce ten &#8222;v\u011bt\u0161\u00ed revolver&#8220;, tak nen\u00ed nikdo, kdo by ho cht\u011bl volat k objedn\u00e1vce.\u00a0Pokud se sv\u011bt neprobud\u00ed a nebude po\u017eadovat skute\u010dn\u00e9 zbo\u017e\u00ed na export m\u00edsto zelen\u011b poti\u0161t\u011bn\u00e9ho pap\u00edru, tedy dolarov\u00fdch bankovek, vyroben\u00fdch v jak\u00e9mkoli mno\u017estv\u00ed.<\/span><\/p>\n<p class=\"bodytext\"><span>USA se kategoricky odm\u00edtaj\u00ed podrobit rozsudku nez\u00e1visl\u00e9ho mezin\u00e1rodn\u00edho soudu.\u00a0\u017d\u00e1dn\u00e1 zem\u011b tedy nem\u016f\u017ee podat \u017ealobu na Spojen\u00e9 st\u00e1ty.\u00a0Toto je chov\u00e1n\u00ed tyrana.\u00a0Nezb\u00fdv\u00e1 ne\u017e doufat, \u017ee sou\u010dasn\u00fd v\u00fdvoj tomu u\u010din\u00ed p\u0159\u00edtr\u017e.\u00a0Ale a\u0165 tak \u010di onak, neexistuje \u017e\u00e1dn\u00e1 nad\u011bje, \u017ee by USA n\u011bkdy byly pohn\u00e1ny k odpov\u011bdnosti.\u00a0Ne mor\u00e1ln\u011b a rozhodn\u011b ne finan\u010dn\u011b.<\/span><\/p>\n<p class=\"bodytext\"><span>Jak jsem \u0159ekl, nah\u00e9mu mu\u017ei se do kapsy nevejde.\u00a0Ale jakmile bude glob\u00e1ln\u00ed dominance USA zlomena, mnoho zem\u00ed bude vzkv\u00e9tat a USA budou muset ud\u011blat v\u0161e pro to, aby samy neupadly do chaosu.\u00a0Doufejme, \u017ee se nebudou chovat jako Britsk\u00e9 imp\u00e9rium: pokud padneme, zbytek sv\u011bta p\u016fjde s n\u00e1mi.\u00a0V\u00fdsledek byl tehdy nazv\u00e1n \u201eI. sv\u011btov\u00e1 v\u00e1lka\u201c a USA d\u011blaj\u00ed v\u0161e pro to, aby rozpoutaly t\u0159et\u00ed sv\u011btovou v\u00e1lku.\u00a0K\u00e9\u017e se tomu rozumn\u00fdm Ameri\u010dan\u016fm poda\u0159\u00ed zabr\u00e1nit, proto\u017ee pak u\u017e nebude \u017e\u00e1dn\u00e1 Amerika ani \u017e\u00e1dn\u00e1 jin\u00e1 zem\u011b na severn\u00ed polokouli, ve kter\u00e9 by lid\u00e9 je\u0161t\u011b mohli \u017e\u00edt.\u00a0Tak\u017ee za to m\u016f\u017ee samoz\u0159ejm\u011b Putin?<\/span><\/p>\n<p><strong>Peter Haisenko\u00a0<\/strong><\/p>\n<p>&nbsp;<\/p>\n","protected":false},"excerpt":{"rendered":"<p>Po potupn\u00e9m \u00fat\u011bku americk\u00e9 arm\u00e1dy z Afgh\u00e1nist\u00e1nu za sebou nechala t\u00e9m\u011b\u0159 ve\u0161kerou vojenskou techniku.\u00a0Americk\u00e1 vl\u00e1da&#8230;<\/p>\n","protected":false},"author":2,"featured_media":4336,"comment_status":"closed","ping_status":"closed","sticky":false,"template":"","format":"standard","meta":[],"categories":[7],"tags":[118,604,959,37],"_links":{"self":[{"href":"https:\/\/www.infokuryr.cz\/n\/wp-json\/wp\/v2\/posts\/14084"}],"collection":[{"href":"https:\/\/www.infokuryr.cz\/n\/wp-json\/wp\/v2\/posts"}],"about":[{"href":"https:\/\/www.infokuryr.cz\/n\/wp-json\/wp\/v2\/types\/post"}],"author":[{"embeddable":true,"href":"https:\/\/www.infokuryr.cz\/n\/wp-json\/wp\/v2\/users\/2"}],"replies":[{"embeddable":true,"href":"https:\/\/www.infokuryr.cz\/n\/wp-json\/wp\/v2\/comments?post=14084"}],"version-history":[{"count":0,"href":"https:\/\/www.infokuryr.cz\/n\/wp-json\/wp\/v2\/posts\/14084\/revisions"}],"wp:featuredmedia":[{"embeddable":true,"href":"https:\/\/www.infokuryr.cz\/n\/wp-json\/wp\/v2\/media\/4336"}],"wp:attachment":[{"href":"https:\/\/www.infokuryr.cz\/n\/wp-json\/wp\/v2\/media?parent=14084"}],"wp:term":[{"taxonomy":"category","embeddable":true,"href":"https:\/\/www.infokuryr.cz\/n\/wp-json\/wp\/v2\/categories?post=14084"},{"taxonomy":"post_tag","embeddable":true,"href":"https:\/\/www.infokuryr.cz\/n\/wp-json\/wp\/v2\/tags?post=14084"}],"curies":[{"name":"wp","href":"https:\/\/api.w.org\/{rel}","templated":true}]}}