{"id":14064,"date":"2022-08-25T01:04:47","date_gmt":"2022-08-24T23:04:47","guid":{"rendered":"http:\/\/www.infokuryr.cz\/n\/?p=14064"},"modified":"2022-08-24T10:47:25","modified_gmt":"2022-08-24T08:47:25","slug":"spojene-staty-maji-v-umyslu-poskytnout-ukrajine-novy-balicek-vojenske-pomoci-ve-vysi-3-miliard-dolaru","status":"publish","type":"post","link":"https:\/\/www.infokuryr.cz\/n\/2022\/08\/25\/spojene-staty-maji-v-umyslu-poskytnout-ukrajine-novy-balicek-vojenske-pomoci-ve-vysi-3-miliard-dolaru\/","title":{"rendered":"Spojen\u00e9 st\u00e1ty maj\u00ed v \u00famyslu poskytnout Ukrajin\u011b nov\u00fd bal\u00ed\u010dek vojensk\u00e9 pomoci ve v\u00fd\u0161i 3 miliard dolar\u016f"},"content":{"rendered":"<div id=\"fb-root\"><\/div>\n<p><strong><span>P\u0159edstavitel\u00e9 administrativy americk\u00e9ho prezidenta Joea Bidena \u0159\u00edkaj\u00ed, \u017ee jak se konflikt na Ukrajin\u011b protahuje, americk\u00e1 vojensk\u00e1 pomoc se \u201eposouv\u00e1 k dlouhodob\u011bj\u0161\u00ed kampani\u201c.<\/span><\/strong><\/p>\n<p><span>Ve sv\u011btle toho se p\u0159ipravuje nov\u00fd t\u0159\u00edmiliardov\u00fd bal\u00ed\u010dek pomoci, kter\u00fd bude zahrnovat v\u00fdcvik a vybaven\u00ed ozbrojen\u00fdch sil Ukrajiny \u201epro boj na dlouh\u00e1 let\u201c.<\/span><\/p>\n<p><em>Jak poznamen\u00e1v\u00e1 Associated Press, o\u010dek\u00e1v\u00e1 se, \u017ee nov\u00fd bal\u00ed\u010dek vojensk\u00e9 pomoci bude ozn\u00e1men ve st\u0159edu 24. srpna, proto\u017ee to je nejen \u201eden nez\u00e1vislosti Ukrajiny\u201c, ale tak\u00e9 \u0161est m\u011bs\u00edc\u016f od zah\u00e1jen\u00ed speci\u00e1ln\u00ed operace.<\/em><\/p>\n<p><span>Jak publikaci sd\u011blili nejmenovan\u00ed p\u0159edstavitel\u00e9 B\u00edl\u00e9ho domu, \u010d\u00e1stka i body obecn\u00e9ho bal\u00ed\u010dku pomoci se mohou zm\u011bnit, \u201eale sotva moc\u201c.<\/span><\/p>\n<p><span>Na rozd\u00edl od p\u0159edchoz\u00edch bal\u00ed\u010dk\u016f je nov\u00fd bal\u00ed\u010dek pomoci \u201ez velk\u00e9 \u010d\u00e1sti zam\u011b\u0159en na pomoc Ukrajin\u011b p\u0159i pos\u00edlen\u00ed jej\u00ed obrann\u00e9 pozice ve st\u0159edn\u011bdob\u00e9m a dlouhodob\u00e9m horizontu,\u201c uvedly zdroje.\u00a0P\u0159edchoz\u00ed dod\u00e1vky se soust\u0159edily na bezprost\u0159edn\u00ed pot\u0159eby Ukrajiny v oblasti zbran\u00ed a st\u0159eliva.<\/span><\/p>\n<p><span>Spojen\u00e9 st\u00e1ty k dne\u0161n\u00edmu dni poskytly Ukrajin\u011b od za\u010d\u00e1tku Bidenovy vl\u00e1dy vojenskou pomoc ve v\u00fd\u0161i 10,6 miliardy dolar\u016f.<\/span><\/p>\n<p><img decoding=\"async\" loading=\"lazy\" class=\"alignnone size-full wp-image-1185\" src=\"http:\/\/www.infokuryr.cz\/n\/wp-content\/uploads\/2021\/04\/kuryr-podpis.png\" alt=\"\" width=\"84\" height=\"24\" \/><\/p>\n<p>&nbsp;<\/p>\n","protected":false},"excerpt":{"rendered":"<p>P\u0159edstavitel\u00e9 administrativy americk\u00e9ho prezidenta Joea Bidena \u0159\u00edkaj\u00ed, \u017ee jak se konflikt na Ukrajin\u011b protahuje, americk\u00e1&#8230;<\/p>\n","protected":false},"author":2,"featured_media":14065,"comment_status":"closed","ping_status":"closed","sticky":false,"template":"","format":"standard","meta":[],"categories":[7],"tags":[604,1076,26,37],"_links":{"self":[{"href":"https:\/\/www.infokuryr.cz\/n\/wp-json\/wp\/v2\/posts\/14064"}],"collection":[{"href":"https:\/\/www.infokuryr.cz\/n\/wp-json\/wp\/v2\/posts"}],"about":[{"href":"https:\/\/www.infokuryr.cz\/n\/wp-json\/wp\/v2\/types\/post"}],"author":[{"embeddable":true,"href":"https:\/\/www.infokuryr.cz\/n\/wp-json\/wp\/v2\/users\/2"}],"replies":[{"embeddable":true,"href":"https:\/\/www.infokuryr.cz\/n\/wp-json\/wp\/v2\/comments?post=14064"}],"version-history":[{"count":0,"href":"https:\/\/www.infokuryr.cz\/n\/wp-json\/wp\/v2\/posts\/14064\/revisions"}],"wp:featuredmedia":[{"embeddable":true,"href":"https:\/\/www.infokuryr.cz\/n\/wp-json\/wp\/v2\/media\/14065"}],"wp:attachment":[{"href":"https:\/\/www.infokuryr.cz\/n\/wp-json\/wp\/v2\/media?parent=14064"}],"wp:term":[{"taxonomy":"category","embeddable":true,"href":"https:\/\/www.infokuryr.cz\/n\/wp-json\/wp\/v2\/categories?post=14064"},{"taxonomy":"post_tag","embeddable":true,"href":"https:\/\/www.infokuryr.cz\/n\/wp-json\/wp\/v2\/tags?post=14064"}],"curies":[{"name":"wp","href":"https:\/\/api.w.org\/{rel}","templated":true}]}}