{"id":14006,"date":"2022-08-23T08:25:57","date_gmt":"2022-08-23T06:25:57","guid":{"rendered":"http:\/\/www.infokuryr.cz\/n\/?p=14006"},"modified":"2022-08-23T08:25:57","modified_gmt":"2022-08-23T06:25:57","slug":"odkud-pochazeji-blokady-a-rychle-vakciny","status":"publish","type":"post","link":"https:\/\/www.infokuryr.cz\/n\/2022\/08\/23\/odkud-pochazeji-blokady-a-rychle-vakciny\/","title":{"rendered":"Odkud poch\u00e1zej\u00ed blok\u00e1dy a rychl\u00e9 vakc\u00edny"},"content":{"rendered":"<div id=\"fb-root\"><\/div>\n<div class=\"elementor-element elementor-element-1fb4c2c elementor-widget elementor-widget-theme-post-content\" data-id=\"1fb4c2c\" data-element_type=\"widget\" data-widget_type=\"theme-post-content.default\">\n<div class=\"elementor-widget-container\">\n<p><span>Pod\u00edval jsem se bl\u00ed\u017ee na to, co se stalo na za\u010d\u00e1tku pandemie, jak k tomu do\u0161lo a co m\u016f\u017eeme ud\u011blat, abychom p\u0159ede\u0161li dal\u0161\u00ed pandemii.<\/span><\/p>\n<p><span>Jsou dv\u011b z\u00e1kladn\u00ed ot\u00e1zky, na kter\u00e9 je pot\u0159eba odpov\u011bd\u011bt.\u00a0Jedna se t\u00fdk\u00e1 p\u016fvodu samotn\u00e9ho viru \u2013 byl vytvo\u0159en um\u011ble nebo p\u0159irozen\u011b, kdy a kde se objevil nebo unikal a jak vysv\u011btluje jeho prom\u011bnliv\u00e9 chov\u00e1n\u00ed v r\u016fzn\u00fdch \u010dasech a na r\u016fzn\u00fdch m\u00edstech?\u00a0Druh\u00fd se t\u00fdk\u00e1 p\u016fvodu na\u0161\u00ed odpov\u011bdi: odkud se vzala uzam\u010den\u00ed, soci\u00e1ln\u00ed distancov\u00e1n\u00ed, masky a dal\u0161\u00ed nefarmaceutick\u00e1 opat\u0159en\u00ed (NPI) a pro\u010d je v\u0161ichni p\u0159ijali, i kdy\u017e je nikdy p\u0159edt\u00edm nepou\u017e\u00edvali a neexistuj\u00ed \u017e\u00e1dn\u00e9 d\u016fkazy \u017ee by takov\u00e1 n\u00e1kladn\u00e1 opat\u0159en\u00ed dos\u00e1hla n\u011b\u010deho d\u016fle\u017eit\u00e9ho?<\/span><\/p>\n<p><span>Tento \u010dl\u00e1nek je z\u00e1m\u011brn\u011b kr\u00e1tk\u00fd, aby poskytl shrnut\u00ed.\u00a0Chcete-li si p\u0159e\u010d\u00edst dal\u0161\u00ed podrobnosti o ka\u017ed\u00e9m aspektu, postupujte podle odkaz\u016f.<\/span><\/p>\n<p><span>Program uzam\u010den\u00ed a NPI za\u010dal v Bushov\u011b B\u00edl\u00e9m dom\u011b v roce 2005 \u2013 a\u010dkoli \u010c\u00edna ji\u017e d\u0159\u00edve nasadila uzam\u010den\u00ed\/NPI v reakci na SARS v roce 2003 a dos\u00e1hla \u00fasp\u011bchu (a\u010dkoli SARS zmizel v\u0161ude a nejen tam, kde se NPI pou\u017e\u00edvaly).\u00a0Americk\u00fd prezident George W. Bush, znepokojen\u00fd biologick\u00fdmi \u00fatoky po 11. z\u00e1\u0159\u00ed a invaz\u00ed do Ir\u00e1ku, vyzval sv\u016fj t\u00fdm, aby na\u0161el odpov\u011b\u010f pro spole\u010dnost jako celek.\u00a0Strach z pta\u010d\u00ed ch\u0159ipky v roce 2005 dal nov\u00fd impuls vznikaj\u00edc\u00ed agend\u011b \u201epandemick\u00e9 p\u0159ipravenosti\u201c (a\u010dkoli strach se uk\u00e1zal jako neopodstatn\u011bn\u00fd).\u00a0Pl\u00e1n t\u00fdmu byl zalo\u017een na vyu\u017eit\u00ed NPI pro soci\u00e1ln\u00ed distancov\u00e1n\u00ed \u2013 podobn\u011b jako v \u010c\u00edn\u011b, i kdy\u017e sami \u010dlenov\u00e9 t\u00fdmu sv\u016fj n\u00e1pad do \u010c\u00edny nep\u0159inesli,<\/span><\/p>\n<p><span>Odtud se vyvinula tato drakonick\u00e1 strategie biologick\u00e9 bezpe\u010dnosti.\u00a0Jako v\u00fdchodisko z omezen\u00ed byl kladen d\u016fraz na rychl\u00fd v\u00fdvoj vakc\u00edn a pou\u017e\u00edv\u00e1n\u00ed digit\u00e1ln\u00edch o\u010dkovac\u00edch pas\u016f, zejm\u00e9na mRNA vakc\u00edn, kter\u00e9 byly pova\u017eov\u00e1ny za tisknuteln\u00e9 vakc\u00edny, kter\u00e9 lze rychle p\u0159izp\u016fsobit nov\u011b se objevuj\u00edc\u00edm patogen\u016fm.\u00a0Strategick\u00e1 preference mRNA vakc\u00edn m\u016f\u017ee vysv\u011btlovat, pro\u010d se zd\u00e1, \u017ee \u00fa\u0159edn\u00edci ve\u0159ejn\u00e9ho zdrav\u00ed v USA a jinde vynalo\u017eili mnohem v\u00edce \u00fasil\u00ed na nalezen\u00ed bezpe\u010dnostn\u00edch probl\u00e9m\u016f s adenovirov\u00fdmi vektorov\u00fdmi vakc\u00ednami (Johnson a Johnson, AstraZeneca) ne\u017e s mRNA vakc\u00ednami (Pfizer a Moderna). .\u00a0Bill Gates brzy konvertoval k hnut\u00ed za biologickou bezpe\u010dnost a stal se hlavn\u00edm propag\u00e1torem,<\/span><\/p>\n<p><span>Nov\u00e9 my\u0161lenky zam\u011b\u0159en\u00e9 na biologickou bezpe\u010dnost o p\u0159ipravenosti na pandemii zalo\u017een\u00e9 na NPI byly postupn\u011b p\u0159ijaty do mezin\u00e1rodn\u00ed politiky a praxe, mimo jin\u00e9 prost\u0159ednictv\u00edm n\u00e1rodn\u00edch pandemick\u00fdch pl\u00e1n\u016f, pokyn\u016f WHO a cvi\u010den\u00ed pro simulaci pandemie, jako je ud\u00e1lost 201, organizovan\u00e1 Johns Hopkins University.<\/span><\/p>\n<p><span>Uzam\u010den\u00ed bylo poprv\u00e9 zavedeno v roce 2014 na radu odborn\u00edk\u016f na biologickou bezpe\u010dnost v Africe v reakci na ebolu a je zaj\u00edmav\u00e9, \u017ee na za\u010d\u00e1tku roku 2020 do\u0161lo k podivn\u00e9mu fenom\u00e9nu stovek robot\u016f na soci\u00e1ln\u00edch s\u00edt\u00edch propaguj\u00edc\u00edch tuto my\u0161lenku.\u00a0Nen\u00ed jasn\u00e9, kdo st\u00e1l za t\u011bmito \u201euzamykac\u00edmi roboty\u201c v letech 2014 a 2020.<\/span><\/p>\n<p><span>Pohr\u00e1v\u00e1n\u00ed si s viry za \u00fa\u010delem v\u00fdvoje vakc\u00edn a l\u00e9\u010dby potenci\u00e1ln\u00edch pandemick\u00fdch agens je sou\u010d\u00e1st\u00ed agendy biologick\u00e9 bezpe\u010dnosti a je zn\u00e1mo, \u017ee tyto viry unikaj\u00ed z laborato\u0159e, co\u017e vyvol\u00e1v\u00e1 v\u00e1\u017en\u00e9 ot\u00e1zky, zda p\u0159\u00ednos pro v\u00fdzkum stoj\u00ed za riziko smrteln\u00e9ho \u00faniku.<\/span><\/p>\n<p><span>Pot\u00e9, co se virus dostal do pov\u011bdom\u00ed ve\u0159ejnosti v prosinci 2019, \u010c\u00edna zavedla nov\u00e9 my\u0161lenky biologick\u00e9 bezpe\u010dnosti do praxe \u2013 ale zaj\u00edmav\u00e9 je, \u017ee a\u017e 23. ledna, co\u017e nazna\u010duje, \u017ee p\u016fvodn\u011b nevid\u011bla virus jako hrozbu;\u00a0skute\u010dn\u011b byla \u010d\u00ednsk\u00e1 vl\u00e1da zpo\u010d\u00e1tku \u0161iroce kritizov\u00e1na za to, \u017ee nebrala hrozbu dostate\u010dn\u011b v\u00e1\u017en\u011b.\u00a0V tomto ohledu je pozoruhodn\u00e9, \u017ee \u010d\u00ednsk\u00fd \u0159editel CDC George Gao je \u010dlenem CEPI, org\u00e1nu pro biologickou bezpe\u010dnost financovan\u00e9ho Gatesem, kter\u00fd m\u00e1 za \u00fakol \u201evyrobit pandemick\u00e9 vakc\u00edny do 100 dn\u016f\u201c.\u00a0Jako pr\u016fkopn\u00edk strategie NPI v letech 2003 a 2020 se \u010c\u00edna b\u011bhem pandemie COVID-19 stala hlavn\u00edm propag\u00e1torem NPI,\u00a0s hrdost\u00ed zem\u011b a presti\u017e\u00ed prezidenta Si \u0164in-pchinga spojenou s jejich \u00fasp\u011bchem.\u00a0Sv\u011btov\u00e1 zdravotnick\u00e1 organizace do jist\u00e9 m\u00edry souhlasila (i kdy\u017e nekonzistentn\u011b).\u00a0Jak uvedl vedouc\u00ed spole\u010dn\u00e9 mise na COVID-19, Bruce Aylward, 24. \u00fanora 2020 \u201e\u010c\u00edna uk\u00e1zala, \u017ee to mus\u00edte ud\u011blat.\u00a0Pokud to ud\u011bl\u00e1te, m\u016f\u017eete zachr\u00e1nit \u017eivoty.&#8220;<\/span><\/p>\n<p><span>NPI byly poprv\u00e9 zavedeny na Z\u00e1pad\u011b v It\u00e1lii.\u00a0Za\u010d\u00e1tkem \u00fanora 2020 It\u00e1lie pov\u011b\u0159ila Gatesem podporovan\u00fd institut biologick\u00e9 bezpe\u010dnosti, Kessler Foundation, aby provedl popla\u0161n\u00e9 modelovac\u00ed studie, kter\u00e9 doporu\u010dily neziskov\u00fdm organizac\u00edm zamezit \u0161\u00ed\u0159en\u00ed.\u00a0Kdy\u017e byly v polovin\u011b \u00fanora pohotovostn\u00ed slu\u017eby v Lombardii p\u0159emo\u017eeny, podle jejich \u0161\u00e9fa Alberta Zoliho zavedl ministr zdravotnictv\u00ed Roberto Speranza (fanatick\u00fd socialista, kter\u00fd vid\u011bl nebo cht\u011bl vid\u011bt karant\u00e9ny jako nov\u00fd odchod pro levici) prvn\u00ed omezen\u00ed v zemi. na z\u00e1pad, zpo\u010d\u00e1tku v Lombardii 21. \u00fanora a o dva t\u00fddny pozd\u011bji, kdy se zd\u00e1lo, \u017ee to fungovalo (a jak po\u010det \u00famrt\u00ed stoupal), po cel\u00e9 zemi.\u00a0Dal\u0161\u00ed zem\u011b n\u00e1sledovaly p\u0159\u00edklad It\u00e1lie, zat\u00edmco r\u016fzn\u00ed odborn\u00edci na biologickou bezpe\u010dnost\u00a0v\u010detn\u011b model\u00e1\u0159\u016f, jako je Neil Ferguson, kter\u00fd tuto z\u00e1le\u017eitost protla\u010dil ve\u0159ejn\u011b a za zav\u0159en\u00fdmi dve\u0159mi.\u00a0Tehdej\u0161\u00ed n\u00e1\u010deln\u00edk \u0161t\u00e1bu na Downing Street 10, Dominic Cummings, \u0159ekl poslanc\u016fm, \u017ee v polovin\u011b b\u0159ezna 2020 byl siln\u011b ovlivn\u011bn \u201es\u00edt\u00ed lid\u00ed podobn\u00fdch Billu Gatesovi\u201c, kte\u0159\u00ed mu \u0159ekli, aby \u201erozbil cel\u00e9 paradigma, jak to ud\u011blat. ud\u011bl\u00e1, \u00fapln\u011b p\u0159ehodnotit\u201c.<\/span><\/p>\n<p><span>To v\u0161e znamenalo, \u017ee b\u011bhem nar\u016fstaj\u00edc\u00ed paniky na za\u010d\u00e1tku roku 2020 byl sv\u011bt kone\u010dn\u011b z\u00edsk\u00e1n pohledem fanatik\u016f na biologickou bezpe\u010dnost na NPI, aby \u201ekontrolovali \u0161\u00ed\u0159en\u00ed\u201c a pozd\u011bji na zrychlen\u00e9 vakc\u00edny a digit\u00e1ln\u00ed o\u010dkovac\u00ed pr\u016fkazy.\u00a0V\u0161ichni pochybova\u010di a skeptici mezi \u00fa\u0159edn\u00edky ve\u0159ejn\u00e9ho zdrav\u00ed a dal\u0161\u00edmi byli v tomto bod\u011b rozpt\u00fdleni nebo uml\u010deni, kdy\u017e mezi elitami zavl\u00e1dla nov\u00e1 pandemick\u00e1 ortodoxie.\u00a0L\u00edd\u0159i byli politicky a psychologicky odd\u00e1ni nov\u00e9 autorit\u00e1\u0159sk\u00e9 agend\u011b, kter\u00e1 byla tak\u00e9 pos\u00edlena skupinov\u00fdm my\u0161len\u00edm a tlakem zpanika\u0159en\u00e9ho obyvatelstva.\u00a0Tento proces lze pozorovat v re\u00e1ln\u00e9m \u010dase jako marn\u00e9 \u00fasil\u00ed vl\u00e1dy Spojen\u00e9ho kr\u00e1lovstv\u00ed\u00a0Lp\u011bn\u00ed na strategii st\u00e1dn\u00ed imunity v polovin\u011b b\u0159ezna 2020 bylo brzy opu\u0161t\u011bno tv\u00e1\u0159\u00ed v tv\u00e1\u0159 alarmistick\u00fdm modelov\u00fdm kalkulac\u00edm, nep\u0159\u00e1telsk\u00fdm m\u00e9di\u00edm a ve\u0159ejn\u00e9mu odporu.\u00a0\u010c\u00e1st paniky v z\u00e1kulis\u00ed, p\u0159ev\u00e1\u017en\u011b v USA, mohla b\u00fdt zp\u016fsobena t\u00edm, \u017ee n\u011bkte\u0159\u00ed \u00fa\u0159edn\u00edci v\u011bd\u011bli, \u017ee virus vytvo\u0159il \u010dlov\u011bk (nebo to tak vypadalo).<\/span><\/p>\n<p><span>Z\u00e1jmy ur\u010dit\u00fdch skupin, jako jsou farmaceutick\u00e9 spole\u010dnosti a odbory, tak\u00e9 hr\u00e1ly d\u016fle\u017eitou roli p\u0159i posilov\u00e1n\u00ed popla\u0161n\u00e9ho p\u0159\u00edb\u011bhu o biologick\u00e9 bezpe\u010dnosti.<\/span><\/p>\n<p><span>Co vede zast\u00e1nce biologick\u00e9 bezpe\u010dnosti (k nim\u017e pat\u0159\u00ed osobnosti jako Richard Hatchett, Robert Glass, Carter Mecher, Rajeev Venkayya, Neil Ferguson, Stefano Merler a George Gao) k tomu?\u00a0V\u011b\u0159\u00edm, \u017ee mnoz\u00ed z nich skute\u010dn\u011b v\u011b\u0159\u00ed, \u017ee zachra\u0148uj\u00ed lidstvo p\u0159ed smrteln\u00fdmi chorobami a p\u0159ipravuj\u00ed je na budouc\u00ed pandemie a biologick\u00e9 \u00fatoky.\u00a0Zd\u00e1 se, \u017ee to poh\u00e1n\u00ed nap\u0159\u00edklad Billa Gatese.\u00a0I kdy\u017e mohou b\u00fdt motivy sm\u00ed\u0161en\u00e9, v\u011b\u0159\u00edm, \u017ee bychom nikdy nem\u011bli podce\u0148ovat \u0161kody, kter\u00e9 mohou zp\u016fsobit ti, kte\u0159\u00ed up\u0159\u00edmn\u011b v\u011b\u0159\u00ed, \u017ee zachra\u0148uj\u00ed sv\u011bt \u2013 \u017ee jejich radik\u00e1ln\u00ed \u0159e\u0161en\u00ed, jakkoli bolestiv\u00e1, jsou nezbytn\u00e1 k z\u00e1chran\u011b jedn\u00e9 odvr\u00e1cen\u00e9 katastrofy.<\/span><\/p>\n<p><span>A co samotn\u00fd virus?\u00a0Objevil se nejpozd\u011bji na podzim 2019 \u2013 prvn\u00ed spolehliv\u00e9 testy ukazuj\u00ed vzorky (protil\u00e1tky a antigeny) ze zem\u00ed jako Francie a Braz\u00edlie z listopadu 2019.\u00a0I kdy\u017e existuj\u00ed n\u011bkter\u00e9 vzorky, kter\u00e9 byly d\u0159\u00edve testov\u00e1ny jako pozitivn\u00ed, chyb\u00ed jim kontroly, tak\u017ee je pravd\u011bpodobn\u011bj\u0161\u00ed, \u017ee reaguj\u00ed zk\u0159\u00ed\u017een\u011b nebo kontaminuj\u00ed.\u00a0Zat\u00edmco n\u011bkte\u0159\u00ed tvrdili, \u017ee n\u00edzk\u00e9 \u0161\u00ed\u0159en\u00ed prvn\u00edch vln ve v\u00fdchodn\u00ed Asii nazna\u010duje, \u017ee d\u0159\u00edv\u011bj\u0161\u00ed \u0161\u00ed\u0159en\u00ed vybudovalo ur\u010ditou imunitu, n\u00edzk\u00e9 hladiny protil\u00e1tek v t\u011bchto populac\u00edch na po\u010d\u00e1tku pandemie tomuto p\u0159edpokladu odporuj\u00ed.<\/span><\/p>\n<p><span>Zd\u00e1 se, \u017ee SARS-CoV-2 je zmanipulovan\u00fd virus, o kter\u00e9m se p\u0159edpokl\u00e1d\u00e1, \u017ee n\u00e1hodn\u011b unikl z laborato\u0159e pracuj\u00edc\u00ed se vzorky viru.\u00a0To je podporov\u00e1no mimo jin\u00e9 p\u0159\u00edtomnost\u00ed furinov\u00e9ho \u0161t\u011bpn\u00e9ho m\u00edsta, d\u00edky kter\u00e9mu je virus pro koronavirus neobvykle infek\u010dn\u00ed a pravd\u011bpodobn\u011b vysv\u011btluje, pro\u010d se na rozd\u00edl od SARS jednak \u0161\u00ed\u0159\u00ed vzduchem, jednak zp\u016fsobil mnohaletou pandemii.\u00a0Furinov\u00e1 \u0161t\u011bpn\u00e1 m\u00edsta nejsou v p\u0159\u00edrod\u011b u tohoto typu koronaviru zn\u00e1ma, ale \u010dasto jsou laboratorn\u011b upravena, aby se zv\u00fd\u0161ila infek\u010dnost.\u00a0Navzdory intenzivn\u00edmu p\u00e1tr\u00e1n\u00ed nebyly u zv\u00ed\u0159at nalezeny \u017e\u00e1dn\u00e9 rezervo\u00e1ry viru a molekul\u00e1rn\u00ed hodiny nazna\u010duj\u00ed, \u017ee by trvalo 15 a\u017e 43 let, ne\u017e by se SARS-CoV-2 p\u0159irozen\u011b vyvinul z jeho nejbli\u017e\u0161\u00edho zn\u00e1m\u00e9ho p\u0159\u00edbuzn\u00e9ho, \u200b\u200bRaTG13.\u00a0by se vyvinul.\u00a0D\u016fkazem toho, \u017ee byl vytvo\u0159en, je tak\u00e9 rozs\u00e1hl\u00e9 zakr\u00fdv\u00e1n\u00ed t\u011bch, kte\u0159\u00ed jsou zodpov\u011bdn\u00ed za ten druh v\u00fdzkumu, kter\u00fd by vytvo\u0159il virus.<\/span><\/p>\n<p><span>Omicron tak\u00e9 pravd\u011bpodobn\u011b unikl z laborato\u0159e, co\u017e je podpo\u0159eno skute\u010dnost\u00ed, \u017ee se vyvinul z vyhynul\u00e9ho kmene a obsahuje v\u0161echny d\u0159\u00edve publikovan\u00e9 mutace po\u0161kozuj\u00edc\u00ed imunitu.\u00a0M\u016f\u017ee b\u00fdt vyvinut pro \u00fa\u010dely v\u00fdzkumu vakc\u00edn.<\/span><\/p>\n<p><span>N\u011bkter\u00e9 aspekty dynamiky p\u0159enosu viru z\u016fst\u00e1vaj\u00ed nejasn\u00e9.\u00a0Existovalo nap\u0159\u00edklad n\u011bkolik f\u00e1z\u00ed \u0161\u00ed\u0159en\u00ed, ka\u017ed\u00e1 s jasn\u011b odli\u0161nou dynamikou.<\/span><\/p>\n<ul>\n<li><span>Vznik (l\u00e9to-podzim 2019)-prosinec 2019: Glob\u00e1ln\u00ed nezji\u0161t\u011bn\u00e9 \u0161\u00ed\u0159en\u00ed s n\u00edzkou nemocnost\u00ed a mortalitou.<\/span><\/li>\n<li><span>Prosinec 2019 \u2013 \u00fanor 2020: Relativn\u011b smrteln\u00e1 epidemie ve Wu-chanu, ale jen m\u00e1lo pozoruhodn\u00fdch ohnisek v jin\u00fdch zem\u00edch, jako je Japonsko, Ji\u017en\u00ed Korea, Thajsko, Evropa, USA a zbytek \u010c\u00edny (bez ohledu na uvalen\u00e9 neziskov\u00e9 organizace).<\/span><\/li>\n<li><span>\u00danor 2020-kv\u011bten 2020: N\u011bkter\u00e1 smrteln\u00e1 ohniska v ur\u010dit\u00fdch regionech a m\u011bstech (nap\u0159. Lond\u00fdn, New York, Pa\u0159\u00ed\u017e, Stockholm atd.), zejm\u00e9na v z\u00e1padn\u00ed Evrop\u011b a USA, po\u010d\u00ednaje Lombardi\u00ed (a tak\u00e9 v \u00cdr\u00e1nu).<\/span><\/li>\n<li><span>L\u00e9to 2020: N\u011bkter\u00e9 smrt\u00edc\u00ed vlny jinde zat\u00edm tvrd\u011b nezas\u00e1hly, v\u010detn\u011b \u010d\u00e1st\u00ed USA.<\/span><\/li>\n<li><span>Podzim a zima 2020\u20132021: Glob\u00e1ln\u00ed smrt\u00edc\u00ed ohniska ve v\u011bt\u0161in\u011b oblast\u00ed, ale ne v Indii nebo Africe.<\/span><\/li>\n<\/ul>\n<p><span>Pot\u00e9 se jedna po druh\u00e9 objevily varianty alfa, delta a omikrony, z nich\u017e ka\u017ed\u00e1 zah\u00e1jila novou glob\u00e1ln\u00ed vlnu, v\u010detn\u011b Indie (s deltou) a nakonec v jihov\u00fdchodn\u00ed Asii (s omikronem).<\/span><\/p>\n<p><span>Domn\u00edv\u00e1m se, \u017ee tato posunuj\u00edc\u00ed se dynamika je prim\u00e1rn\u011b zp\u016fsobena zm\u011bnami ve viru samotn\u00e9m (varianty) a jejich interakc\u00ed s lidsk\u00fdm imunitn\u00edm syst\u00e9mem, i kdy\u017e je pravda, \u017ee d\u0159\u00edv\u011bj\u0161\u00ed d\u016fkazy pro to jsou \u0159\u00eddk\u00e9.<\/span><\/p>\n<p><span>Molekul\u00e1rn\u00ed hodiny nazna\u010duj\u00ed, \u017ee spole\u010dn\u00fd p\u0159edek variant za prvn\u00ed vlnou od prosince 2019 do \u00fanora 2020 poprv\u00e9 infikoval lidi v l\u00e9t\u011b a\u017e na podzim 2019.\u00a0Pro\u010d se stal smrteln\u00fdm a\u017e ve Wu-chanu v prosinci 2019 a pak nikde jinde a\u017e do Lombardie a \u00cdr\u00e1nu v \u00fanoru 2020, nen\u00ed zcela jasn\u00e9.\u00a0V n\u011bkter\u00fdch lokalit\u00e1ch se smrteln\u00e1 ohniska objevila mnohem pozd\u011bji, v l\u00e9t\u011b 2020, zim\u011b 2020-21, na ja\u0159e 2021 (Indie) nebo dokonce v p\u0159\u00edpad\u011b jihov\u00fdchodn\u00ed Asie v zim\u011b 2021-22.\u00a0S\u00e1m jsem p\u0159esv\u011bd\u010den, \u017ee to nen\u00ed proto, \u017ee z\u00e1kladn\u00ed virus nen\u00ed zodpov\u011bdn\u00fd za v\u011bt\u0161inu \u00famrt\u00ed, ale sp\u00ed\u0161e kv\u016fli panice\/NPI\/l\u00e9\u010debn\u00fdm protokol\u016fm, jak n\u011bkte\u0159\u00ed tvrd\u00ed.\u00a0Proto\u017ee v datech nevid\u00edm jasnou korelaci mezi na\u010dasov\u00e1n\u00edm vln smrti a \u00farovn\u00ed paniky, z\u00e1va\u017enost\u00ed NPI nebo l\u00e9\u010debn\u00fdmi protokoly (nap\u0159. v nepanikov\u00fdch lokalit\u00e1ch, jako je \u0160v\u00e9dsko, Ji\u017en\u00ed Dakota a B\u011blorusko, v roce 2020 p\u0159esto dojde k v\u00fdznamn\u00fdm vln\u00e1m smrti).\u00a0Hlavn\u00edm faktorem se zd\u00e1 b\u00fdt konkr\u00e9tn\u00ed varianta.\u00a0Bukin a kolegov\u00e9 poznamen\u00e1vaj\u00ed, \u017ee substituce jednotliv\u00fdch aminokyselin v genomu SARS-CoV-2 \u201eby mohly zv\u00fd\u0161it lidskou patogenitu a infek\u010dnost\u201c.<\/span><\/p>\n<p><span>N\u011bkter\u00e1 tajemstv\u00ed z\u016fst\u00e1vaj\u00ed, zejm\u00e9na co \u010c\u00edna v\u011bd\u011bla a kdy.\u00a0Kdy se \u010d\u00ednsk\u00e1 vl\u00e1da dozv\u011bd\u011bla, \u017ee se virus \u0161\u00ed\u0159\u00ed, a kdy si uv\u011bdomila, \u017ee jde o \u00fanik?\u00a0Bylo vypnut\u00ed datab\u00e1ze koronavir\u016f Wuhansk\u00e9ho institutu virologie dne 12. z\u00e1\u0159\u00ed 2019 zn\u00e1mkou toho, \u017ee \u010c\u00edna u\u017e v t\u00e9 dob\u011b n\u011bco v\u011bd\u011bla nebo tu\u0161ila, nebo to bylo jen sou\u010d\u00e1st\u00ed obecn\u00e9ho tajemstv\u00ed kolem v\u00fdzkumu koronaviru?\u00a0V\u011bd\u011bla americk\u00e1 arm\u00e1da o virov\u00e9 epidemii v provincii Chu-pej (jej\u00ed\u017e hlavn\u00edm m\u011bstem je Wu-chan) v listopadu 2019?\u00a0Byl to Covid nebo sez\u00f3nn\u00ed ch\u0159ipka?\u00a0Pro\u010d \u010c\u00edna po ozn\u00e1men\u00ed viru 31. prosince nezablokovala Wu-chan a\u017e do 23. ledna \u2013 v souvislosti se zpr\u00e1vou z 24. ledna podporovanou vl\u00e1dou,\u00a0kdo dosp\u011bl k z\u00e1v\u011bru, \u017ee k lidsk\u00e9mu p\u0159enosu skute\u010dn\u011b do\u0161lo (a\u010dkoli mu nebylo jasn\u00e9, jak efektivn\u00ed to bylo)?\u00a0Stejn\u00e1 zpr\u00e1va tak\u00e9 poskytla podrobnosti o prvn\u00edch 41 nemocni\u010dn\u00edch pacientech Covid l\u00e9\u010den\u00fdch v prosinci ve Wu-chanu.\u00a0Podle toho jim bylo v pr\u016fm\u011bru 49 let, v\u00edce ne\u017e dv\u011b t\u0159etiny nem\u011bly \u017e\u00e1dn\u00e9 z\u00e1kladn\u00ed onemocn\u011bn\u00ed a \u0161est (15 %) zem\u0159elo.\u00a0Pro\u010d byli tito pacienti tak mlad\u00ed a zdrav\u00ed ve srovn\u00e1n\u00ed s pacienty s Covidem jinde a kde byli v\u0161ichni ostatn\u00ed pacienti s nemoc\u00ed, kter\u00e1 kolovala po sv\u011bt\u011b cel\u00fd podzim a zimu?\u00a0Pro\u010d byl virus t\u00e9 zimy jinde mnohem m\u00edrn\u011bj\u0161\u00ed a dal\u0161\u00ed smrteln\u00e1 ohniska byla o m\u011bs\u00edce pozd\u011bji v It\u00e1lii a \u00cdr\u00e1nu \u2013 ve Wu-chanu do\u0161lo v prosinci k neobvykle smrteln\u00e9 epidemii,\u00a0ale nep\u0159\u00edli\u0161 infek\u010dn\u00ed lok\u00e1ln\u00ed varianta (tak\u017ee \u010c\u00ed\u0148an\u00e9 m\u011bli zpo\u010d\u00e1tku pochybnosti o tom, jak efektivn\u011b se virus \u0161\u00ed\u0159\u00ed)?\u00a0Velk\u00e1 \u010d\u00e1st prvotn\u00edch zpr\u00e1v z Wuhanu ned\u00e1v\u00e1 smysl a m\u016f\u017ee b\u00fdt dokonce nespolehliv\u00e1.\u00a0Zpr\u00e1vy l\u00e9ka\u0159\u016f jako Li Wenliang, kte\u0159\u00ed se s virem poprv\u00e9 setkali u pacient\u016f koncem prosince, v\u0161ak p\u016fsob\u00ed d\u016fv\u011bryhodn\u011b.<\/span><\/p>\n<p><span>Bez ohledu na tyto otev\u0159en\u00e9 ot\u00e1zky se mi v\u00fd\u0161e uveden\u00e9 vysv\u011btlen\u00ed jev\u00ed jako nejv\u011brohodn\u011bj\u0161\u00ed vysv\u011btlen\u00ed toho, co se v tuto chv\u00edli stalo, s ohledem na v\u0161echny dostupn\u00e9 d\u016fkazy.<\/span><\/p>\n<p><span>D\u016fle\u017eit\u00fdm zji\u0161t\u011bn\u00edm je, \u017ee ne\u0161lo jen o paniku.\u00a0Reakc\u00ed na pandemii COVID-19 byl triumf pseudov\u011bdeck\u00e9 agendy biologick\u00e9 bezpe\u010dnosti, kter\u00e1 se objevila v roce 2005 a od t\u00e9 doby byla prosazov\u00e1na dob\u0159e organizovanou, dob\u0159e financovanou a dob\u0159e propojenou s\u00edt\u00ed ideolog\u016f.\u00a0Tito fanatici propaguj\u00ed a udr\u017euj\u00ed my\u0161lenky, kter\u00e9 jsou z\u00e1kladem drakonick\u00e9ho nov\u00e9ho p\u0159\u00edstupu, t\u00edm, \u017ee je zve\u0159ej\u0148uj\u00ed v p\u0159edn\u00edch akademick\u00fdch \u010dasopisech, za\u010dle\u0148uj\u00ed je do ve\u0159ejn\u00e9 politiky a pr\u00e1va, \u0161\u00ed\u0159\u00ed je v m\u00e9di\u00edch a pomlouvaj\u00ed ty, kte\u0159\u00ed nesouhlas\u00ed, bez ohledu na to, jak jsou d\u016fle\u017eit\u00ed.<\/span><\/p>\n<p><span>Tato ideologie je nep\u0159\u00edtelem a uznat ji za to, \u010d\u00edm je, je prvn\u00edm krokem k jej\u00ed por\u00e1\u017ece.<\/span><\/p>\n<\/div>\n<\/div>\n<div class=\"elementor-element elementor-element-8c57238 quelle dc-has-condition dc-condition-empty elementor-widget elementor-widget-heading\" data-id=\"8c57238\" data-element_type=\"widget\" data-widget_type=\"heading.default\">\n<div class=\"elementor-widget-container\">\n<h3 class=\"elementor-heading-title elementor-size-default\"><span style=\"font-size: 8pt;\"><a href=\"https:\/\/dailysceptic.org\/2022\/08\/22\/where-lockdowns-and-fast-tracked-vaccines-came-from\/\" target=\"_blank\" rel=\"nofollow noopener\">ZDROJ<\/a><\/span><\/h3>\n<p>&nbsp;<\/p>\n<\/div>\n<\/div>\n","protected":false},"excerpt":{"rendered":"<p>Pod\u00edval jsem se bl\u00ed\u017ee na to, co se stalo na za\u010d\u00e1tku pandemie, jak k tomu&#8230;<\/p>\n","protected":false},"author":2,"featured_media":14007,"comment_status":"closed","ping_status":"closed","sticky":false,"template":"","format":"standard","meta":[],"categories":[7],"tags":[23,1690,908,651],"_links":{"self":[{"href":"https:\/\/www.infokuryr.cz\/n\/wp-json\/wp\/v2\/posts\/14006"}],"collection":[{"href":"https:\/\/www.infokuryr.cz\/n\/wp-json\/wp\/v2\/posts"}],"about":[{"href":"https:\/\/www.infokuryr.cz\/n\/wp-json\/wp\/v2\/types\/post"}],"author":[{"embeddable":true,"href":"https:\/\/www.infokuryr.cz\/n\/wp-json\/wp\/v2\/users\/2"}],"replies":[{"embeddable":true,"href":"https:\/\/www.infokuryr.cz\/n\/wp-json\/wp\/v2\/comments?post=14006"}],"version-history":[{"count":0,"href":"https:\/\/www.infokuryr.cz\/n\/wp-json\/wp\/v2\/posts\/14006\/revisions"}],"wp:featuredmedia":[{"embeddable":true,"href":"https:\/\/www.infokuryr.cz\/n\/wp-json\/wp\/v2\/media\/14007"}],"wp:attachment":[{"href":"https:\/\/www.infokuryr.cz\/n\/wp-json\/wp\/v2\/media?parent=14006"}],"wp:term":[{"taxonomy":"category","embeddable":true,"href":"https:\/\/www.infokuryr.cz\/n\/wp-json\/wp\/v2\/categories?post=14006"},{"taxonomy":"post_tag","embeddable":true,"href":"https:\/\/www.infokuryr.cz\/n\/wp-json\/wp\/v2\/tags?post=14006"}],"curies":[{"name":"wp","href":"https:\/\/api.w.org\/{rel}","templated":true}]}}