{"id":13963,"date":"2022-08-22T11:51:50","date_gmt":"2022-08-22T09:51:50","guid":{"rendered":"http:\/\/www.infokuryr.cz\/n\/?p=13963"},"modified":"2022-08-22T11:51:50","modified_gmt":"2022-08-22T09:51:50","slug":"wef-vase-deti-ocipujeme","status":"publish","type":"post","link":"https:\/\/www.infokuryr.cz\/n\/2022\/08\/22\/wef-vase-deti-ocipujeme\/","title":{"rendered":"WEF: Va\u0161e d\u011bti o\u010dipujeme"},"content":{"rendered":"<div id=\"fb-root\"><\/div>\n<div class=\"elementor-element elementor-element-1fb4c2c elementor-widget elementor-widget-theme-post-content\" data-id=\"1fb4c2c\" data-element_type=\"widget\" data-widget_type=\"theme-post-content.default\">\n<div class=\"elementor-widget-container\">\n<p>Sv\u011btov\u00e9 ekonomick\u00e9 f\u00f3rum (WEF) ozn\u00e1milo, \u017ee pl\u00e1nuje \u010dipov\u00e1n\u00ed d\u011bt\u00ed po cel\u00e9m sv\u011bt\u011b jako sou\u010d\u00e1st sv\u00e9ho programu \u201eVelk\u00fd reset\u201c pro lidstvo.<\/p>\n<p>WEF se nespokoj\u00ed\u00a0<a href=\"https:\/\/www.youtube.com\/watch?v=mZuWhF7ejHA\" target=\"_blank\" rel=\"noreferrer noopener\" data-type=\"URL\" data-id=\"https:\/\/www.youtube.com\/watch?v=mZuWhF7ejHA\">s vylid\u0148ov\u00e1n\u00edm planety<\/a>\u00a0a\u00a0<a href=\"https:\/\/www.youtube.com\/watch?v=RFszbyNpZEU\" target=\"_blank\" rel=\"noreferrer noopener\" data-type=\"URL\" data-id=\"https:\/\/www.youtube.com\/watch?v=RFszbyNpZEU\">cenzurou internetu<\/a> , ale tak\u00e9 chce, aby na\u0161e d\u011bti byly o\u010dipov\u00e1ny, aby se \u201etyto \u00fa\u017easn\u00e9 technologie staly sou\u010d\u00e1st\u00ed na\u0161ich \u017eivot\u016f\u201c.<\/p>\n<p>Nen\u00ed to tak d\u00e1vno, co byla my\u0161lenka, \u017ee by byli lid\u00e9 o\u010dipov\u00e1ni elitou, odm\u00edtnuta jako \u201ekonspira\u010dn\u00ed teorie\u201c. Nyn\u00ed v\u0161ak nejhlasit\u011bj\u0161\u00ed hl\u00e1sn\u00e1 trouba sv\u011btov\u00e9 elity p\u0159edpov\u00edd\u00e1, \u017ee \u010dipov\u00e9 implant\u00e1ty budou jednoho dne sou\u010d\u00e1st\u00ed na\u0161\u00ed norm\u00e1ln\u00ed existence.<\/p>\n<p><a href=\"https:\/\/humansbefree.com\/2022\/08\/world-economic-forum-there-are-rational-reasons-to-microchip-your-child.html\" target=\"_blank\" rel=\"noreferrer noopener\" data-type=\"URL\" data-id=\"https:\/\/humansbefree.com\/2022\/08\/world-economic-forum-there-are-rational-reasons-to-microchip-your-child.html\">Humansbefree.com<\/a>\u00a0uv\u00e1d\u00ed: A WEF tvrd\u00ed, \u017ee implantov\u00e1n\u00ed \u010dip\u016f d\u011btem by rodi\u010de mohli pova\u017eovat za \u201ezdrav\u00e9, racion\u00e1ln\u00ed\u201c opat\u0159en\u00ed.\u00a0To v\u0161e se objevuje v blogov\u00e9m p\u0159\u00edsp\u011bvku na webu organizace, kter\u00fd se zab\u00fdv\u00e1 budoucnost\u00ed roz\u0161\u00ed\u0159en\u00e9 reality (AR) a takzvan\u00e9 \u201eextended society\u201c.<\/p>\n<p>Stejn\u011b jako v mnoha jin\u00fdch prohl\u00e1\u0161en\u00edch WEF o budoucnosti r\u016fzn\u00fdch technologi\u00ed je kladen d\u016fraz na z\u00edsk\u00e1n\u00ed \u201espr\u00e1vn\u00e9\u201c, tedy vlastn\u00ed \u201evize\u201c sm\u011brem, kter\u00fdm by se m\u011bly vyv\u00edjet, s nevyhnutelnou zm\u00ednkou o bl\u00ed\u017ee nespecifikovan\u00fdch celospole\u010densk\u00fdch. skupiny, kter\u00e9 budou dr\u017eet kl\u00ed\u010d k etick\u00fdm ot\u00e1zk\u00e1m celku.<\/p>\n<p>WEF hovo\u0159\u00ed o \u00fadajn\u00e9 dalekos\u00e1hl\u00e9 u\u017eite\u010dnosti AR v oblastech, jako je zdravotnictv\u00ed, vzd\u011bl\u00e1v\u00e1n\u00ed a profesn\u00ed \u017eivot, se z\u00e1kladn\u00ed my\u0161lenkou vytvo\u0159en\u00ed pokyn\u016f pro to, jak lze tuto obrovskou potenci\u00e1ln\u00ed moc \u201eeticky\u201c regulovat \u2013 a tedy v kone\u010dn\u00e9m d\u016fsledku kontrolovat.<\/p>\n<p>WEF naz\u00fdv\u00e1 AR a podobn\u00e9 technologie transformativn\u00ed \u2013 ale pot\u0159ebuj\u00ed \u201espr\u00e1vnou podporu, vizi a odvahu\u201c.<\/p>\n<p><iframe loading=\"lazy\" title=\"WEF Hires Millions of \u2018Info Warriors\u2019 To Delete the Internet of Alternative Views\" width=\"640\" height=\"360\" src=\"https:\/\/www.youtube.com\/embed\/RFszbyNpZEU?feature=oembed\" frameborder=\"0\" allow=\"accelerometer; autoplay; clipboard-write; encrypted-media; gyroscope; picture-in-picture\" allowfullscreen><\/iframe><\/p>\n<p>Op\u011bt nen\u00ed zcela jasn\u00e9, pro\u010d se pou\u017e\u00edv\u00e1 v\u00fdraz &#8218;odvaha&#8216;, pokud to nen\u00ed eufemismus, kter\u00fd m\u00e1 prodat n\u011bjak\u00e9 p\u011bkn\u011b pobu\u0159uj\u00edc\u00ed &#8218;vize&#8216; WEF, nap\u0159.\u00a0Nap\u0159\u00edklad nahrazen\u00ed l\u00e9k\u016f mozkov\u00fdmi implant\u00e1ty, kter\u00e9 manipuluj\u00ed s t\u011blem elektrick\u00fdmi impulsy, a propojen\u00ed nejr\u016fzn\u011bj\u0161\u00edch \u010dip\u016f, kter\u00e9 se implantuj\u00ed do lid\u00ed prost\u0159ednictv\u00edm operace, se senzory, kter\u00e9 m\u016f\u017eete naj\u00edt v k\u0159esle.<\/p>\n<p>Skupina z Davosu slibuje, \u017ee \u201ebezprobl\u00e9mov\u00e1 integrace\u201c lid\u00ed a \u017eidl\u00ed celkov\u011b zlep\u0161\u00ed kvalitu \u017eivota.<\/p>\n<p>\u201eA\u010dkoliv mohou \u010dipov\u00e9 implant\u00e1ty zn\u00edt d\u011bsiv\u011b, jsou sou\u010d\u00e1st\u00ed p\u0159irozen\u00e9ho v\u00fdvoje, kter\u00fdm nositeln\u00e1 za\u0159\u00edzen\u00ed kdysi pro\u0161la.\u00a0Sluchadla nebo br\u00fdle u\u017e nenesou stigma,\u201c p\u00ed\u0161e se v p\u0159\u00edsp\u011bvku na blogu.\u00a0\u201eJsou to dopl\u0148ky a jsou dokonce pova\u017eov\u00e1ny za m\u00f3dn\u00ed v\u011bci.\u00a0Podobn\u011b se zbo\u017e\u00edm stanou implant\u00e1ty.<\/p>\n<p>Kritici t\u011bchto trend\u016f v\u0161ak tvrd\u00ed, \u017ee jejich odm\u00edtnut\u00ed nem\u00e1 nic spole\u010dn\u00e9ho se \u201estigmatem\u201c, ale s v\u00e1\u017en\u00fdmi obavami o ob\u010dansk\u00e1 pr\u00e1va, soukrom\u00ed a samotn\u00fd koncept lidsk\u00e9 autonomie.<\/p>\n<p><iframe loading=\"lazy\" title=\"WEF Declares &#039;We Just Don\u2019t Need The Vast Majority of You&#039;\" width=\"640\" height=\"360\" src=\"https:\/\/www.youtube.com\/embed\/mZuWhF7ejHA?feature=oembed\" frameborder=\"0\" allow=\"accelerometer; autoplay; clipboard-write; encrypted-media; gyroscope; picture-in-picture\" allowfullscreen><\/iframe><\/p>\n<\/div>\n<\/div>\n<div class=\"elementor-element elementor-element-8c57238 quelle dc-has-condition dc-condition-empty elementor-widget elementor-widget-heading\" data-id=\"8c57238\" data-element_type=\"widget\" data-widget_type=\"heading.default\">\n<div class=\"elementor-widget-container\">\n<h3 class=\"elementor-heading-title elementor-size-default\"><span style=\"font-size: 8pt;\"><a href=\"https:\/\/newspunch.com\/wef-were-going-to-microchip-your-children\/\" target=\"_blank\" rel=\"nofollow noopener\">ZDROJ<\/a><\/span><\/h3>\n<\/div>\n<\/div>\n","protected":false},"excerpt":{"rendered":"<p>Sv\u011btov\u00e9 ekonomick\u00e9 f\u00f3rum (WEF) ozn\u00e1milo, \u017ee pl\u00e1nuje \u010dipov\u00e1n\u00ed d\u011bt\u00ed po cel\u00e9m sv\u011bt\u011b jako sou\u010d\u00e1st sv\u00e9ho&#8230;<\/p>\n","protected":false},"author":2,"featured_media":4176,"comment_status":"closed","ping_status":"closed","sticky":false,"template":"","format":"standard","meta":[],"categories":[7],"tags":[341,245,235,613],"_links":{"self":[{"href":"https:\/\/www.infokuryr.cz\/n\/wp-json\/wp\/v2\/posts\/13963"}],"collection":[{"href":"https:\/\/www.infokuryr.cz\/n\/wp-json\/wp\/v2\/posts"}],"about":[{"href":"https:\/\/www.infokuryr.cz\/n\/wp-json\/wp\/v2\/types\/post"}],"author":[{"embeddable":true,"href":"https:\/\/www.infokuryr.cz\/n\/wp-json\/wp\/v2\/users\/2"}],"replies":[{"embeddable":true,"href":"https:\/\/www.infokuryr.cz\/n\/wp-json\/wp\/v2\/comments?post=13963"}],"version-history":[{"count":0,"href":"https:\/\/www.infokuryr.cz\/n\/wp-json\/wp\/v2\/posts\/13963\/revisions"}],"wp:featuredmedia":[{"embeddable":true,"href":"https:\/\/www.infokuryr.cz\/n\/wp-json\/wp\/v2\/media\/4176"}],"wp:attachment":[{"href":"https:\/\/www.infokuryr.cz\/n\/wp-json\/wp\/v2\/media?parent=13963"}],"wp:term":[{"taxonomy":"category","embeddable":true,"href":"https:\/\/www.infokuryr.cz\/n\/wp-json\/wp\/v2\/categories?post=13963"},{"taxonomy":"post_tag","embeddable":true,"href":"https:\/\/www.infokuryr.cz\/n\/wp-json\/wp\/v2\/tags?post=13963"}],"curies":[{"name":"wp","href":"https:\/\/api.w.org\/{rel}","templated":true}]}}